{"id":9982,"date":"2024-08-03T13:00:00","date_gmt":"2024-08-03T16:00:00","guid":{"rendered":"https:\/\/sgvaimudar.com.br\/?p=9982"},"modified":"2024-08-03T09:18:27","modified_gmt":"2024-08-03T12:18:27","slug":"candidata-a-vice-prefeita-de-niteroi-e-esperanca-da-vela-em-paris","status":"publish","type":"post","link":"https:\/\/sgvaimudar.com.br\/index.php\/2024\/08\/03\/candidata-a-vice-prefeita-de-niteroi-e-esperanca-da-vela-em-paris\/","title":{"rendered":"Candidata a vice-prefeita de Niter\u00f3i \u00e9 esperan\u00e7a da vela em Paris"},"content":{"rendered":"\n<p>Em Paris para disputar os Jogos Ol\u00edmpicos, a candidata a vice na chapa de Rodrigo Neves para a prefeitura e velejadora niteroiense, Isabel Swan, come\u00e7a nesta sexta-feira (2\/8) a disputa por medalha ao lado de Henrique Haddad, o &#8216;Gigante&#8217;, na Classe 470 mista. Ontem (quinta, 1\/8), o vento do ver\u00e3o europeu estava fraco e as regatas do dia foram canceladas na raia ol\u00edmpica de Marselha, no sul da Fran\u00e7a.<\/p>\n\n\n\n<p id=\"viewer-17ovz239\">A exce\u00e7\u00e3o ficou por conta da Classe IQFoil (Windsurf), que definiu o grupo de 10 classificados para a fase mata-mata. Mateus Isaac, atleta do Brasil na IQFoil e campe\u00e3o dos Jogos Pan-americanos de Santiago, em 2023, acabou na 16\u00aa coloca\u00e7\u00e3o e n\u00e3o passou para a etapa seguinte.<\/p>\n\n\n\n<p id=\"viewer-iwrcc5533\"><strong>Sopro de esperan\u00e7a<\/strong><\/p>\n\n\n\n<p id=\"viewer-9822341\">Entre as mulheres da vela brasileira, Isabel Swan \u00e9 um sopro de esperan\u00e7a, depois que outra niteroiense, Martine Grael, ao lado da proeira Kahena Kunze, n\u00e3o conseguiu repetir o sucesso nas Olimp\u00edadas passadas, quando a dupla fez hist\u00f3ria conquistando o Ouro na Rio 2016 e em T\u00f3quio 2020, na Classe 49erFX.<\/p>\n\n\n\n<p id=\"viewer-wul1e1457\">Martine e Kahena se despediram da competi\u00e7\u00e3o e do p\u00f3dio nesta nesta sexta-feira (2\/8), com desempenho at\u00edpico, mas sem perder a garra. As meninas brasileiras fecharam a competi\u00e7\u00e3o com honroso quinto lugar e 112 pontos na Medal Race.<\/p>\n\n\n\n<p id=\"viewer-glgfx44\">Nas redes sociais, elas agradeceram \u00e0 torcida:<\/p>\n\n\n\n<p id=\"viewer-hasis47\">&#8220;Sabemos que demos o melhor que t\u00ednhamos durante esse \u00faltimo ciclo ol\u00edmpico e nos sentimos muito gratas por termos vivido mais essa trajet\u00f3ria\u201d, escreveram.<\/p>\n\n\n\n<p id=\"viewer-apdrj50\">Tamb\u00e9m na Classe 49erFX, outro niteroiense, Marco Grael, irm\u00e3o de Martine \u2014 ambos filhos do velejador e medalhista Torben Grael \u2014 em dupla com Gabriel Sim\u00f5es, terminou na 19\u00aa posi\u00e7\u00e3o. Fora, portanto, da classifica\u00e7\u00e3o para a regata de medalha.<\/p>\n\n\n\n<p id=\"viewer-hdbn853\">O Brasil ainda tem outros quatro barcos em Marselha. Na Classe Laser Radial feminina (ILCA 6), com Gabriella Kidd; na Classe Laser masculina (ILCA 7), com Bruno Fontes; na Classe Nacra 17, com Jo\u00e3o Siemsen e Marina Arndt, al\u00e9m da F\u00f3rmula Kite, representada por Bruno Lobo.<\/p>\n\n\n\n<p id=\"viewer-kkyzl56\"><strong>&#8216;Bel e Giga&#8217;<\/strong><\/p>\n\n\n\n<p id=\"viewer-8xqkw59\">A competi\u00e7\u00e3o na Classe 470 mista come\u00e7a nesta sexta (2\/8) e ter\u00e1 um total de dez regatas, com previs\u00e3o de duas por dia at\u00e9 a Medal Race, na pr\u00f3xima quarta-feira, dia 7 de agosto.<\/p>\n\n\n\n<p id=\"viewer-dnqy75388\">Isabel Swan e Henrique Haddad s\u00e3o atletas experientes. Filha do velejador Robert Swan, Isabel come\u00e7ou cedo a praticar o esporte nas \u00e1guas de Niter\u00f3i e passou por v\u00e1rias classes at\u00e9 chegar \u00e0 470. Em 1999, aos 15 anos, j\u00e1 disputava, como proeira do pai, o Campeonato Mundial da Classe Tornado, em B\u00fazios.<\/p>\n\n\n\n<p id=\"viewer-c4p391813\">Formada em Comunica\u00e7\u00e3o Social pela Universidade Federal Fluminense (UFF) e p\u00f3s-graduada em Gest\u00e3o de Projetos pelo Ibmec, ela foi campe\u00e3 sul-americana em 2015 e da Copa Brasil em 2016 e 2017. Na Olimp\u00edada do Rio, em 2016, chegou \u00e0 final na classe Nacra 17. O ponto alto de sua carreira como velejadora at\u00e9 agora foi em 2008, nos Jogos de Pequim, quando ganhou medalha de bronze, juntamente com a ga\u00facha Fernanda Oliveira, na Classe 470.<\/p>\n\n\n\n<p id=\"viewer-bscgw1816\">J\u00e1 Henrique Haddad disputar\u00e1 sua terceira olimp\u00edada seguida ap\u00f3s participa\u00e7\u00f5es na rio 2016 e em T\u00f3quio 2021, ao lado de Bruno Bethlem na 470 masculina.<\/p>\n\n\n\n<p id=\"viewer-dugj7445\">Desta vez, tudo \u00e9 diferente. Isabel estreia com Haddad na categoria mista, reintroduzida nestas Olimp\u00edadas depois que duplas formadas por homens e mulheres foram separadas em 1980. Antes dos Jogos de 2024, tr\u00eas edi\u00e7\u00f5es do campeonato mundial foram realizadas j\u00e1 incluindo as duplas mistas. Os mundiais re\u00fanem as principais equipes do mundo e s\u00e3o uma pr\u00e9via do que pode acontecer na raia ol\u00edmpica.<\/p>\n\n\n\n<p id=\"viewer-723lp1819\">Isabel e Henrique v\u00e3o enfrentar advers\u00e1rios que passaram pelo p\u00f3dio nestes tr\u00eas mundiais e que s\u00e3o considerados favoritos. Os atuais campe\u00f5es, os espanh\u00f3is Jordi Xammar e Nora Burgman, largam na frente e s\u00e3o fortes candidatos ao Ouro. A dupla tamb\u00e9m foi vice-campe\u00e3 em 2022 e 2023. Os japoneses Keiju Okada e Miho Yoshioka est\u00e3o firmes na briga por medalha. Eles foram os melhores no ano passado e ficaram com o terceiro lugar este ano. E tem ainda as duplas Luise Wanser e Philipp Autenrieth, da Alemanha, campe\u00f5es de 2022; e Camille Lecointre e Jeremie Mion, da Fran\u00e7a, que levam vantagem por competir em casa.<\/p>\n\n\n\n<p id=\"viewer-7iuj51822\">Enquanto concentra toda a for\u00e7a, energia e experi\u00eancia para encarar a dif\u00edcil competi\u00e7\u00e3o por um lugar no p\u00f3dio ol\u00edmpico, na pol\u00edtica, ao contr\u00e1rio, Isabel Swan navega com vento a favor e em \u00e1guas bem mais tranquilas. A chapa da qual faz parte como vice ao lado de Rodrigo Neves (PDT) \u00e9 a mais cotada para ganhar as elei\u00e7\u00f5es esse ano em Niter\u00f3i e os institutos de pesquisa apontam a possibilidade de uma vit\u00f3ria j\u00e1 em primeiro turno.<\/p>\n\n\n\n<p id=\"viewer-phaay3428\">No esporte, ela realizou recentemente uma importante conquista, por\u00e9m fora das raias. Em dezembro do ano passado, foi eleita presidente da Comiss\u00e3o de Atletas da PanAm Sports (Organiza\u00e7\u00e3o Desportiva Pan-Americana), para um mandato de quatro anos.<\/p>\n\n\n\n<p><em>Fonte: Toda Palavra<\/em>\/ <em>Mehane Albuquerque<\/em><\/p>\n","protected":false},"excerpt":{"rendered":"<p>Em Paris para disputar os Jogos Ol\u00edmpicos, a candidata a vice na chapa de Rodrigo Neves para a prefeitura e&hellip;<\/p>\n","protected":false},"author":5,"featured_media":9983,"comment_status":"open","ping_status":"open","sticky":false,"template":"","format":"standard","meta":{"fifu_image_url":"","fifu_image_alt":"","footnotes":""},"categories":[5,34],"tags":[],"class_list":["post-9982","post","type-post","status-publish","format-standard","has-post-thumbnail","hentry","category-esportes","category-niteroi"],"_links":{"self":[{"href":"https:\/\/sgvaimudar.com.br\/index.php\/wp-json\/wp\/v2\/posts\/9982","targetHints":{"allow":["GET"]}}],"collection":[{"href":"https:\/\/sgvaimudar.com.br\/index.php\/wp-json\/wp\/v2\/posts"}],"about":[{"href":"https:\/\/sgvaimudar.com.br\/index.php\/wp-json\/wp\/v2\/types\/post"}],"author":[{"embeddable":true,"href":"https:\/\/sgvaimudar.com.br\/index.php\/wp-json\/wp\/v2\/users\/5"}],"replies":[{"embeddable":true,"href":"https:\/\/sgvaimudar.com.br\/index.php\/wp-json\/wp\/v2\/comments?post=9982"}],"version-history":[{"count":1,"href":"https:\/\/sgvaimudar.com.br\/index.php\/wp-json\/wp\/v2\/posts\/9982\/revisions"}],"predecessor-version":[{"id":9984,"href":"https:\/\/sgvaimudar.com.br\/index.php\/wp-json\/wp\/v2\/posts\/9982\/revisions\/9984"}],"wp:featuredmedia":[{"embeddable":true,"href":"https:\/\/sgvaimudar.com.br\/index.php\/wp-json\/wp\/v2\/media\/9983"}],"wp:attachment":[{"href":"https:\/\/sgvaimudar.com.br\/index.php\/wp-json\/wp\/v2\/media?parent=9982"}],"wp:term":[{"taxonomy":"category","embeddable":true,"href":"https:\/\/sgvaimudar.com.br\/index.php\/wp-json\/wp\/v2\/categories?post=9982"},{"taxonomy":"post_tag","embeddable":true,"href":"https:\/\/sgvaimudar.com.br\/index.php\/wp-json\/wp\/v2\/tags?post=9982"}],"curies":[{"name":"wp","href":"https:\/\/api.w.org\/{rel}","templated":true}]}}