{"id":9978,"date":"2024-08-03T09:05:31","date_gmt":"2024-08-03T12:05:31","guid":{"rendered":"https:\/\/sgvaimudar.com.br\/?p=9978"},"modified":"2024-08-03T10:06:07","modified_gmt":"2024-08-03T13:06:07","slug":"12obpm-niteroi-marica-abre-suas-portas-para-estreitar-relacionamento-com-a-comunidade","status":"publish","type":"post","link":"https:\/\/sgvaimudar.com.br\/index.php\/2024\/08\/03\/12obpm-niteroi-marica-abre-suas-portas-para-estreitar-relacionamento-com-a-comunidade\/","title":{"rendered":"12\u00baBPM (Niter\u00f3i-Maric\u00e1) abre suas portas para estreitar relacionamento com a comunidade"},"content":{"rendered":"\n<p><em>Evento faz parte do projeto Batalh\u00f5es de Portas Abertas<\/em><\/p>\n\n\n\n<p>A Pol\u00edcia Militar do Estado do Rio de Janeiro, neste s\u00e1bado (3\/8)  vai abrir todos os batalh\u00f5es para visita\u00e7\u00e3o. O motivo \u00e9 a realiza\u00e7\u00e3o de mais uma edi\u00e7\u00e3o do Programa \u201cBatalh\u00f5es de Portas Abertas\u201d, que visa estreitar o relacionamento com a popula\u00e7\u00e3o e mostrar o trabalho nas unidades operacionais.<\/p>\n\n\n\n<p>Os eventos ser\u00e3o realizados durante o per\u00edodo da manh\u00e3. Neste encontro, v\u00e1rios servi\u00e7os ser\u00e3o oferecidos gratuitamente.<\/p>\n\n\n\n<p>O 12\u00ba Batalh\u00e3o de Pol\u00edcia Militar (BPM), que abrange os munic\u00edpios de Niter\u00f3i e Maric\u00e1, vai receber a comunidade entre oito horas e meio-dia. A programa\u00e7\u00e3o come\u00e7a \u00e0s 7h com caf\u00e9 da manh\u00e3 e ap\u00f3s ser\u00e3o realizadas diversas atividades incluindo rodas de conversa, palestras e atividades infantis educativos sobre seguran\u00e7a p\u00fablica, projetos art\u00edsticos, ecoturistas, Rugby, Jujitsu, Wrestling e Krave Mag\u00e1, servi\u00e7os odontol\u00f3gicos, al\u00e9m da divulga\u00e7\u00e3o de servi\u00e7os da PM.<\/p>\n\n\n\n<p><em>Em apura\u00e7\u00e3o&#8230;<\/em><\/p>\n\n\n\n<p><strong><em><sup>S\u00e3o Gon\u00e7alo Vai Mudar. O Maior Portal da Cidade<\/sup><\/em><\/strong><\/p>\n\n\n\n<figure class=\"wp-block-image size-full\"><img decoding=\"async\" width=\"251\" height=\"88\" src=\"https:\/\/sgvaimudar.com.br\/wp-content\/uploads\/2023\/08\/Logo.png\" alt=\"\" class=\"wp-image-2738\" \/><\/figure>\n","protected":false},"excerpt":{"rendered":"<p>Evento faz parte do projeto Batalh\u00f5es de Portas Abertas A Pol\u00edcia Militar do Estado do Rio de Janeiro, neste s\u00e1bado&hellip;<\/p>\n","protected":false},"author":5,"featured_media":9979,"comment_status":"open","ping_status":"open","sticky":false,"template":"","format":"standard","meta":{"fifu_image_url":"","fifu_image_alt":"","footnotes":""},"categories":[32,6,34],"tags":[],"class_list":["post-9978","post","type-post","status-publish","format-standard","has-post-thumbnail","hentry","category-casos-de-policia","category-entretenimento","category-niteroi"],"_links":{"self":[{"href":"https:\/\/sgvaimudar.com.br\/index.php\/wp-json\/wp\/v2\/posts\/9978","targetHints":{"allow":["GET"]}}],"collection":[{"href":"https:\/\/sgvaimudar.com.br\/index.php\/wp-json\/wp\/v2\/posts"}],"about":[{"href":"https:\/\/sgvaimudar.com.br\/index.php\/wp-json\/wp\/v2\/types\/post"}],"author":[{"embeddable":true,"href":"https:\/\/sgvaimudar.com.br\/index.php\/wp-json\/wp\/v2\/users\/5"}],"replies":[{"embeddable":true,"href":"https:\/\/sgvaimudar.com.br\/index.php\/wp-json\/wp\/v2\/comments?post=9978"}],"version-history":[{"count":3,"href":"https:\/\/sgvaimudar.com.br\/index.php\/wp-json\/wp\/v2\/posts\/9978\/revisions"}],"predecessor-version":[{"id":9999,"href":"https:\/\/sgvaimudar.com.br\/index.php\/wp-json\/wp\/v2\/posts\/9978\/revisions\/9999"}],"wp:featuredmedia":[{"embeddable":true,"href":"https:\/\/sgvaimudar.com.br\/index.php\/wp-json\/wp\/v2\/media\/9979"}],"wp:attachment":[{"href":"https:\/\/sgvaimudar.com.br\/index.php\/wp-json\/wp\/v2\/media?parent=9978"}],"wp:term":[{"taxonomy":"category","embeddable":true,"href":"https:\/\/sgvaimudar.com.br\/index.php\/wp-json\/wp\/v2\/categories?post=9978"},{"taxonomy":"post_tag","embeddable":true,"href":"https:\/\/sgvaimudar.com.br\/index.php\/wp-json\/wp\/v2\/tags?post=9978"}],"curies":[{"name":"wp","href":"https:\/\/api.w.org\/{rel}","templated":true}]}}