{"id":9935,"date":"2024-08-02T09:50:40","date_gmt":"2024-08-02T12:50:40","guid":{"rendered":"https:\/\/sgvaimudar.com.br\/?p=9935"},"modified":"2024-08-02T09:54:55","modified_gmt":"2024-08-02T12:54:55","slug":"parceria-entre-mp-e-prefeitura-gera-prejuizo-de-r-100-milhoes-a-criminosos","status":"publish","type":"post","link":"https:\/\/sgvaimudar.com.br\/index.php\/2024\/08\/02\/parceria-entre-mp-e-prefeitura-gera-prejuizo-de-r-100-milhoes-a-criminosos\/","title":{"rendered":"Parceria entre MP e prefeitura gera preju\u00edzo de R$ 100 milh\u00f5es aos milicianos"},"content":{"rendered":"\n<p><em>Diversos \u00f3rg\u00e3os municipais e as pol\u00edcias Civil e Militar t\u00eam apoiado os trabalhos<\/em><\/p>\n\n\n\n<p>A For\u00e7a Tarefa de Combate \u00e0 Ocupa\u00e7\u00e3o Irregular do Solo, em parceria entre o Minist\u00e9rio P\u00fablico do Estado do Rio de Janeiro (MPRJ) e a Prefeitura do Rio, j\u00e1 causou R$ 100 milh\u00f5es de preju\u00edzo ao crime organizado. Os dados somam \u00e0s 2 mil demoli\u00e7\u00f5es realizadas pelo governo municipal, desde 2021, avaliadas em mais de 1 bilh\u00e3o.<\/p>\n\n\n\n<p>O grupo, criado em 2021, atuou em 36 opera\u00e7\u00f5es de demoli\u00e7\u00e3o de im\u00f3veis constru\u00eddos irregularmente em \u00e1reas dominadas por organiza\u00e7\u00f5es criminosas na cidade do Rio de Janeiro. Atuam nas a\u00e7\u00f5es o Grupo de Atua\u00e7\u00e3o Especializada no Combate ao Crime Organizado (Gaeco) e a Coordenadoria de Seguran\u00e7a e Intelig\u00eancia (CSI).<\/p>\n\n\n\n<p>A estrutura tem como objetivo combater os problemas ambientais decorrentes das ocupa\u00e7\u00f5es irregulares e enfrentar a atua\u00e7\u00e3o do crime organizado, em especial em bairros das zonas oeste e norte da cidade.<\/p>\n\n\n\n<p>O procurador-geral de Justi\u00e7a, Luciano Mattos, explicou que essas essas organiza\u00e7\u00f5es criminosas usam dessa estrat\u00e9gia para se fortalecerem, formando guetos e impondo um estado paralelo. Al\u00e9m disso, esses criminosos, principalmente milicianos, utilizam a explora\u00e7\u00e3o dos servi\u00e7os e da ocupa\u00e7\u00e3o desordenada.<\/p>\n\n\n\n<p>\u201cS\u00f3 as a\u00e7\u00f5es com a nossa participa\u00e7\u00e3o geraram mais de R$ 100 milh\u00f5es de preju\u00edzo, mas os n\u00fameros da atua\u00e7\u00e3o da Secretaria de Ordem P\u00fablica passam de R$ 1 bilh\u00e3o e isso \u00e9 extremamente importante para o combate \u00e0s organiza\u00e7\u00f5es criminosas. Essa troca de informa\u00e7\u00f5es, com o mapeamento dos locais e o trabalho de intelig\u00eancia, permite um direcionamento melhor da Prefeitura e do MP\u201d, disse.<\/p>\n\n\n\n<h2 class=\"wp-block-heading\">Expans\u00e3o para Maric\u00e1<\/h2>\n\n\n\n<p>No \u00faltimo dia 12 de julho, o MPRJ realizou, com representantes da Prefeitura de Maric\u00e1, a primeira reuni\u00e3o de alinhamento ap\u00f3s o acordo de coopera\u00e7\u00e3o t\u00e9cnica firmado em maio para combater as constru\u00e7\u00f5es ilegais na cidade e inibir a a\u00e7\u00e3o de organiza\u00e7\u00f5es criminosas, nos moldes do que \u00e9 feito na cidade do Rio pela for\u00e7a-tarefa.<\/p>\n\n\n\n<p>\u201cRecentemente fizemos tamb\u00e9m uma parceria com o munic\u00edpio de Maric\u00e1, onde acreditamos que, por ser um munic\u00edpio menor, teremos resultados expressivos mais r\u00e1pidos, impedindo o avan\u00e7o de organiza\u00e7\u00f5es criminosas que estejam se instalando\u201d, complementou Luciano Mattos.<\/p>\n\n\n\n<figure class=\"wp-block-image size-full\"><img decoding=\"async\" width=\"251\" height=\"88\" src=\"https:\/\/sgvaimudar.com.br\/wp-content\/uploads\/2023\/08\/Logo.png\" alt=\"\" class=\"wp-image-2738\" \/><\/figure>\n","protected":false},"excerpt":{"rendered":"<p>Diversos \u00f3rg\u00e3os municipais e as pol\u00edcias Civil e Militar t\u00eam apoiado os trabalhos A For\u00e7a Tarefa de Combate \u00e0 Ocupa\u00e7\u00e3o&hellip;<\/p>\n","protected":false},"author":5,"featured_media":9936,"comment_status":"open","ping_status":"open","sticky":false,"template":"","format":"standard","meta":{"fifu_image_url":"","fifu_image_alt":"","footnotes":""},"categories":[32],"tags":[],"class_list":["post-9935","post","type-post","status-publish","format-standard","has-post-thumbnail","hentry","category-casos-de-policia"],"_links":{"self":[{"href":"https:\/\/sgvaimudar.com.br\/index.php\/wp-json\/wp\/v2\/posts\/9935","targetHints":{"allow":["GET"]}}],"collection":[{"href":"https:\/\/sgvaimudar.com.br\/index.php\/wp-json\/wp\/v2\/posts"}],"about":[{"href":"https:\/\/sgvaimudar.com.br\/index.php\/wp-json\/wp\/v2\/types\/post"}],"author":[{"embeddable":true,"href":"https:\/\/sgvaimudar.com.br\/index.php\/wp-json\/wp\/v2\/users\/5"}],"replies":[{"embeddable":true,"href":"https:\/\/sgvaimudar.com.br\/index.php\/wp-json\/wp\/v2\/comments?post=9935"}],"version-history":[{"count":3,"href":"https:\/\/sgvaimudar.com.br\/index.php\/wp-json\/wp\/v2\/posts\/9935\/revisions"}],"predecessor-version":[{"id":9939,"href":"https:\/\/sgvaimudar.com.br\/index.php\/wp-json\/wp\/v2\/posts\/9935\/revisions\/9939"}],"wp:featuredmedia":[{"embeddable":true,"href":"https:\/\/sgvaimudar.com.br\/index.php\/wp-json\/wp\/v2\/media\/9936"}],"wp:attachment":[{"href":"https:\/\/sgvaimudar.com.br\/index.php\/wp-json\/wp\/v2\/media?parent=9935"}],"wp:term":[{"taxonomy":"category","embeddable":true,"href":"https:\/\/sgvaimudar.com.br\/index.php\/wp-json\/wp\/v2\/categories?post=9935"},{"taxonomy":"post_tag","embeddable":true,"href":"https:\/\/sgvaimudar.com.br\/index.php\/wp-json\/wp\/v2\/tags?post=9935"}],"curies":[{"name":"wp","href":"https:\/\/api.w.org\/{rel}","templated":true}]}}