{"id":9914,"date":"2024-08-01T19:00:00","date_gmt":"2024-08-01T22:00:00","guid":{"rendered":"https:\/\/sgvaimudar.com.br\/?p=9914"},"modified":"2024-08-01T09:25:11","modified_gmt":"2024-08-01T12:25:11","slug":"caio-bonfim-fatura-prata-inedita-para-o-brasil-na-marcha-atletica","status":"publish","type":"post","link":"https:\/\/sgvaimudar.com.br\/index.php\/2024\/08\/01\/caio-bonfim-fatura-prata-inedita-para-o-brasil-na-marcha-atletica\/","title":{"rendered":"Caio Bonfim fatura prata in\u00e9dita para o Brasil na marcha atl\u00e9tica"},"content":{"rendered":"\n<p><em>Atleta brasiliense se manteve no pelot\u00e3o da frente desde o in\u00edcio<\/em><\/p>\n\n\n\n<p>Na primeira prova do atletismo nos Jogos Ol\u00edmpicos de Paris, o brasileiro Caio Bonfim faturou\u00a0a medalha de prata na marcha atl\u00e9tica. Foi a primeira conquista do atleta de 33 anos, que faz a quarta participa\u00e7\u00e3o ol\u00edmpica.<\/p>\n\n\n\n<figure class=\"wp-block-embed is-type-rich is-provider-twitter wp-block-embed-twitter\"><div class=\"wp-block-embed__wrapper\">\n<blockquote class=\"twitter-tweet\" data-width=\"550\" data-dnt=\"true\"><p lang=\"ca\" dir=\"ltr\">PERSEVERAN\u00c7A.<a href=\"https:\/\/twitter.com\/hashtag\/TimeBrasil?src=hash&amp;ref_src=twsrc%5Etfw\">#TimeBrasil<\/a> <a href=\"https:\/\/twitter.com\/hashtag\/JogosOl%C3%ADmpicos?src=hash&amp;ref_src=twsrc%5Etfw\">#JogosOl\u00edmpicos<\/a> <a href=\"https:\/\/twitter.com\/hashtag\/Paris2024?src=hash&amp;ref_src=twsrc%5Etfw\">#Paris2024<\/a> <a href=\"https:\/\/t.co\/OLtJJyjbte\">pic.twitter.com\/OLtJJyjbte<\/a><\/p>&mdash; Time Brasil (@timebrasil) <a href=\"https:\/\/twitter.com\/timebrasil\/status\/1818918726915277118?ref_src=twsrc%5Etfw\">August 1, 2024<\/a><\/blockquote><script async src=\"https:\/\/platform.twitter.com\/widgets.js\" charset=\"utf-8\"><\/script>\n<\/div><\/figure>\n\n\n\n<p>Os 49 atletas largaram \u00e0s 8h, no hor\u00e1rio da Fran\u00e7a (3h no hor\u00e1rio de Bras\u00edlia),&nbsp;para o percurso de 20 quil\u00f4metros pelas ruas da capital francesa. Desde o in\u00edcio da prova Caio se manteve entre os primeiros colocados, junto ao pelot\u00e3o principal. O brasileiro chegou a liderar por alguns quil\u00f4metros, mas na \u00faltima volta o equatoriano Brian Pintado fez a ultrapassagem e se desgarrou na frente. Pintado venceu com o tempo de 1h18min55. Mesmo com duas puni\u00e7\u00f5es, Caio se manteve entre os primeiros e cruzou a linha de chegada em 1h19min09. O espanhol Alvaro Martin (1h19min11) foi bronze.&nbsp;A cerim\u00f4nia de entrega das medalhas ser\u00e1 amanh\u00e3 (2), no Stade de France, palco das principais competi\u00e7\u00f5es de atletismo.<\/p>\n\n\n\n<p>Outros dois brasileiros participaram dos 20km da marcha atl\u00e9tica. Max Batista foi o 28\u00ba colocado e Matheus Correa terminou em 39\u00ba lugar.<\/p>\n\n\n\n<p>Caio Bonfim j\u00e1 havia se aproximado da medalha nos Jogos Rio 2016, quando terminou a prova da marcha na quarta posi\u00e7\u00e3o, at\u00e9 ent\u00e3o o melhor resultado para o Brasil na prova. Em Londres (2012), sua estreia ol\u00edmpica, ele passou mal e n\u00e3o completou o percurso. E em T\u00f3quio (2021), o brasiliense terminou na 13\u00aa coloca\u00e7\u00e3o. O marchador tamb\u00e9m tem no curr\u00edculo duas medalhas de bronze em mundiais de atletismo (2017 e 2023), al\u00e9m de tr\u00eas medalhas na prova individual em Jogos Pan-Americanos (prata em 2019 e 2023, bronze em 2013). receber a medalha de prata<\/p>\n\n\n\n<p>O p\u00f3dio ol\u00edmpico coroa o trabalho de uma vida inteira dedicada \u00e0 marcha atl\u00e9tica. Caio come\u00e7ou no esporte muito cedo, inspirado pela m\u00e3e, Gianetti Sena Bonfim, que era atleta da modalidade e se tornou sua treinadora. O pai, Jo\u00e3o Bonfim, tamb\u00e9m \u00e9 t\u00e9cnico de marcha atl\u00e9tica. A fam\u00edlia Bonfim \u00e9 respons\u00e1vel pelo Centro de Atletismo de Sobradinho, projeto social que forma novos atletas no Distrito Federal.<\/p>\n\n\n\n<p>\u201cTodo mundo que um dia viu a marcha disse \u2018isso \u00e9 estranho\u2019. Para mim era normal, minha m\u00e3e fazia marcha. Ela fez \u00edndice para Atlanta-1996, teve umas mudan\u00e7as de crit\u00e9rios e ela n\u00e3o foi. Quando eu fui pra Londres eu falei pra ela: \u2018quem disse que voc\u00ea n\u00e3o foi para uma Olimp\u00edada?\u2019. E hoje na nossa quarta Olimp\u00edada eu posso virar para minha m\u00e3e e falar: \u2018N\u00f3s somos medalhistas ol\u00edmpicos, n\u00f3s somos medalhistas ol\u00edmpicos\u201d, disse Caio Bonfim.<\/p>\n\n\n\n<h2 class=\"wp-block-heading\">Prova feminina<\/h2>\n\n\n\n<p>A competi\u00e7\u00e3o feminina da marcha atl\u00e9tica tamb\u00e9m foi disputada hoje, com a participa\u00e7\u00e3o de 45 atletas. As brasileiras n\u00e3o conseguiram medalhas. A melhor colocada foi Erica Sena, que terminou na 13\u00aa posi\u00e7\u00e3o. Viviane Lyra cruzou a linha de chegada na 18\u00aa coloca\u00e7\u00e3o. O ouro foi para chinesa Jiayu Yang, com o tempo de 1h21min47. A prata ficou com a espanhola Maria Perez e o bronze com a australiana Jemima Montag.<\/p>\n\n\n\n<p>Na quarta-feira (7) ocorrer\u00e1 o revezamento misto da marcha atl\u00e9tica, competi\u00e7\u00e3o que aparece pela primeira vez no programa dos Jogos Ol\u00edmpicos. Na prova, um homem e uma mulher se alternam em percurso de 10km de marcha, totalizando no final 42,195 km, a dist\u00e2ncia de uma maratona. O Brasil ser\u00e1 representado por Caio Bonfim e Viviane Lyra.<\/p>\n\n\n\n<figure class=\"wp-block-image size-full\"><img decoding=\"async\" width=\"251\" height=\"88\" src=\"https:\/\/sgvaimudar.com.br\/wp-content\/uploads\/2023\/08\/Logo.png\" alt=\"\" class=\"wp-image-2738\" \/><\/figure>\n\n\n\n<figure class=\"wp-block-image\"><img decoding=\"async\" src=\"https:\/\/agenciabrasil.ebc.com.br\/ebc.png?id=1606199&amp;o=node\" alt=\"\" \/><\/figure>\n\n\n\n<figure class=\"wp-block-image is-resized\"><img decoding=\"async\" src=\"https:\/\/agenciabrasil.ebc.com.br\/ebc.gif?id=1606199&amp;o=node\" alt=\"\" style=\"aspect-ratio:1;width:693px;height:auto\" \/><\/figure>\n","protected":false},"excerpt":{"rendered":"<p>Atleta brasiliense se manteve no pelot\u00e3o da frente desde o in\u00edcio Na primeira prova do atletismo nos Jogos Ol\u00edmpicos de&hellip;<\/p>\n","protected":false},"author":5,"featured_media":9915,"comment_status":"open","ping_status":"open","sticky":false,"template":"","format":"standard","meta":{"fifu_image_url":"","fifu_image_alt":"","footnotes":""},"categories":[5],"tags":[],"class_list":["post-9914","post","type-post","status-publish","format-standard","has-post-thumbnail","hentry","category-esportes"],"_links":{"self":[{"href":"https:\/\/sgvaimudar.com.br\/index.php\/wp-json\/wp\/v2\/posts\/9914","targetHints":{"allow":["GET"]}}],"collection":[{"href":"https:\/\/sgvaimudar.com.br\/index.php\/wp-json\/wp\/v2\/posts"}],"about":[{"href":"https:\/\/sgvaimudar.com.br\/index.php\/wp-json\/wp\/v2\/types\/post"}],"author":[{"embeddable":true,"href":"https:\/\/sgvaimudar.com.br\/index.php\/wp-json\/wp\/v2\/users\/5"}],"replies":[{"embeddable":true,"href":"https:\/\/sgvaimudar.com.br\/index.php\/wp-json\/wp\/v2\/comments?post=9914"}],"version-history":[{"count":1,"href":"https:\/\/sgvaimudar.com.br\/index.php\/wp-json\/wp\/v2\/posts\/9914\/revisions"}],"predecessor-version":[{"id":9916,"href":"https:\/\/sgvaimudar.com.br\/index.php\/wp-json\/wp\/v2\/posts\/9914\/revisions\/9916"}],"wp:featuredmedia":[{"embeddable":true,"href":"https:\/\/sgvaimudar.com.br\/index.php\/wp-json\/wp\/v2\/media\/9915"}],"wp:attachment":[{"href":"https:\/\/sgvaimudar.com.br\/index.php\/wp-json\/wp\/v2\/media?parent=9914"}],"wp:term":[{"taxonomy":"category","embeddable":true,"href":"https:\/\/sgvaimudar.com.br\/index.php\/wp-json\/wp\/v2\/categories?post=9914"},{"taxonomy":"post_tag","embeddable":true,"href":"https:\/\/sgvaimudar.com.br\/index.php\/wp-json\/wp\/v2\/tags?post=9914"}],"curies":[{"name":"wp","href":"https:\/\/api.w.org\/{rel}","templated":true}]}}