{"id":9900,"date":"2024-08-01T11:00:00","date_gmt":"2024-08-01T14:00:00","guid":{"rendered":"https:\/\/sgvaimudar.com.br\/?p=9900"},"modified":"2024-08-01T08:26:24","modified_gmt":"2024-08-01T11:26:24","slug":"atleta-goncalense-brilha-em-campeonato-internacional-realizado-em-sao-paulo","status":"publish","type":"post","link":"https:\/\/sgvaimudar.com.br\/index.php\/2024\/08\/01\/atleta-goncalense-brilha-em-campeonato-internacional-realizado-em-sao-paulo\/","title":{"rendered":"Atleta gon\u00e7alense brilha em Campeonato Internacional realizado em S\u00e3o Paulo"},"content":{"rendered":"\n<p><em>O faixa amarela \u00e9 aluno do Projeto S\u00e3o Gon\u00e7alo em Movimento<\/em><\/p>\n\n\n\n<p>O jovem atleta Miguel Passos, de 14 anos, morador do bairro Brasil\u00e2ndia Coroado em S\u00e3o Gon\u00e7alo, brilhou no Campeonato Internacional da Confedera\u00e7\u00e3o Brasileira de Jiu-Jitsu Esportivo, realizado no Gin\u00e1sio de Barueri, em S\u00e3o Paulo. Faixa amarela e aluno da Equipe Kair\u00f3s de jiu-jitsu e do Projeto S\u00e3o Gon\u00e7alo em Movimento, Miguel sagrou-se campe\u00e3o, trazendo a medalha de ouro para a nossa cidade.<\/p>\n\n\n\n<p>Com o apoio da fam\u00edlia e amigos, Miguel conseguiu arrecadar fundos para pagar as passagens dele e de sua m\u00e3e para participar da competi\u00e7\u00e3o. Em uma jornada marcada por muita determina\u00e7\u00e3o, ele venceu duas lutas dur\u00edssimas: a primeira por finaliza\u00e7\u00e3o e a segunda por pontos.<\/p>\n\n\n\n<p>Miguel \u00e9 aluno do professor Pit, que sempre acompanha seus alunos em diversas competi\u00e7\u00f5es. Ao longo deste ano, Miguel vem surpreendendo ao vencer todos os campeonatos em que competiu.<\/p>\n\n\n\n<p>Em agosto, Miguel disputar\u00e1 o Campeonato Mundial da Confedera\u00e7\u00e3o Brasileira de Jiu-Jitsu Ol\u00edmpico. O campe\u00e3o busca apoio e patroc\u00ednios para continuar sua trajet\u00f3ria de sucesso e trazer mais alegrias para S\u00e3o Gon\u00e7alo.<\/p>\n\n\n\n<figure class=\"wp-block-image size-full\"><img decoding=\"async\" width=\"251\" height=\"88\" src=\"https:\/\/sgvaimudar.com.br\/wp-content\/uploads\/2023\/08\/Logo.png\" alt=\"\" class=\"wp-image-2738\" \/><\/figure>\n","protected":false},"excerpt":{"rendered":"<p>O faixa amarela \u00e9 aluno do Projeto S\u00e3o Gon\u00e7alo em Movimento O jovem atleta Miguel Passos, de 14 anos, morador&hellip;<\/p>\n","protected":false},"author":5,"featured_media":9901,"comment_status":"open","ping_status":"open","sticky":false,"template":"","format":"standard","meta":{"fifu_image_url":"","fifu_image_alt":"","footnotes":""},"categories":[5],"tags":[],"class_list":["post-9900","post","type-post","status-publish","format-standard","has-post-thumbnail","hentry","category-esportes"],"_links":{"self":[{"href":"https:\/\/sgvaimudar.com.br\/index.php\/wp-json\/wp\/v2\/posts\/9900","targetHints":{"allow":["GET"]}}],"collection":[{"href":"https:\/\/sgvaimudar.com.br\/index.php\/wp-json\/wp\/v2\/posts"}],"about":[{"href":"https:\/\/sgvaimudar.com.br\/index.php\/wp-json\/wp\/v2\/types\/post"}],"author":[{"embeddable":true,"href":"https:\/\/sgvaimudar.com.br\/index.php\/wp-json\/wp\/v2\/users\/5"}],"replies":[{"embeddable":true,"href":"https:\/\/sgvaimudar.com.br\/index.php\/wp-json\/wp\/v2\/comments?post=9900"}],"version-history":[{"count":1,"href":"https:\/\/sgvaimudar.com.br\/index.php\/wp-json\/wp\/v2\/posts\/9900\/revisions"}],"predecessor-version":[{"id":9902,"href":"https:\/\/sgvaimudar.com.br\/index.php\/wp-json\/wp\/v2\/posts\/9900\/revisions\/9902"}],"wp:featuredmedia":[{"embeddable":true,"href":"https:\/\/sgvaimudar.com.br\/index.php\/wp-json\/wp\/v2\/media\/9901"}],"wp:attachment":[{"href":"https:\/\/sgvaimudar.com.br\/index.php\/wp-json\/wp\/v2\/media?parent=9900"}],"wp:term":[{"taxonomy":"category","embeddable":true,"href":"https:\/\/sgvaimudar.com.br\/index.php\/wp-json\/wp\/v2\/categories?post=9900"},{"taxonomy":"post_tag","embeddable":true,"href":"https:\/\/sgvaimudar.com.br\/index.php\/wp-json\/wp\/v2\/tags?post=9900"}],"curies":[{"name":"wp","href":"https:\/\/api.w.org\/{rel}","templated":true}]}}