{"id":9864,"date":"2024-07-31T15:00:00","date_gmt":"2024-07-31T18:00:00","guid":{"rendered":"https:\/\/sgvaimudar.com.br\/?p=9864"},"modified":"2024-07-31T09:45:31","modified_gmt":"2024-07-31T12:45:31","slug":"ismail-haniyeh-lider-do-hamas-e-assassinado-em-teera","status":"publish","type":"post","link":"https:\/\/sgvaimudar.com.br\/index.php\/2024\/07\/31\/ismail-haniyeh-lider-do-hamas-e-assassinado-em-teera\/","title":{"rendered":"Ismail Haniyeh, l\u00edder do Hamas, \u00e9 assassinado em Teer\u00e3"},"content":{"rendered":"\n<p><em>Segundo a Guarda Revolucion\u00e1ria do Ir\u00e3, ataque contra a resid\u00eancia do pol\u00edtico tamb\u00e9m matou um de seus seguran\u00e7as<\/em><\/p>\n\n\n\n<p>O l\u00edder do Hamas, Ismail Haniyeh, morreu em Teer\u00e3, anunciaram nesta quarta-feira (31) a Guarda Revolucion\u00e1ria do Ir\u00e3 e o movimento islamista palestino.<\/p>\n\n\n\n<p>O Hamas trava desde outubro de 2023 uma guerra contra Israel na Faixa de Gaza, um territ\u00f3rio que governa desde 2007, desencadeada pelo ataque sem precedentes de seus combatentes contra o sul do territ\u00f3rio israelense.<\/p>\n\n\n\n<p>&#8220;O irm\u00e3o, o l\u00edder, o mujahedin Ismail Haniyeh, l\u00edder do movimento, morreu em um ataque sionista contra sua resid\u00eancia em Teer\u00e3 depois de comparecer \u00e0 cerim\u00f4nia de posse do novo presidente iraniano&#8221;, afirmou o movimento palestino em um comunicado.<\/p>\n\n\n\n<p>No ex\u00edlio entre a Turquia e o Catar, o l\u00edder do grupo islamista, 61 anos, viajou para Teer\u00e3 para assistir na ter\u00e7a-feira \u00e0 cerim\u00f4nia de posse do novo presidente do Ir\u00e3, Masud Pezeshkian.<\/p>\n\n\n\n<p>&#8220;A Rep\u00fablica Isl\u00e2mica do Ir\u00e3 defender\u00e1 sua integridade territorial, sua honra, seu orgulho e sua dignidade, e far\u00e1 com que os terroristas invasores lamentem sua a\u00e7\u00e3o covarde&#8221;, escreveu Pezeshkian na rede social X, em uma mensagem na qual chamou Haniyeh de &#8220;l\u00edder corajoso&#8221;.<\/p>\n\n\n\n<p>A Guarda Revolucion\u00e1ria do Ir\u00e3 afirmou em um comunicado que o ataque contra a resid\u00eancia matou Haniyeh e um de seus seguran\u00e7as.<\/p>\n\n\n\n<p>A origem do ataque ainda n\u00e3o foi determinada, mas est\u00e1 sendo investigada, acrescentou a for\u00e7a de seguran\u00e7a em um comunicado. Segundo a ag\u00eancia de not\u00edcias Fars, Hanueyh foi &#8220;assassinado por um proj\u00e9til a\u00e9reo&#8221;. O Ex\u00e9rcito israelense n\u00e3o comentou as not\u00edcias sobre a morte do l\u00edder do Hamas.<\/p>\n\n\n\n<p><strong>&#8216;Grave escalada&#8217;<\/strong><\/p>\n\n\n\n<p>Muitos pa\u00edses, incluindo Turquia, China, R\u00fassia e Catar (que atua como mediador nas negocia\u00e7\u00f5es para um cessar-fogo em Gaza), condenaram o assassinato e alertaram para o risco de agravamento e propaga\u00e7\u00e3o do conflito.<\/p>\n\n\n\n<p>O assassinato &#8220;pode mergulhar a regi\u00e3o no caos e minar as possibilidades de paz&#8221;, adverte um comunicado do Minist\u00e9rio das Rela\u00e7\u00f5es Exteriores do Catar, que abriga a lideran\u00e7a pol\u00edtica do grupo palestino.<\/p>\n\n\n\n<p>&#8220;Este ataque tamb\u00e9m pretende ampliar guerra em Gaza a uma dimens\u00e3o regional&#8221;, afirmou a diplomacia turca em um comunicado, que condena o &#8220;assassinato desprez\u00edvel&#8221;.<\/p>\n\n\n\n<p>Um membro do gabinete pol\u00edtico do Hamas, Musa Abu Marzuk, declarou que o &#8220;assassinato do l\u00edder Ismail Haniyeh \u00e9 um ato de covardia e n\u00e3o ficar\u00e1 impune&#8221;.<\/p>\n\n\n\n<p>O presidente da Autoridade Palestina e em muitos momentos rival do Hamas, Mahmud Abbas, pediu aos palestinos que permane\u00e7am &#8220;unidos, mantenham paci\u00eancia e sigam firmes contra a ocupa\u00e7\u00e3o israelense&#8221;.<\/p>\n\n\n\n<p>Considerado um pragm\u00e1tico dentro do Hamas, Haniyeh mantinha boas rela\u00e7\u00f5es com as diversas fac\u00e7\u00f5es palestinas, at\u00e9 mesmo com seus rivais.<\/p>\n\n\n\n<p>Ap\u00f3s o an\u00fancio de sua morte, as v\u00e1rias fac\u00e7\u00f5es palestinas convocaram uma greve genal e protestos &#8220;contra o assassinato do grande l\u00edder nacional Ismail Haniyeh, que \u00e9 parte do terrorismo de Estado sionista e sua guerra de exterm\u00ednio&#8221;.<\/p>\n\n\n\n<p>O primeiro-ministro israelense, Benjamin Netanyahu, prometeu aniquilar o Hamas e resgatar todos os ref\u00e9ns sequestrados no ataque de 7 de outubro que provocou a atual guerra em Gaza.<\/p>\n\n\n\n<p>O ataque dos milicianos islamistas matou 1.197 pessoas, a maioria civis, no sul de Israel, segundo uma contagem da AFP baseada em dados oficiais israelenses. O Hamas tamb\u00e9m sequestrou 251 pessoas.<\/p>\n\n\n\n<p>O Ex\u00e9rcito acredita que 111 permanecem em cativeiro em Gaza, incluindo 39 que teriam sido mortas.\u00a0A campanha militar de repres\u00e1lia de Israel em Gaza matou pelo menos 39.400 pessoas, segundo o Minist\u00e9rio da Sa\u00fade do governo do Hamas.<\/p>\n\n\n\n<p><strong>Desde o in\u00edcio do Hamas\u00a0<\/strong><\/p>\n\n\n\n<p>Filho de uma fam\u00edlia que fugiu para Gaza quando o Estado de Israel foi criado, Haniyeh entrou para o Hamas no momento de sua funda\u00e7\u00e3o em 1987, coincidindo com a primeira Intifada.<\/p>\n\n\n\n<p>Ele assumiu a lideran\u00e7a pol\u00edtica do grupo em 2017, mas j\u00e1 havia sido primeiro-ministro palestino ap\u00f3s a vit\u00f3ria do movimento islamista nas elei\u00e7\u00f5es parlamentares de 2006.<\/p>\n\n\n\n<p>Desde a Revolu\u00e7\u00e3o Isl\u00e2mica de 1979, o Ir\u00e3 tornou o apoio \u00e0 causa palestina em um n\u00facleo fundamental de sua pol\u00edtica externa.<\/p>\n\n\n\n<p>As autoridades iranianas celebraram o ataque de 7 de outubro do Hamas contra Israel, mas negaram qualquer envolvimento do pa\u00eds.<\/p>\n\n\n\n<p>O movimento palestino faz parte do &#8220;eixo da resist\u00eancia&#8221;, um conjunto de grupos alinhados com Teer\u00e3, como o Hezbollah liban\u00eas ou os rebeldes huthis do I\u00eamen.<\/p>\n\n\n\n<p>As hostilidades entre os movimentos pr\u00f3-Ir\u00e3 e Israel aumentaram desde o in\u00edcio da guerra em Gaza, com disparos constantes na fronteira entre o norte de Israel e o L\u00edbano ou ataques dos huthis contra cidades israelenses.<\/p>\n\n\n\n<p>Na ter\u00e7a-feira, o Ex\u00e9rcito israelense atacou um reduto do Hezbollah no sul de Beirute e matou um comandante do grupo, ao qual atribuiu um ataque no fim de semana contra as Colinas de Gola ocupadas por Israel.<\/p>\n\n\n\n<p>O Hezbollah confirmou nesta quarta-feira que seu comandante militar, Fuad Shukr, estava no edif\u00edcio atacado por Israel, mas n\u00e3o mencionou sua morte.<\/p>\n\n\n\n<p><em>Fonte: CNN<\/em><\/p>\n\n\n\n<figure class=\"wp-block-image size-full\"><img decoding=\"async\" width=\"251\" height=\"88\" src=\"https:\/\/sgvaimudar.com.br\/wp-content\/uploads\/2023\/08\/Logo.png\" alt=\"\" class=\"wp-image-2738\" \/><\/figure>\n","protected":false},"excerpt":{"rendered":"<p>Segundo a Guarda Revolucion\u00e1ria do Ir\u00e3, ataque contra a resid\u00eancia do pol\u00edtico tamb\u00e9m matou um de seus seguran\u00e7as O l\u00edder&hellip;<\/p>\n","protected":false},"author":5,"featured_media":9865,"comment_status":"open","ping_status":"open","sticky":false,"template":"","format":"standard","meta":{"fifu_image_url":"","fifu_image_alt":"","footnotes":""},"categories":[1],"tags":[],"class_list":["post-9864","post","type-post","status-publish","format-standard","has-post-thumbnail","hentry","category-mundo"],"_links":{"self":[{"href":"https:\/\/sgvaimudar.com.br\/index.php\/wp-json\/wp\/v2\/posts\/9864","targetHints":{"allow":["GET"]}}],"collection":[{"href":"https:\/\/sgvaimudar.com.br\/index.php\/wp-json\/wp\/v2\/posts"}],"about":[{"href":"https:\/\/sgvaimudar.com.br\/index.php\/wp-json\/wp\/v2\/types\/post"}],"author":[{"embeddable":true,"href":"https:\/\/sgvaimudar.com.br\/index.php\/wp-json\/wp\/v2\/users\/5"}],"replies":[{"embeddable":true,"href":"https:\/\/sgvaimudar.com.br\/index.php\/wp-json\/wp\/v2\/comments?post=9864"}],"version-history":[{"count":1,"href":"https:\/\/sgvaimudar.com.br\/index.php\/wp-json\/wp\/v2\/posts\/9864\/revisions"}],"predecessor-version":[{"id":9866,"href":"https:\/\/sgvaimudar.com.br\/index.php\/wp-json\/wp\/v2\/posts\/9864\/revisions\/9866"}],"wp:featuredmedia":[{"embeddable":true,"href":"https:\/\/sgvaimudar.com.br\/index.php\/wp-json\/wp\/v2\/media\/9865"}],"wp:attachment":[{"href":"https:\/\/sgvaimudar.com.br\/index.php\/wp-json\/wp\/v2\/media?parent=9864"}],"wp:term":[{"taxonomy":"category","embeddable":true,"href":"https:\/\/sgvaimudar.com.br\/index.php\/wp-json\/wp\/v2\/categories?post=9864"},{"taxonomy":"post_tag","embeddable":true,"href":"https:\/\/sgvaimudar.com.br\/index.php\/wp-json\/wp\/v2\/tags?post=9864"}],"curies":[{"name":"wp","href":"https:\/\/api.w.org\/{rel}","templated":true}]}}