{"id":9836,"date":"2024-07-31T08:24:26","date_gmt":"2024-07-31T11:24:26","guid":{"rendered":"https:\/\/sgvaimudar.com.br\/?p=9836"},"modified":"2024-07-31T08:26:48","modified_gmt":"2024-07-31T11:26:48","slug":"agetransp-aprova-reajuste-no-valor-do-pedagio-da-via-lagos-e-rj-116","status":"publish","type":"post","link":"https:\/\/sgvaimudar.com.br\/index.php\/2024\/07\/31\/agetransp-aprova-reajuste-no-valor-do-pedagio-da-via-lagos-e-rj-116\/","title":{"rendered":"Agetransp aprova reajuste no valor do ped\u00e1gio da Via Lagos e RJ-116\u00a0"},"content":{"rendered":"\n<p><em>Taxas v\u00e3o aumentar a partir desta quinta-feira (1\u00ba)<\/em><\/p>\n\n\n\n<p>O\u00a0valor do ped\u00e1gio para as rodovias\u00a0RJ-124\/ Via Lagos\u00a0(Rio Bonito \u2013 Araruama \u2013 S\u00e3o Pedro d\u2019Aldeia e\u00a0RJ<strong>&#8211;<\/strong>116\u00a0(Itabora\u00ed \u2013 Nova Friburgo \u2013 Macuco) v\u00e3o aumentar a partir desta quinta-feira (1\u00ba). O reajuste foi aprovado pela\u00a0Ag\u00eancia Reguladora de Servi\u00e7os P\u00fablicos Concedidos de Transportes Aquavi\u00e1rios, Ferrovi\u00e1rios, Metrovi\u00e1rios e de Rodovias do Estado do Rio de Janeiro (Agetransp).<\/p>\n\n\n\n<p>Sobre a rodovia RJ-124, a ag\u00eancia reguladora homologou o reajuste de 5,23% para a Tarifa B\u00e1sica de Ped\u00e1gio (TBP) e para a Tarifa B\u00e1sica de Ped\u00e1gio com Adicional (TBA).\u00a0Desta forma a concession\u00e1ria CCR Via Lagos deve reajustar a Tarifa B\u00e1sica de Ped\u00e1gio dos atuais R$ 17,20 para R$ 18,10, v\u00e1lida para o per\u00edodo compreendido entre 12h de segunda e 12h de sexta-feira. E a Tarifa B\u00e1sica de Ped\u00e1gio com Adicional, praticada entre 12h de sexta e 12h de segunda-feira, dos atuais R$ 28,70 para R$ 30,20.<\/p>\n\n\n\n<p>J\u00e1 em rela\u00e7\u00e3o \u00e0 rodovia RJ-116, o Conselho Diretor decidiu homologar o reajuste anual de 5,81%. A concession\u00e1ria Rota 116 fica autorizada a reajustar a tarifa dos atuais R$ 8,60 para R$ 9,10.&nbsp;A altera\u00e7\u00e3o dos valores estava prevista no contrato de concess\u00e3o.<\/p>\n\n\n\n<p>Segundo a Agetransp, o \u00edndice de reajuste na Via Lagos se refere \u00e0 varia\u00e7\u00e3o de uma cesta composta por \u00edndices do Custo Nacional da Constru\u00e7\u00e3o Civil e de Obras P\u00fablicas, da Funda\u00e7\u00e3o Get\u00falio Vargas (FGV), relativos ao Reajustamento de Obras Rodovi\u00e1rias no per\u00edodo compreendido entre agosto de 2023 e agosto de 2024, sendo os \u00edndices dos tr\u00eas \u00faltimos meses projetados.<\/p>\n\n\n\n<p>J\u00e1 o reajuste na RJ-116 \u00e9 referente a uma cesta composta por \u00edndices do Custo Nacional da Constru\u00e7\u00e3o Civil, de Reajustamento de Obras Rodovi\u00e1rias e pelo \u00cdndice de Pre\u00e7os ao Consumidor (IPC), medidos pela Funda\u00e7\u00e3o Get\u00falio Vargas (FGV), no per\u00edodo compreendido entre os meses de junho de 2023 e junho de 2024.\u00a0<\/p>\n\n\n\n<p><strong>Multa para o Metr\u00f4 Rio e&nbsp;recurso negado \u00e0 Supervia<\/strong><\/p>\n\n\n\n<p>O Conselho Diretor da Agetransp decidiu multar a concession\u00e1ria Metr\u00f4 Rio no valor de R$ 820.574,27. A penalidade foi aplicada porque a empresa n\u00e3o atingiu a meta estabelecida na Pesquisa de Avalia\u00e7\u00e3o dos Servi\u00e7os (IQS), realizada pelo Ibope &#8211; atual Ipec. O \u00edndice se refere a levantamento realizado nas linhas 1 e 2. A pesquisa conferiu a nota m\u00e9dia de 7,92, enquanto o \u00edndice fixado era de 8,20 como patamar m\u00ednimo.<\/p>\n\n\n\n<p>O Conselho Diretor tamb\u00e9m manteve duas multas, uma para a SuperVia e outra para o Metr\u00f4, negando os recursos das concession\u00e1rias.<\/p>\n\n\n\n<p>A multa da SuperVia, no valor de R$ 2,2 milh\u00f5es, se refere a um processo de 2022, quando ficou comprovado que a concession\u00e1ria deixou de reformar e adequar \u00e0 acessibilidade 48 esta\u00e7\u00f5es ferrovi\u00e1rias, al\u00e9m de n\u00e3o construir novos p\u00e1tios e de n\u00e3o duplicar o trecho Gramacho-Saracuruna.<\/p>\n\n\n\n<p>O recurso negado ao Metr\u00f4 Rio se refere \u00e0 constata\u00e7\u00e3o de que o elevador da esta\u00e7\u00e3o Pavuna ficou desligado de 20 de abril de 2022 at\u00e9 17 de agosto de 2022, comprometendo a acessibilidade de passageiros. A multa aplicada mantida foi no valor de R$ 105.319,03.<\/p>\n\n\n\n<figure class=\"wp-block-image size-full\"><img decoding=\"async\" width=\"251\" height=\"88\" src=\"https:\/\/sgvaimudar.com.br\/wp-content\/uploads\/2023\/08\/Logo.png\" alt=\"\" class=\"wp-image-2738\" \/><\/figure>\n","protected":false},"excerpt":{"rendered":"<p>Taxas v\u00e3o aumentar a partir desta quinta-feira (1\u00ba) O\u00a0valor do ped\u00e1gio para as rodovias\u00a0RJ-124\/ Via Lagos\u00a0(Rio Bonito \u2013 Araruama \u2013&hellip;<\/p>\n","protected":false},"author":5,"featured_media":9839,"comment_status":"open","ping_status":"open","sticky":false,"template":"","format":"standard","meta":{"fifu_image_url":"","fifu_image_alt":"","footnotes":""},"categories":[4],"tags":[],"class_list":["post-9836","post","type-post","status-publish","format-standard","has-post-thumbnail","hentry","category-brasil"],"_links":{"self":[{"href":"https:\/\/sgvaimudar.com.br\/index.php\/wp-json\/wp\/v2\/posts\/9836","targetHints":{"allow":["GET"]}}],"collection":[{"href":"https:\/\/sgvaimudar.com.br\/index.php\/wp-json\/wp\/v2\/posts"}],"about":[{"href":"https:\/\/sgvaimudar.com.br\/index.php\/wp-json\/wp\/v2\/types\/post"}],"author":[{"embeddable":true,"href":"https:\/\/sgvaimudar.com.br\/index.php\/wp-json\/wp\/v2\/users\/5"}],"replies":[{"embeddable":true,"href":"https:\/\/sgvaimudar.com.br\/index.php\/wp-json\/wp\/v2\/comments?post=9836"}],"version-history":[{"count":3,"href":"https:\/\/sgvaimudar.com.br\/index.php\/wp-json\/wp\/v2\/posts\/9836\/revisions"}],"predecessor-version":[{"id":9843,"href":"https:\/\/sgvaimudar.com.br\/index.php\/wp-json\/wp\/v2\/posts\/9836\/revisions\/9843"}],"wp:featuredmedia":[{"embeddable":true,"href":"https:\/\/sgvaimudar.com.br\/index.php\/wp-json\/wp\/v2\/media\/9839"}],"wp:attachment":[{"href":"https:\/\/sgvaimudar.com.br\/index.php\/wp-json\/wp\/v2\/media?parent=9836"}],"wp:term":[{"taxonomy":"category","embeddable":true,"href":"https:\/\/sgvaimudar.com.br\/index.php\/wp-json\/wp\/v2\/categories?post=9836"},{"taxonomy":"post_tag","embeddable":true,"href":"https:\/\/sgvaimudar.com.br\/index.php\/wp-json\/wp\/v2\/tags?post=9836"}],"curies":[{"name":"wp","href":"https:\/\/api.w.org\/{rel}","templated":true}]}}