{"id":9773,"date":"2024-07-29T21:00:00","date_gmt":"2024-07-30T00:00:00","guid":{"rendered":"https:\/\/sgvaimudar.com.br\/?p=9773"},"modified":"2024-07-29T10:37:34","modified_gmt":"2024-07-29T13:37:34","slug":"taliria-benedita-e-sueli-juntas-nas-lutas-antirracistas-e-nas-politicas-para-mulheres","status":"publish","type":"post","link":"https:\/\/sgvaimudar.com.br\/index.php\/2024\/07\/29\/taliria-benedita-e-sueli-juntas-nas-lutas-antirracistas-e-nas-politicas-para-mulheres\/","title":{"rendered":"Tal\u00edria, Benedita e Sueli: juntas nas lutas antirracistas e nas pol\u00edticas para mulheres"},"content":{"rendered":"\n<p><em>Eventos cariocas re\u00fanem autoridades e ativistas para celebrar e encerrar o Julho das Pretas<\/em><\/p>\n\n\n\n<p>O Theatro Municipal do Rio de Janeiro, na \u00faltima sexta-feira (26), celebrou o Julho das Pretas. Realizado pelo Dida Bar e Restaurante, o evento contou com importantes figuras nacionais, como a deputada federal Tal\u00edria Petrone (PSOL\/RJ) e a professora, escritora, fil\u00f3sofa e ativista antirracista Sueli Carneiro, que recebeu a Medalha Tiradentes \u2014 maior honraria concedida pela Assembleia Legislativa do Estado do Rio de Janeiro \u2014 em 25 de julho, Dia Internacional da Mulher Negra Latino-Americana e Caribenha.<\/p>\n\n\n\n<figure class=\"wp-block-image size-large\"><img fetchpriority=\"high\" decoding=\"async\" width=\"1024\" height=\"683\" src=\"https:\/\/sgvaimudar.com.br\/wp-content\/uploads\/2024\/07\/WhatsApp-Image-2024-07-29-at-09.15.51-1-1024x683.jpeg\" alt=\"Foto: Liz Lemos\" class=\"wp-image-9774\" srcset=\"https:\/\/sgvaimudar.com.br\/wp-content\/uploads\/2024\/07\/WhatsApp-Image-2024-07-29-at-09.15.51-1-1024x683.jpeg 1024w, https:\/\/sgvaimudar.com.br\/wp-content\/uploads\/2024\/07\/WhatsApp-Image-2024-07-29-at-09.15.51-1-300x200.jpeg 300w, https:\/\/sgvaimudar.com.br\/wp-content\/uploads\/2024\/07\/WhatsApp-Image-2024-07-29-at-09.15.51-1-768x512.jpeg 768w, https:\/\/sgvaimudar.com.br\/wp-content\/uploads\/2024\/07\/WhatsApp-Image-2024-07-29-at-09.15.51-1-1536x1024.jpeg 1536w, https:\/\/sgvaimudar.com.br\/wp-content\/uploads\/2024\/07\/WhatsApp-Image-2024-07-29-at-09.15.51-1-2048x1365.jpeg 2048w\" sizes=\"(max-width: 1024px) 100vw, 1024px\" \/><\/figure>\n\n\n\n<p>&#8220;A deputada Tal\u00edria Petrone nos oferece discursos de pr\u00e1tica e resist\u00eancia cotidianamente em sua heroica luta no parlamento brasileiro. Todas as mulheres negras, com coragem e resili\u00eancia, enfrentam diariamente os desafios impostos por uma sociedade permeada pelo racismo e pelo sexismo. N\u00f3s negras e negros permanecemos \u00e0 margem da Rep\u00fablica, \u00e0 margem da cidadania. As desigualdedes raciais, o racismo sist\u00eamico, a viol\u00eancia policial e a injusti\u00e7a econ\u00f4mica s\u00e3o desafios permanentes que mobilizam os movimentos sociais e ativistas de todo pa\u00eds que clamam pela nossa insurg\u00eancia posto que somos m\u00e1rtires contempor\u00e2neos nessa sociedade&#8221;, assegurou Sueli Carneiro.<\/p>\n\n\n\n<p>O Julho das Pretas \u2014 criado em 2013 na Bahia \u2014 \u00e9 a maior agenda conjunta e propositiva de incid\u00eancia pol\u00edtica de organiza\u00e7\u00f5es e movimento de mulheres negras do Brasil. O m\u00eas marca a&nbsp;resist\u00eancia feminina&nbsp;contra o racismo e ressalta a import\u00e2ncia das mulheres ocuparem espa\u00e7os na pol\u00edtica do pa\u00eds.<\/p>\n\n\n\n<p>&#8220;Eu s\u00f3 sou uma mulher negra na pol\u00edtica porque muitas abriram caminho, como Sueli Carneiro e Benedita da Silva, para que a gente pudesse existir na pol\u00edtica que ainda \u00e9 t\u00e3o branca e masculina. As mulheres s\u00e3o a maioria da popula\u00e7\u00e3o brasileira. Precisamos de leis escritas por mulheres e para mulheres. Precisamos lutar contra o racismo e a viol\u00eancia. \u00c9 necess\u00e1rio lutarmos por pol\u00edticas de cuidado, educa\u00e7\u00e3o de qualidade e inclus\u00e3o social. Queremos cada vez mais mulheres na pol\u00edtica, especialmente negras, ind\u00edgenas e de identidades LGBTQIA+. N\u00e3o h\u00e1 democracia sem mulheres na pol\u00edtica&#8221;, afirmou a deputada Tal\u00edria Petrone, tamb\u00e9m candidata a prefeita de Niter\u00f3i.<\/p>\n\n\n\n<p>Segundo dados do Instituto Brasileiro de Geografia e Estat\u00edstica (IBGE) de 2022,&nbsp;48,5%&nbsp;dos brasileiros s\u00e3o&nbsp;homens&nbsp;e&nbsp;51,5% s\u00e3o mulheres. Entretanto, nas elei\u00e7\u00f5es de 2024, as mulheres s\u00e3o apenas 1 em cada 5 pr\u00e9-candidatos \u00e0s prefeituras das capitais.<\/p>\n\n\n\n<p>Marcha das Mulheres Negras<\/p>\n\n\n\n<p>No \u00faltimo domingo (28), aconteceu a d\u00e9cima Marcha das Mulheres Negras no Rio de Janeiro. O ato \u2014 que tamb\u00e9m faz parte do Julho das Pretas \u2014 reuniu milhares de pessoas em Copacabana, no Rio.<\/p>\n\n\n\n<p>Neste ano, o tema do movimento foi &#8220;Mulheres negras em marcha por repara\u00e7\u00e3o e bem viver&#8221;. As deputadas federais Tal\u00edria Petrone (PSOL\/RJ) e Benedita da Silva (PT\/RJ), a deputada estadual Renata Souza (PSOL\/RJ), e a escritora Concei\u00e7\u00e3o Evaristo participaram da mobiliza\u00e7\u00e3o.<\/p>\n\n\n\n<p>&#8220;Eu s\u00f3 estou aqui porque tiveram mulheres negras fortes que governaram os quilombos. A nossa hist\u00f3ria de vida \u00e9 muito diferente. Ent\u00e3o, quando a gente entra na pol\u00edtica, n\u00f3s n\u00e3o podemos nos acomodar. A gente tem hist\u00f3ria. A gente tem projeto. A gente quer ser livre democraticamente. E eu quero que as empregadas dom\u00e9sticas, as mulheres ocupem poder nesse pa\u00eds. E esse \u00e9 um ano de elei\u00e7\u00e3o. N\u00f3s devemos estar onde achamos que \u00e9 importante e que devemos dar as m\u00e3os umas as outras&#8221;, disse a deputada Benedita da Silva.<\/p>\n\n\n\n<p>Desde 2014, o 25 de julho no Brasil \u00e9 tamb\u00e9m considerado o Dia Nacional Tereza de Benguela. A quilombola, s\u00edmbolo de resist\u00eancia, viveu durante o s\u00e9culo 18 e liderou o Quilombo do Quariter\u00ea,\u00a0no Mato Grosso. \u00a0<\/p>\n\n\n\n<p><em>Fotos: Liz Lemos<\/em><\/p>\n\n\n\n<figure class=\"wp-block-image size-full\"><img decoding=\"async\" width=\"251\" height=\"88\" src=\"https:\/\/sgvaimudar.com.br\/wp-content\/uploads\/2023\/08\/Logo.png\" alt=\"\" class=\"wp-image-2738\" \/><\/figure>\n","protected":false},"excerpt":{"rendered":"<p>Eventos cariocas re\u00fanem autoridades e ativistas para celebrar e encerrar o Julho das Pretas O Theatro Municipal do Rio de&hellip;<\/p>\n","protected":false},"author":5,"featured_media":9775,"comment_status":"open","ping_status":"open","sticky":false,"template":"","format":"standard","meta":{"fifu_image_url":"","fifu_image_alt":"","footnotes":""},"categories":[6],"tags":[],"class_list":["post-9773","post","type-post","status-publish","format-standard","has-post-thumbnail","hentry","category-entretenimento"],"_links":{"self":[{"href":"https:\/\/sgvaimudar.com.br\/index.php\/wp-json\/wp\/v2\/posts\/9773","targetHints":{"allow":["GET"]}}],"collection":[{"href":"https:\/\/sgvaimudar.com.br\/index.php\/wp-json\/wp\/v2\/posts"}],"about":[{"href":"https:\/\/sgvaimudar.com.br\/index.php\/wp-json\/wp\/v2\/types\/post"}],"author":[{"embeddable":true,"href":"https:\/\/sgvaimudar.com.br\/index.php\/wp-json\/wp\/v2\/users\/5"}],"replies":[{"embeddable":true,"href":"https:\/\/sgvaimudar.com.br\/index.php\/wp-json\/wp\/v2\/comments?post=9773"}],"version-history":[{"count":1,"href":"https:\/\/sgvaimudar.com.br\/index.php\/wp-json\/wp\/v2\/posts\/9773\/revisions"}],"predecessor-version":[{"id":9776,"href":"https:\/\/sgvaimudar.com.br\/index.php\/wp-json\/wp\/v2\/posts\/9773\/revisions\/9776"}],"wp:featuredmedia":[{"embeddable":true,"href":"https:\/\/sgvaimudar.com.br\/index.php\/wp-json\/wp\/v2\/media\/9775"}],"wp:attachment":[{"href":"https:\/\/sgvaimudar.com.br\/index.php\/wp-json\/wp\/v2\/media?parent=9773"}],"wp:term":[{"taxonomy":"category","embeddable":true,"href":"https:\/\/sgvaimudar.com.br\/index.php\/wp-json\/wp\/v2\/categories?post=9773"},{"taxonomy":"post_tag","embeddable":true,"href":"https:\/\/sgvaimudar.com.br\/index.php\/wp-json\/wp\/v2\/tags?post=9773"}],"curies":[{"name":"wp","href":"https:\/\/api.w.org\/{rel}","templated":true}]}}