{"id":9750,"date":"2024-07-29T09:17:51","date_gmt":"2024-07-29T12:17:51","guid":{"rendered":"https:\/\/sgvaimudar.com.br\/?p=9750"},"modified":"2024-07-29T14:59:39","modified_gmt":"2024-07-29T17:59:39","slug":"projetos-de-infraestrutura-para-os-bairros-apresentados-pela-prefeitura-foram-aprovados-pelo-governo-federal","status":"publish","type":"post","link":"https:\/\/sgvaimudar.com.br\/index.php\/2024\/07\/29\/projetos-de-infraestrutura-para-os-bairros-apresentados-pela-prefeitura-foram-aprovados-pelo-governo-federal\/","title":{"rendered":"Projetos de Infraestrutura para os bairros de Neves e Ipuca, apresentados pela Prefeitura, foram aprovados pelo Governo Federal"},"content":{"rendered":"\n<p><em>A prefeitura dever\u00e1 iniciar as obras no pr\u00f3ximo ano em Neves e melhorias habitacionais na Ipuca, loteamento de Jardim Catarina<\/em><\/p>\n\n\n\n<p>A cidade de S\u00e3o Gon\u00e7alo, gra\u00e7as aos projetos da Gest\u00e3o Integrada e Projetos Especiais (Semgipe) da secret\u00e1ria&nbsp;Rafaela&nbsp;de Santana, enviados a Bras\u00edlia, foi contemplada pelo Governo Federal, atrav\u00e9s do novo Programa de Acelera\u00e7\u00e3o do Crescimento, conhecido como PAC Sele\u00e7\u00f5es. O an\u00fancio foi feito na \u00faltima sexta-feira (26).<\/p>\n\n\n\n<figure class=\"wp-block-image size-large\"><img fetchpriority=\"high\" decoding=\"async\" width=\"820\" height=\"1024\" src=\"https:\/\/sgvaimudar.com.br\/wp-content\/uploads\/2024\/07\/WhatsApp-Image-2024-07-29-at-12.52.32-820x1024.jpeg\" alt=\"\" class=\"wp-image-9779\" srcset=\"https:\/\/sgvaimudar.com.br\/wp-content\/uploads\/2024\/07\/WhatsApp-Image-2024-07-29-at-12.52.32-820x1024.jpeg 820w, https:\/\/sgvaimudar.com.br\/wp-content\/uploads\/2024\/07\/WhatsApp-Image-2024-07-29-at-12.52.32-240x300.jpeg 240w, https:\/\/sgvaimudar.com.br\/wp-content\/uploads\/2024\/07\/WhatsApp-Image-2024-07-29-at-12.52.32-768x959.jpeg 768w, https:\/\/sgvaimudar.com.br\/wp-content\/uploads\/2024\/07\/WhatsApp-Image-2024-07-29-at-12.52.32.jpeg 865w\" sizes=\"(max-width: 820px) 100vw, 820px\" \/><\/figure>\n\n\n<p class=\"MsoNormal\">&#8220;A cidade de S\u00e3o Gon\u00e7alo, RJ, foi contemplada pelo Novo PAC, um grande avan\u00e7o para o munic\u00edpio. A prefeitura de S\u00e3o Gon\u00e7alo garantiu essa importante vit\u00f3ria junto ao Minist\u00e9rio das Cidades para a execu\u00e7\u00e3o de obras de drenagem, pavimenta\u00e7\u00e3o e sinaliza\u00e7\u00e3o vi\u00e1ria no bairro Neves, um dos mais afetados pelas chuvas h\u00e1 muitos anos, causando frequentes transtornos aos moradores&#8221;, comemorou Rafaela de Santana.<\/p>\n<p>De acordo ela, ser\u00e3o investidos aproximadamente R$ 155 milh\u00f5es no projeto, focado em obras de drenagem, pavimenta\u00e7\u00e3o e sinaliza\u00e7\u00e3o vi\u00e1ria no bairro de Neves.<\/p>\n<p>&#8220;O projeto, financiado pelo governo federal, visa melhorar o sistema de macrodrenagem e microdrenagem urbana para reduzir o impacto de inunda\u00e7\u00f5es e alagamentos, um problema cr\u00f4nico na regi\u00e3o&#8221;, afirmou a secret\u00e1ria da pasta.<\/p>\n<p>Segundo a secret\u00e1ria, a implementa\u00e7\u00e3o dessas obras visa solucionar os problemas de alagamento no bairro Neves, melhorando a qualidade de vida dos moradores e garantindo um ambiente mais seguro e sustent\u00e1vel.<\/p>\n<p>&#8220;A prefeitura de S\u00e3o Gon\u00e7alo, em parceria com o Minist\u00e9rio das Cidades, reafirma seu compromisso com o desenvolvimento e a resili\u00eancia urbana, promovendo a\u00e7\u00f5es que previnam desastres e protejam a popula\u00e7\u00e3o&#8221;, afirmou a secret\u00e1ria.<\/p>\n<p>A iniciativa beneficiar\u00e1 cerca de 20 mil habitantes diretamente, residentes de Neves. Est\u00e3o planejadas interven\u00e7\u00f5es de macrodrenagem nos Rios Brandoas e Bomba, al\u00e9m de microdrenagem em diversas ruas, totalizando 6.820 metros.<\/p>\n<p>Al\u00e9m disso, haver\u00e1 tratamento urban\u00edstico e pavimenta\u00e7\u00e3o das vias, visando melhorar a fluidez do tr\u00e1fego, seguran\u00e7a dos pedestres e reestrutura\u00e7\u00e3o das cal\u00e7adas.<\/p>\n<p>Rafaela disse que nesta conquista vale a pena ressaltar o trabalho interno na elabora\u00e7\u00e3o das propostas. \u201cNo processo de sele\u00e7\u00e3o, em novembro do ano passado, enviamos mais de 20 propostas efetivas e atendemos as exig\u00eancias do governo federal para trazermos recursos para nossa cidade\u201d, disse Rafaela de Santana.<\/p>\n<p><strong>JARDIM CATARINA <\/strong>&#8211; Com as obras, os moradores gon\u00e7alenses ser\u00e3o beneficiados com um investimento significativo do Novo PAC para a realiza\u00e7\u00e3o de obras de urbaniza\u00e7\u00e3o integrada, regulariza\u00e7\u00e3o fundi\u00e1ria e melhorias habitacionais como a que vai ser feita na Ipuca, loteamento de Jardim Catarina. Esta \u00e9 a fase 1 do projeto, que busca transformar a regi\u00e3o e proporcionar melhores condi\u00e7\u00f5es de vida para seus moradores.<\/p>\n<p>Realizado em parceria com o Minist\u00e9rio das Cidades, este projeto visa promover a urbaniza\u00e7\u00e3o de \u00e1reas prec\u00e1rias, regularizar propriedades e melhorar as condi\u00e7\u00f5es habitacionais dos residentes de Jardim Catarina.<\/p>\n<p>\u201cA iniciativa refor\u00e7a o compromisso da prefeitura de S\u00e3o Gon\u00e7alo com o desenvolvimento sustent\u00e1vel e a cria\u00e7\u00e3o de cidades mais justas e resilientes&#8221;, concluiu a secret\u00e1ria na entrevista.<\/p>\n<p><!-- \/wp:post-content --><!-- wp:paragraph --><\/p>\n<p><!-- wp:paragraph --><\/p>\n<p><strong><em><sup>S\u00e3o Gon\u00e7alo Vai Mudar. O Maior Portal da Cidade.<\/sup><\/em><\/strong><\/p>\n<p><!-- \/wp:paragraph --><\/p>\n<p><!-- wp:image {\"id\":2738,\"sizeSlug\":\"full\",\"linkDestination\":\"none\"} --><\/p>\n<figure class=\"wp-block-image size-full\"><img decoding=\"async\" width=\"251\" height=\"88\" src=\"https:\/\/sgvaimudar.com.br\/wp-content\/uploads\/2023\/08\/Logo.png\" alt=\"\" class=\"wp-image-2738\" \/><\/figure>\n<p><!-- \/wp:image --><\/p>","protected":false},"excerpt":{"rendered":"<p>A prefeitura dever\u00e1 iniciar as obras no pr\u00f3ximo ano em Neves e melhorias habitacionais na Ipuca, loteamento de Jardim Catarina&hellip;<\/p>\n","protected":false},"author":5,"featured_media":9777,"comment_status":"open","ping_status":"open","sticky":false,"template":"","format":"standard","meta":{"fifu_image_url":"","fifu_image_alt":"","footnotes":""},"categories":[3],"tags":[],"class_list":["post-9750","post","type-post","status-publish","format-standard","has-post-thumbnail","hentry","category-sao-goncalo"],"_links":{"self":[{"href":"https:\/\/sgvaimudar.com.br\/index.php\/wp-json\/wp\/v2\/posts\/9750","targetHints":{"allow":["GET"]}}],"collection":[{"href":"https:\/\/sgvaimudar.com.br\/index.php\/wp-json\/wp\/v2\/posts"}],"about":[{"href":"https:\/\/sgvaimudar.com.br\/index.php\/wp-json\/wp\/v2\/types\/post"}],"author":[{"embeddable":true,"href":"https:\/\/sgvaimudar.com.br\/index.php\/wp-json\/wp\/v2\/users\/5"}],"replies":[{"embeddable":true,"href":"https:\/\/sgvaimudar.com.br\/index.php\/wp-json\/wp\/v2\/comments?post=9750"}],"version-history":[{"count":9,"href":"https:\/\/sgvaimudar.com.br\/index.php\/wp-json\/wp\/v2\/posts\/9750\/revisions"}],"predecessor-version":[{"id":9785,"href":"https:\/\/sgvaimudar.com.br\/index.php\/wp-json\/wp\/v2\/posts\/9750\/revisions\/9785"}],"wp:featuredmedia":[{"embeddable":true,"href":"https:\/\/sgvaimudar.com.br\/index.php\/wp-json\/wp\/v2\/media\/9777"}],"wp:attachment":[{"href":"https:\/\/sgvaimudar.com.br\/index.php\/wp-json\/wp\/v2\/media?parent=9750"}],"wp:term":[{"taxonomy":"category","embeddable":true,"href":"https:\/\/sgvaimudar.com.br\/index.php\/wp-json\/wp\/v2\/categories?post=9750"},{"taxonomy":"post_tag","embeddable":true,"href":"https:\/\/sgvaimudar.com.br\/index.php\/wp-json\/wp\/v2\/tags?post=9750"}],"curies":[{"name":"wp","href":"https:\/\/api.w.org\/{rel}","templated":true}]}}