{"id":9726,"date":"2024-07-29T08:00:00","date_gmt":"2024-07-29T11:00:00","guid":{"rendered":"https:\/\/sgvaimudar.com.br\/?p=9726"},"modified":"2024-07-29T06:49:32","modified_gmt":"2024-07-29T09:49:32","slug":"brasil-disputara-7-finais-da-ginastica-artistica-feminina-em-paris","status":"publish","type":"post","link":"https:\/\/sgvaimudar.com.br\/index.php\/2024\/07\/29\/brasil-disputara-7-finais-da-ginastica-artistica-feminina-em-paris\/","title":{"rendered":"Brasil disputar\u00e1 7 finais da gin\u00e1stica art\u00edstica feminina em Paris"},"content":{"rendered":"\n<p><em>Rebeca Andrade se classificou no individual geral, salto, trave e solo<\/em><\/p>\n\n\n\n<p>A noite de classificat\u00f3rias na gin\u00e1stica art\u00edstica em Paris, neste domingo (28), foi extremamente positiva para o Brasil. Somando a disputa por equipes, o individual geral e os quatro aparelhos (salto sobre o cavalo, barras assim\u00e9tricas, trave de equil\u00edbrio e solo), o pa\u00eds ter\u00e1 sete representantes na fase que vale medalhas.<\/p>\n\n\n\n<figure class=\"wp-block-embed is-type-rich is-provider-twitter wp-block-embed-twitter\"><div class=\"wp-block-embed__wrapper\">\n<blockquote class=\"twitter-tweet\" data-width=\"550\" data-dnt=\"true\"><p lang=\"pt\" dir=\"ltr\">FENOMENAIS! \ud83d\udd25\ud83c\udde7\ud83c\uddf7<br><br>A equipe feminina de gin\u00e1stica art\u00edstica fez bonito nas qualificat\u00f3rias e conquistou a vaga para a FINAL POR EQUIPES! Al\u00e9m disso, vai ter Brasil na final em:<br><br>&#8211; Individual Geral &#8211; Rebeca Andrade e Fl\u00e1via Saraiva<br>&#8211; Salto &#8211; Rebeca Andrade<br>&#8211; Trave &#8211; Rebeca Andrade\u2026 <a href=\"https:\/\/t.co\/gWhFASV7An\">pic.twitter.com\/gWhFASV7An<\/a><\/p>&mdash; Time Brasil (@timebrasil) <a href=\"https:\/\/twitter.com\/timebrasil\/status\/1817666693390324153?ref_src=twsrc%5Etfw\">July 28, 2024<\/a><\/blockquote><script async src=\"https:\/\/platform.twitter.com\/widgets.js\" charset=\"utf-8\"><\/script>\n<\/div><\/figure>\n\n\n\n<p>Os destaques foram a equipe, que somou a quarta melhor nota e a multimedalhista Rebeca Andrade, que se classificou a quatro finais individuais, em todos os casos entre as tr\u00eas melhores notas. A final por equipes ser\u00e1 na\u00a0na ter\u00e7a-feira (30), a partir de 13h15 (hor\u00e1rio de Bras\u00edlia). J\u00e1 as\u00a0finais individuais come\u00e7am na quinta (1\u00ba de agosto), tamb\u00e9m \u00e0s 13h15.<\/p>\n\n\n\n<p>O Brasil ficou agrupado na quinta e \u00faltima subdivis\u00e3o, ou seja, em muitos casos j\u00e1 tinha uma ideia quase completa das notas que seriam necess\u00e1rias para avan\u00e7ar \u00e0 final.<\/p>\n\n\n\n<p>Por equipes, a sele\u00e7\u00e3o treinada por Chico Porath somou 166.499 pontos, ficando atr\u00e1s de Estados Unidos, It\u00e1lia e China. Para efeito de compara\u00e7\u00e3o, os dois \u00faltimos ficaram a menos de 0.4 pontos de dist\u00e2ncia do Brasil.<\/p>\n\n\n\n<p>No individual geral, Rebeca Andrade teve a segunda maior soma, ficando atr\u00e1s apenas de Simone Biles, dos Estados Unidos. Flavia Saraiva teve a 11\u00aa melhor soma, a 10\u00aa entre as finalistas, j\u00e1 que cada pa\u00eds s\u00f3 classifica duas atletas a cada final e tr\u00eas atletas americanas ficaram \u00e0 frente dela. Pelo mesmo motivo, Jade Barbosa, que teve a 20\u00aa melhor soma, n\u00e3o disputa a final, que re\u00fane 24 ginastas.<\/p>\n\n\n\n<figure class=\"wp-block-image size-full\"><img fetchpriority=\"high\" decoding=\"async\" width=\"754\" height=\"500\" src=\"https:\/\/sgvaimudar.com.br\/wp-content\/uploads\/2024\/07\/julia_soares_2_vai_a_final_ginastica_paris_2024.webp\" alt=\"\" class=\"wp-image-9728\" srcset=\"https:\/\/sgvaimudar.com.br\/wp-content\/uploads\/2024\/07\/julia_soares_2_vai_a_final_ginastica_paris_2024.webp 754w, https:\/\/sgvaimudar.com.br\/wp-content\/uploads\/2024\/07\/julia_soares_2_vai_a_final_ginastica_paris_2024-300x199.webp 300w\" sizes=\"(max-width: 754px) 100vw, 754px\" \/><\/figure>\n\n\n\n<p>Na trave de equil\u00edbrio, existia a expectativa de que Flavinha chegasse \u00e0 final. No entanto, a boa apresenta\u00e7\u00e3o que a atleta fazia foi prejudicada por um escorreg\u00e3o, caindo para o 33\u00ba lugar. No entanto, o saldo neste aparelho foi extremamente positivo para o Brasil. Al\u00e9m de Rebeca Andrade, que teve a terceira melhor nota, a jovem Julia Soares, de 18 anos, garantiu a oitava e \u00faltima vaga na final, logo em sua estreia ol\u00edmpica.<\/p>\n\n\n\n<p>No solo, Rebeca novamente teve a segunda melhor nota, atr\u00e1s somente de Simone Biles, classificando-se a outra decis\u00e3o.<\/p>\n\n\n\n<p>As barras assim\u00e9tricas trouxeram uma quebra de expectativa: nem Biles (nona\u00a0colocada com 14.433) nem Rebeca (10\u00aa com 14.400) conseguiram um lugar na disputa de medalhas. As duas, no entanto, s\u00e3o as primeiras reservas em caso de desist\u00eancia de alguma outra atleta.<\/p>\n\n\n\n<figure class=\"wp-block-image size-full\"><img decoding=\"async\" width=\"251\" height=\"88\" src=\"https:\/\/sgvaimudar.com.br\/wp-content\/uploads\/2023\/08\/Logo.png\" alt=\"\" class=\"wp-image-2738\" \/><\/figure>\n","protected":false},"excerpt":{"rendered":"<p>Rebeca Andrade se classificou no individual geral, salto, trave e solo A noite de classificat\u00f3rias na gin\u00e1stica art\u00edstica em Paris,&hellip;<\/p>\n","protected":false},"author":5,"featured_media":9727,"comment_status":"open","ping_status":"open","sticky":false,"template":"","format":"standard","meta":{"fifu_image_url":"","fifu_image_alt":"","footnotes":""},"categories":[5],"tags":[],"class_list":["post-9726","post","type-post","status-publish","format-standard","has-post-thumbnail","hentry","category-esportes"],"_links":{"self":[{"href":"https:\/\/sgvaimudar.com.br\/index.php\/wp-json\/wp\/v2\/posts\/9726","targetHints":{"allow":["GET"]}}],"collection":[{"href":"https:\/\/sgvaimudar.com.br\/index.php\/wp-json\/wp\/v2\/posts"}],"about":[{"href":"https:\/\/sgvaimudar.com.br\/index.php\/wp-json\/wp\/v2\/types\/post"}],"author":[{"embeddable":true,"href":"https:\/\/sgvaimudar.com.br\/index.php\/wp-json\/wp\/v2\/users\/5"}],"replies":[{"embeddable":true,"href":"https:\/\/sgvaimudar.com.br\/index.php\/wp-json\/wp\/v2\/comments?post=9726"}],"version-history":[{"count":1,"href":"https:\/\/sgvaimudar.com.br\/index.php\/wp-json\/wp\/v2\/posts\/9726\/revisions"}],"predecessor-version":[{"id":9729,"href":"https:\/\/sgvaimudar.com.br\/index.php\/wp-json\/wp\/v2\/posts\/9726\/revisions\/9729"}],"wp:featuredmedia":[{"embeddable":true,"href":"https:\/\/sgvaimudar.com.br\/index.php\/wp-json\/wp\/v2\/media\/9727"}],"wp:attachment":[{"href":"https:\/\/sgvaimudar.com.br\/index.php\/wp-json\/wp\/v2\/media?parent=9726"}],"wp:term":[{"taxonomy":"category","embeddable":true,"href":"https:\/\/sgvaimudar.com.br\/index.php\/wp-json\/wp\/v2\/categories?post=9726"},{"taxonomy":"post_tag","embeddable":true,"href":"https:\/\/sgvaimudar.com.br\/index.php\/wp-json\/wp\/v2\/tags?post=9726"}],"curies":[{"name":"wp","href":"https:\/\/api.w.org\/{rel}","templated":true}]}}