{"id":9672,"date":"2024-07-27T19:00:00","date_gmt":"2024-07-27T22:00:00","guid":{"rendered":"https:\/\/sgvaimudar.com.br\/?p=9672"},"modified":"2024-07-27T10:55:25","modified_gmt":"2024-07-27T13:55:25","slug":"ministra-do-tse-edilene-lobo-visita-nova-sede-do-tre-rj","status":"publish","type":"post","link":"https:\/\/sgvaimudar.com.br\/index.php\/2024\/07\/27\/ministra-do-tse-edilene-lobo-visita-nova-sede-do-tre-rj\/","title":{"rendered":"Ministra do TSE Edilene L\u00f4bo visita nova sede do TRE-RJ"},"content":{"rendered":"\n<p><em>A diretora da EJE-RJ, desembargadora eleitoral Daniela Bandeira, recebeu a ministra no Pal\u00e1cio da Democracia<\/em><\/p>\n\n\n\n<p>A diretora da Escola Judici\u00e1ria Eleitoral (EJE-RJ), desembargadora eleitoral Daniela Bandeira de Freitas, recebeu a ministra do TSE, Edilene L\u00f4bo, em visita realizada \u00e0 nova sede do TRE-RJ, nesta ter\u00e7a-feira (23). <\/p>\n\n\n\n<p>O edif\u00edcio hist\u00f3rico, datado de 1926, e agora batizado Pal\u00e1cio da Democracia, \u00e9 tombado pelo Instituto Estadual do Patrim\u00f4nio Cultural (Inepac).<\/p>\n\n\n\n<p>Desde o \u00faltimo dia 15, o pr\u00e9dio, localizado na Rua da Alf\u00e2ndega 42, abriga a sede da Justi\u00e7a Eleitoral fluminense. <\/p>\n\n\n\n<p>A coordenadora da EJE-RJ, Rita Carvalho, tamb\u00e9m acompanhou a visita da ministra, que participou do encerramento do congresso Intelig\u00eancia Artificial e Elei\u00e7\u00f5es, promovido pela Academia Brasileira de Direito Eleitoral e Pol\u00edtico (Abradep), com apoio da EJE-RJ, nesta ter\u00e7a-feira (23). <\/p>\n\n\n\n<p>O evento debateu o uso de novas tecnologias nas campanhas eleitorais e o combate \u00e0 desinforma\u00e7\u00e3o.<\/p>\n\n\n\n<p><strong>ELEI\u00c7\u00c3O 2024<\/strong> &#8211; O eleitorado que quer conhecer mais as candidatas e os candidatos aos cargos de prefeito, vice-prefeito e vereador ter\u00e1 a oportunidade de acompanhar a propaganda eleitoral gratuita no r\u00e1dio e na televis\u00e3o relativa ao primeiro turno das Elei\u00e7\u00f5es 2024, marcado para 6 de outubro. A propaganda gratuita come\u00e7a no dia 30 de agosto e vai at\u00e9 3 de outubro.<\/p>\n\n\n\n<p>Essa modalidade de propaganda n\u00e3o traz \u00f4nus aos partidos pol\u00edticos, \u00e0s coliga\u00e7\u00f5es, \u00e0s candidatas e aos candidatos. \u00c9 tamb\u00e9m popularmente conhecida como \u201chor\u00e1rio eleitoral gratuito\u201d e \u00e9 restrita \u00e0s transmiss\u00f5es de TV e r\u00e1dio. Para o segundo turno das elei\u00e7\u00f5es, as propagandas ser\u00e3o veiculadas dos dias 11 a 25 de outubro.<\/p>\n\n\n\n<figure class=\"wp-block-image size-full\"><img decoding=\"async\" width=\"317\" height=\"110\" src=\"https:\/\/sgvaimudar.com.br\/wp-content\/uploads\/2023\/08\/cropped-Logo-Provisoria-2-2.png\" alt=\"\" class=\"wp-image-2782\" srcset=\"https:\/\/sgvaimudar.com.br\/wp-content\/uploads\/2023\/08\/cropped-Logo-Provisoria-2-2.png 317w, https:\/\/sgvaimudar.com.br\/wp-content\/uploads\/2023\/08\/cropped-Logo-Provisoria-2-2-300x104.png 300w\" sizes=\"(max-width: 317px) 100vw, 317px\" \/><\/figure>\n","protected":false},"excerpt":{"rendered":"<p>A diretora da EJE-RJ, desembargadora eleitoral Daniela Bandeira, recebeu a ministra no Pal\u00e1cio da Democracia A diretora da Escola Judici\u00e1ria&hellip;<\/p>\n","protected":false},"author":5,"featured_media":9673,"comment_status":"open","ping_status":"open","sticky":false,"template":"","format":"standard","meta":{"fifu_image_url":"","fifu_image_alt":"","footnotes":""},"categories":[4],"tags":[],"class_list":["post-9672","post","type-post","status-publish","format-standard","has-post-thumbnail","hentry","category-brasil"],"_links":{"self":[{"href":"https:\/\/sgvaimudar.com.br\/index.php\/wp-json\/wp\/v2\/posts\/9672","targetHints":{"allow":["GET"]}}],"collection":[{"href":"https:\/\/sgvaimudar.com.br\/index.php\/wp-json\/wp\/v2\/posts"}],"about":[{"href":"https:\/\/sgvaimudar.com.br\/index.php\/wp-json\/wp\/v2\/types\/post"}],"author":[{"embeddable":true,"href":"https:\/\/sgvaimudar.com.br\/index.php\/wp-json\/wp\/v2\/users\/5"}],"replies":[{"embeddable":true,"href":"https:\/\/sgvaimudar.com.br\/index.php\/wp-json\/wp\/v2\/comments?post=9672"}],"version-history":[{"count":2,"href":"https:\/\/sgvaimudar.com.br\/index.php\/wp-json\/wp\/v2\/posts\/9672\/revisions"}],"predecessor-version":[{"id":9675,"href":"https:\/\/sgvaimudar.com.br\/index.php\/wp-json\/wp\/v2\/posts\/9672\/revisions\/9675"}],"wp:featuredmedia":[{"embeddable":true,"href":"https:\/\/sgvaimudar.com.br\/index.php\/wp-json\/wp\/v2\/media\/9673"}],"wp:attachment":[{"href":"https:\/\/sgvaimudar.com.br\/index.php\/wp-json\/wp\/v2\/media?parent=9672"}],"wp:term":[{"taxonomy":"category","embeddable":true,"href":"https:\/\/sgvaimudar.com.br\/index.php\/wp-json\/wp\/v2\/categories?post=9672"},{"taxonomy":"post_tag","embeddable":true,"href":"https:\/\/sgvaimudar.com.br\/index.php\/wp-json\/wp\/v2\/tags?post=9672"}],"curies":[{"name":"wp","href":"https:\/\/api.w.org\/{rel}","templated":true}]}}