{"id":9664,"date":"2024-07-27T17:00:00","date_gmt":"2024-07-27T20:00:00","guid":{"rendered":"https:\/\/sgvaimudar.com.br\/?p=9664"},"modified":"2024-07-27T10:47:53","modified_gmt":"2024-07-27T13:47:53","slug":"policiais-do-12o-bpm-prendem-traficante-e-apreende-drogas-em-itaipu","status":"publish","type":"post","link":"https:\/\/sgvaimudar.com.br\/index.php\/2024\/07\/27\/policiais-do-12o-bpm-prendem-traficante-e-apreende-drogas-em-itaipu\/","title":{"rendered":"Policiais do 12\u00ba BPM prendem traficante e apreende drogas em Itaipu"},"content":{"rendered":"\n<p><em>O criminoso portava um rev\u00f3lver no momento da pris\u00e3o<\/em><\/p>\n\n\n\n<p>Os policiais do 12\u00ba BPM (Niter\u00f3i-Maric\u00e1), estiveram nesta sexta-feira (26), na Rua Carlos Chagas, 11, localidade da Boa Esperan\u00e7a, em Itaipu, Niter\u00f3i, para apurar informa\u00e7\u00f5es do Disque Den\u00fancia sobre tr\u00e1fico de drogas.\u00a0<\/p>\n\n\n\n<figure class=\"wp-block-embed is-type-rich is-provider-twitter wp-block-embed-twitter\"><div class=\"wp-block-embed__wrapper\">\n<blockquote class=\"twitter-tweet\" data-width=\"550\" data-dnt=\"true\"><p lang=\"pt\" dir=\"ltr\">Arma, drogas, dinheiro em esp\u00e9cie e r\u00e1dios transmissores apreendidos por nossos policiais do <a href=\"https:\/\/twitter.com\/hashtag\/12BPM?src=hash&amp;ref_src=twsrc%5Etfw\">#12BPM<\/a>, nesta sexta-feira, durante a\u00e7\u00e3o realizada na localidade conhecida como Boa Esperan\u00e7a, bairro Itaipu, <a href=\"https:\/\/twitter.com\/hashtag\/Niter%C3%B3i?src=hash&amp;ref_src=twsrc%5Etfw\">#Niter\u00f3i<\/a>. Um homem foi preso em flagrante. <a href=\"https:\/\/t.co\/f3vCheAUEA\">pic.twitter.com\/f3vCheAUEA<\/a><\/p>&mdash; @pmerj (@PMERJ) <a href=\"https:\/\/twitter.com\/PMERJ\/status\/1816825229148086635?ref_src=twsrc%5Etfw\">July 26, 2024<\/a><\/blockquote><script async src=\"https:\/\/platform.twitter.com\/widgets.js\" charset=\"utf-8\"><\/script>\n<\/div><\/figure>\n\n\n\n<p>Os policiais prenderam um homem em posse de um rev\u00f3lver Rossi Cal. 38; 155 pedras de crack;&nbsp;121 c\u00e1psulas de coca\u00edna;&nbsp;R$ 44,00 em esp\u00e9cie;&nbsp;&#8211; 33 inv\u00f3lucros de maconha;&nbsp;17 inv\u00f3lucros de skank; cinco&nbsp;muni\u00e7\u00f5es Cal.&nbsp;38 e quatro&nbsp;radios transmissores.<\/p>\n\n\n\n<p>O acusado foi conduzido \u00e0 81\u00aa DP, sendo autuado em flagrante delito pelos crimes de tr\u00e1fico de drogas armado e associa\u00e7\u00e3o para o tr\u00e1fico de drogas, permanecendo preso.\u00a0<\/p>\n\n\n\n<p>Em Santa Rosa, na Zona Sul de Niter\u00f3i, um homem foi preso em flagrante com arma, drogas e outros materiais. <\/p>\n\n\n\n<figure class=\"wp-block-embed is-type-rich is-provider-twitter wp-block-embed-twitter\"><div class=\"wp-block-embed__wrapper\">\n<blockquote class=\"twitter-tweet\" data-width=\"550\" data-dnt=\"true\"><p lang=\"pt\" dir=\"ltr\">Arma, drogas e outros materiais apreendidos por nossos policiais do <a href=\"https:\/\/twitter.com\/hashtag\/12BPM?src=hash&amp;ref_src=twsrc%5Etfw\">#12BPM<\/a>, nesta sexta-feira, durante a\u00e7\u00e3o realizada no bairro Santa Rosa, <a href=\"https:\/\/twitter.com\/hashtag\/Niter%C3%B3i?src=hash&amp;ref_src=twsrc%5Etfw\">#Niter\u00f3i<\/a>. Um homem foi preso em flagrante. <a href=\"https:\/\/t.co\/0TkdvOsRDD\">pic.twitter.com\/0TkdvOsRDD<\/a><\/p>&mdash; @pmerj (@PMERJ) <a href=\"https:\/\/twitter.com\/PMERJ\/status\/1816955082782490722?ref_src=twsrc%5Etfw\">July 26, 2024<\/a><\/blockquote><script async src=\"https:\/\/platform.twitter.com\/widgets.js\" charset=\"utf-8\"><\/script>\n<\/div><\/figure>\n\n\n\n<p><strong><em><sub>S\u00e3o Gon\u00e7alo Vai Mudar. O Maior Portal da Cidade.<\/sub><\/em><\/strong><\/p>\n\n\n\n<figure class=\"wp-block-image size-large\"><img fetchpriority=\"high\" decoding=\"async\" width=\"1024\" height=\"378\" src=\"https:\/\/sgvaimudar.com.br\/wp-content\/uploads\/2023\/08\/cropped-Logo-Provisoria-2-1-1024x378.png\" alt=\"\" class=\"wp-image-2780\" srcset=\"https:\/\/sgvaimudar.com.br\/wp-content\/uploads\/2023\/08\/cropped-Logo-Provisoria-2-1-1024x378.png 1024w, https:\/\/sgvaimudar.com.br\/wp-content\/uploads\/2023\/08\/cropped-Logo-Provisoria-2-1-300x111.png 300w, https:\/\/sgvaimudar.com.br\/wp-content\/uploads\/2023\/08\/cropped-Logo-Provisoria-2-1-768x284.png 768w, https:\/\/sgvaimudar.com.br\/wp-content\/uploads\/2023\/08\/cropped-Logo-Provisoria-2-1.png 1386w\" sizes=\"(max-width: 1024px) 100vw, 1024px\" \/><\/figure>\n","protected":false},"excerpt":{"rendered":"<p>O criminoso portava um rev\u00f3lver no momento da pris\u00e3o Os policiais do 12\u00ba BPM (Niter\u00f3i-Maric\u00e1), estiveram nesta sexta-feira (26), na&hellip;<\/p>\n","protected":false},"author":5,"featured_media":9665,"comment_status":"open","ping_status":"open","sticky":false,"template":"","format":"standard","meta":{"fifu_image_url":"","fifu_image_alt":"","footnotes":""},"categories":[32],"tags":[],"class_list":["post-9664","post","type-post","status-publish","format-standard","has-post-thumbnail","hentry","category-casos-de-policia"],"_links":{"self":[{"href":"https:\/\/sgvaimudar.com.br\/index.php\/wp-json\/wp\/v2\/posts\/9664","targetHints":{"allow":["GET"]}}],"collection":[{"href":"https:\/\/sgvaimudar.com.br\/index.php\/wp-json\/wp\/v2\/posts"}],"about":[{"href":"https:\/\/sgvaimudar.com.br\/index.php\/wp-json\/wp\/v2\/types\/post"}],"author":[{"embeddable":true,"href":"https:\/\/sgvaimudar.com.br\/index.php\/wp-json\/wp\/v2\/users\/5"}],"replies":[{"embeddable":true,"href":"https:\/\/sgvaimudar.com.br\/index.php\/wp-json\/wp\/v2\/comments?post=9664"}],"version-history":[{"count":3,"href":"https:\/\/sgvaimudar.com.br\/index.php\/wp-json\/wp\/v2\/posts\/9664\/revisions"}],"predecessor-version":[{"id":9671,"href":"https:\/\/sgvaimudar.com.br\/index.php\/wp-json\/wp\/v2\/posts\/9664\/revisions\/9671"}],"wp:featuredmedia":[{"embeddable":true,"href":"https:\/\/sgvaimudar.com.br\/index.php\/wp-json\/wp\/v2\/media\/9665"}],"wp:attachment":[{"href":"https:\/\/sgvaimudar.com.br\/index.php\/wp-json\/wp\/v2\/media?parent=9664"}],"wp:term":[{"taxonomy":"category","embeddable":true,"href":"https:\/\/sgvaimudar.com.br\/index.php\/wp-json\/wp\/v2\/categories?post=9664"},{"taxonomy":"post_tag","embeddable":true,"href":"https:\/\/sgvaimudar.com.br\/index.php\/wp-json\/wp\/v2\/tags?post=9664"}],"curies":[{"name":"wp","href":"https:\/\/api.w.org\/{rel}","templated":true}]}}