{"id":9652,"date":"2024-07-27T10:07:02","date_gmt":"2024-07-27T13:07:02","guid":{"rendered":"https:\/\/sgvaimudar.com.br\/?p=9652"},"modified":"2024-07-27T10:07:02","modified_gmt":"2024-07-27T13:07:02","slug":"video-sargento-da-pm-e-executado-com-varios-tiros-em-posto-de-combustiveis-em-itatiaia","status":"publish","type":"post","link":"https:\/\/sgvaimudar.com.br\/index.php\/2024\/07\/27\/video-sargento-da-pm-e-executado-com-varios-tiros-em-posto-de-combustiveis-em-itatiaia\/","title":{"rendered":"V\u00cdDEO: Sargento da PM \u00e9 executado com v\u00e1rios tiros em posto de combust\u00edveis em Itatiaia"},"content":{"rendered":"\n<p><em>Estabelecimento fica \u00e0s margens da Via Dutra. V\u00edtima foi identificada como Vanderlei da Silva Pereira, de 40 anos. Foram recolhidas mais de 100 muni\u00e7\u00f5es no local<\/em><\/p>\n\n\n\n<p>Um sargento da Pol\u00edcia Militar foi executado com v\u00e1rios tiros na noite de quinta-feira (25) em Itatiaia (RJ). O crime aconteceu em um posto de combust\u00edveis, \u00e0s margens da Via Dutra. Segundo a PM, a v\u00edtima foi identificada como Vanderlei da Silva Pereira, de 40 anos. Ele n\u00e3o resistiu aos ferimentos e veio a \u00f3bito ainda no local.<\/p>\n\n\n\n<figure class=\"wp-block-video\"><video height=\"360\" style=\"aspect-ratio: 640 \/ 360;\" width=\"640\" controls src=\"https:\/\/sgvaimudar.com.br\/wp-content\/uploads\/2024\/07\/Sargento-da-PM-e-morto-a-tiros-em-posto-de-combustivel-no-RJ-assista-o-video.mp4\"><\/video><\/figure>\n\n\n\n<p>Imagens de uma c\u00e2mera de seguran\u00e7a registraram o momento em que cinco homens armados descem de um carro. Um desses homens fica de tocaia na frente do ve\u00edculo, enquanto os outros quatros seguem em dire\u00e7\u00e3o ao policial e atiram.<\/p>\n\n\n\n<p>No v\u00eddeo, \u00e9 poss\u00edvel ver que, logo em seguida, os tiros cessaram e os suspeitos fugiram da cena do crime em alta velocidade. Mais tarde, o carro usado por eles foi encontrado abandonado e incendiado.<\/p>\n\n\n\n<p>Ainda de acordo com a Pol\u00edcia Militar, familiares disseram que Vanderlei vinha sendo amea\u00e7ado por criminosos de uma fac\u00e7\u00e3o criminosa.<\/p>\n\n\n\n<p>A cena do crime foi periciada para levantar informa\u00e7\u00f5es que possam ajudar a Pol\u00edcia Civil nas investiga\u00e7\u00f5es. No local,\u00a0foram apreendidas 108 muni\u00e7\u00f5es, sendo a maior de parte de calibres 556 e 9 mil\u00edmetros.<\/p>\n\n\n\n<p>Em seguida, o corpo foi levado para o Instituto M\u00e9dico Legal (IML) de Volta Redonda (RJ).<\/p>\n\n\n\n<p>O caso foi registrado na delegacia de Itatiaia. At\u00e9 a publica\u00e7\u00e3o desta reportagem, ningu\u00e9m havia sido preso e a motiva\u00e7\u00e3o do homic\u00eddio era desconhecida.<\/p>\n\n\n\n<p>Em nota a assessoria da Pol\u00edcia Militar, informou que o agente estava de folga. Vanderlei era lotado no 37\u00ba Batalh\u00e3o da Pol\u00edcia Militar de Resende e estava na corpora\u00e7\u00e3o desde abril de 2011. Ele deixou dois filhos.<\/p>\n\n\n\n<p><em>Fonte: G1<\/em><\/p>\n\n\n\n<figure class=\"wp-block-image size-full\"><img decoding=\"async\" width=\"250\" height=\"87\" src=\"https:\/\/sgvaimudar.com.br\/wp-content\/uploads\/2023\/08\/cropped-Logo.png\" alt=\"\" class=\"wp-image-2739\" \/><\/figure>\n","protected":false},"excerpt":{"rendered":"<p>Estabelecimento fica \u00e0s margens da Via Dutra. V\u00edtima foi identificada como Vanderlei da Silva Pereira, de 40 anos. Foram recolhidas&hellip;<\/p>\n","protected":false},"author":5,"featured_media":9654,"comment_status":"open","ping_status":"open","sticky":false,"template":"","format":"standard","meta":{"fifu_image_url":"","fifu_image_alt":"","footnotes":""},"categories":[32],"tags":[],"class_list":["post-9652","post","type-post","status-publish","format-standard","has-post-thumbnail","hentry","category-casos-de-policia"],"_links":{"self":[{"href":"https:\/\/sgvaimudar.com.br\/index.php\/wp-json\/wp\/v2\/posts\/9652","targetHints":{"allow":["GET"]}}],"collection":[{"href":"https:\/\/sgvaimudar.com.br\/index.php\/wp-json\/wp\/v2\/posts"}],"about":[{"href":"https:\/\/sgvaimudar.com.br\/index.php\/wp-json\/wp\/v2\/types\/post"}],"author":[{"embeddable":true,"href":"https:\/\/sgvaimudar.com.br\/index.php\/wp-json\/wp\/v2\/users\/5"}],"replies":[{"embeddable":true,"href":"https:\/\/sgvaimudar.com.br\/index.php\/wp-json\/wp\/v2\/comments?post=9652"}],"version-history":[{"count":1,"href":"https:\/\/sgvaimudar.com.br\/index.php\/wp-json\/wp\/v2\/posts\/9652\/revisions"}],"predecessor-version":[{"id":9655,"href":"https:\/\/sgvaimudar.com.br\/index.php\/wp-json\/wp\/v2\/posts\/9652\/revisions\/9655"}],"wp:featuredmedia":[{"embeddable":true,"href":"https:\/\/sgvaimudar.com.br\/index.php\/wp-json\/wp\/v2\/media\/9654"}],"wp:attachment":[{"href":"https:\/\/sgvaimudar.com.br\/index.php\/wp-json\/wp\/v2\/media?parent=9652"}],"wp:term":[{"taxonomy":"category","embeddable":true,"href":"https:\/\/sgvaimudar.com.br\/index.php\/wp-json\/wp\/v2\/categories?post=9652"},{"taxonomy":"post_tag","embeddable":true,"href":"https:\/\/sgvaimudar.com.br\/index.php\/wp-json\/wp\/v2\/tags?post=9652"}],"curies":[{"name":"wp","href":"https:\/\/api.w.org\/{rel}","templated":true}]}}