{"id":9620,"date":"2024-07-26T14:00:00","date_gmt":"2024-07-26T17:00:00","guid":{"rendered":"https:\/\/sgvaimudar.com.br\/?p=9620"},"modified":"2024-07-26T10:41:01","modified_gmt":"2024-07-26T13:41:01","slug":"sao-goncalo-prorroga-prazo-para-vacinar-contra-covid-19-com-a-xbb","status":"publish","type":"post","link":"https:\/\/sgvaimudar.com.br\/index.php\/2024\/07\/26\/sao-goncalo-prorroga-prazo-para-vacinar-contra-covid-19-com-a-xbb\/","title":{"rendered":"S\u00e3o Gon\u00e7alo prorroga prazo para vacinar contra covid-19 com a XBB"},"content":{"rendered":"\n<p><em>At\u00e9 3 de agosto, imunizante estar\u00e1 dispon\u00edvel para a popula\u00e7\u00e3o com mais de 5 anos<\/em><\/p>\n\n\n\n<p>A Secretaria de Sa\u00fade da Prefeitura de S\u00e3o Gon\u00e7alo prorrogou, at\u00e9 o dia 3 de agosto, a vacina\u00e7\u00e3o contra o coronav\u00edrus com o novo imunizante \u2013 a monovalente XBB, da fabricante Moderna, para todos os gon\u00e7alenses com mais de cinco anos. A XBB est\u00e1 dispon\u00edvel em 63 salas de vacina da rede municipal, de segunda a sexta, das 8h \u00e0s 17h. E nas duas cl\u00ednicas municipais Gon\u00e7alense do Mutondo e da Fam\u00edlia Dr. Zerbini, no Arsenal, que atendem, durante a semana, das 8h \u00e0s 21h. Aos s\u00e1bados, a vacina\u00e7\u00e3o ocorre somente nas cl\u00ednicas, das 8h \u00e0s 12h.<\/p>\n\n\n\n<p>&nbsp;&nbsp;&nbsp;&nbsp;&nbsp;Para a aplica\u00e7\u00e3o, os gon\u00e7alenses t\u00eam que ter um intervalo de tr\u00eas meses da \u00faltima vacina\u00e7\u00e3o contra o coronav\u00edrus. A monovalente XBB pode ser aplicada com todas as outras vacinas e medica\u00e7\u00f5es, exceto com a vacina contra a dengue, que deve ter intervalo de 24 horas. A contraindica\u00e7\u00e3o \u00e9 para aqueles que t\u00eam rea\u00e7\u00e3o al\u00e9rgica a qualquer componente da vacina.<\/p>\n\n\n\n<p><strong>Crian\u00e7as&nbsp;<\/strong>\u2013 A vacina\u00e7\u00e3o tamb\u00e9m est\u00e1 dispon\u00edvel para as crian\u00e7as entre seis meses e 4 anos, 11 meses e 29 dias em todas as salas de vacina. Para se vacinar, \u00e9 preciso apresentar a carteira de vacina\u00e7\u00e3o (adulto e crian\u00e7a), identidade ou certid\u00e3o de nascimento, cart\u00e3o do SUS ou CPF. Para garantir a vacina\u00e7\u00e3o, os gon\u00e7alenses devem chegar meia hora antes da previs\u00e3o do fim do expediente.<\/p>\n\n\n\n<p><strong>Locais de vacina\u00e7\u00e3o:<\/strong><\/p>\n\n\n\n<p>1 \u2013 Polo Sanit\u00e1rio Paulo Marques Rangel, Porto do Rosa<\/p>\n\n\n\n<p>2 \u2013 USF Jardim Catarina I<\/p>\n\n\n\n<p>3 \u2013 USF Jos\u00e9 Avelino de Souza, Tribob\u00f3<\/p>\n\n\n\n<p>4 \u2013 USF Agenor Jos\u00e9 da Silva, Jardim Catarina<\/p>\n\n\n\n<p>5 \u2013 USF Louis Pasteur, Guaxindiba<\/p>\n\n\n\n<p>6 \u2013 Cl\u00ednica Gon\u00e7alense do Barro Vermelho<\/p>\n\n\n\n<p>7 \u2013 PAM Coelho<\/p>\n\n\n\n<p>8 \u2013 Polo Sanit\u00e1rio Washington Luiz Lopes, Z\u00e9 Garoto<\/p>\n\n\n\n<p>9 \u2013 USF David Capistrano, Ita\u00fana<\/p>\n\n\n\n<p>10 \u2013 USF Barbosa Lima Sobrinho, Boa Vista<\/p>\n\n\n\n<p>11 \u2013 Cl\u00ednica Gon\u00e7alense do Mutondo<\/p>\n\n\n\n<p>12 \u2013 USF Jos\u00e9 Bruno Neto, Boa Vista<\/p>\n\n\n\n<p>13 \u2013 USF Floren\u00e7a Pereira, Largo da Ideia<\/p>\n\n\n\n<p>14 \u2013 Polo Sanit\u00e1rio H\u00e9lio Cruz, Alc\u00e2ntara<\/p>\n\n\n\n<p>15 \u2013 USF Juarez Antunes, Laranjal<\/p>\n\n\n\n<p>16 \u2013 Polo Sanit\u00e1rio Rio do Ouro<\/p>\n\n\n\n<p>17 \u2013 USF Anaia<\/p>\n\n\n\n<p>18 \u2013 USF Ana Nery, Gradim&nbsp;&nbsp;&nbsp;&nbsp;&nbsp;&nbsp;&nbsp;&nbsp;&nbsp;&nbsp;&nbsp;&nbsp;&nbsp;&nbsp;&nbsp;&nbsp;<\/p>\n\n\n\n<p>19 \u2013 Polo Sanit\u00e1rio Jorge Teixeira de Lima, Jardim Catarina<\/p>\n\n\n\n<p>20 \u2013 USF Mahatma Ghandi, Jardim Calif\u00f3rnia<\/p>\n\n\n\n<p>21 \u2013 USF Manoel de Abreu, Ipi\u00edba<\/p>\n\n\n\n<p>22 \u2013 USF Altair da Silva, Mutu\u00e1&nbsp;<\/p>\n\n\n\n<p>23 \u2013 USF Madre Teresa de Calcut\u00e1, Estrela do Norte<\/p>\n\n\n\n<p>24 \u2013 USF Neuza Goulart, Palmeiras<\/p>\n\n\n\n<p>25 \u2013 USF Fl\u00e1vio Henrique de Brito, J\u00f3quei<\/p>\n\n\n\n<p>26 \u2013 USF Jardel do Amaral, Venda da Cruz<\/p>\n\n\n\n<p>27 \u2013 USF Luiz Paulo Guimar\u00e3es, Laranjal<\/p>\n\n\n\n<p>28 \u2013 USF Gladys Rodrigues Ramos Freitas, Santa Isabel<\/p>\n\n\n\n<p>29 \u2013 USF Jo\u00e3o Goulart, Jardim Catarina<\/p>\n\n\n\n<p>30 \u2013 USF Marechal C\u00e2ndido Rondon, Capote<\/p>\n\n\n\n<p>31 \u2013 USF Ary Teixeira, Jardim Bom Retiro<\/p>\n\n\n\n<p>32 \u2013 USF Luiz Carlos Prestes, Santa Catarina<\/p>\n\n\n\n<p>33 \u2013 USF Badger Silveira, Tribob\u00f3<\/p>\n\n\n\n<p>34 \u2013 USF Victor Chimelly, Paiva&nbsp;<\/p>\n\n\n\n<p>35 \u2013 Cl\u00ednica Municipal da Fam\u00edlia Dr. Zerbini, Arsenal<\/p>\n\n\n\n<p>36 \u2013 USF Alexander Fleming, Boa\u00e7u<\/p>\n\n\n\n<p>37 \u2013 PAM Neves<\/p>\n\n\n\n<p>38 \u2013 USF Tancredo Neves, Luiz Ca\u00e7ador<\/p>\n\n\n\n<p>39 \u2013 USF Geremias de Mattos Fontes, Jardim Bom Retiro<\/p>\n\n\n\n<p>40 \u2013 USF Quinta Dom Ricardo<\/p>\n\n\n\n<p>41 \u2013 USF Wally Figueiras da Silva, Rocha<\/p>\n\n\n\n<p>42 \u2013 USF Hiparco Ferreira, Engenho do Ro\u00e7ado<\/p>\n\n\n\n<p>43 \u2013 USF Almerinda<\/p>\n\n\n\n<p>44 \u2013 Espa\u00e7o Sa\u00fade N\u00e3o Pode Esperar, Shopping S\u00e3o Gon\u00e7alo, Boa Vista<\/p>\n\n\n\n<p>45 \u2013 Cl\u00ednica Municipal do Coluband\u00ea<\/p>\n\n\n\n<p>46 \u2013 USF Presidente Get\u00falio Vargas, Boa Vista<\/p>\n\n\n\n<p>47 \u2013 USF Dr. Robert Koch, Porto da Madama<\/p>\n\n\n\n<p>48 \u2013&nbsp;USF Doutel de Andrade, Maria Paula&nbsp;<\/p>\n\n\n\n<p>49 \u2013 USF Bocayuva Cunha, Gradim<\/p>\n\n\n\n<p>50 \u2013 USF Roberto Silveira, Vista Alegre<\/p>\n\n\n\n<p>51 \u2013 USF Santa Luzia<\/p>\n\n\n\n<p>52 \u2013 USF Port\u00e3o do Rosa<\/p>\n\n\n\n<p>53 \u2013 USF An\u00edbal Porto, Monjolos<\/p>\n\n\n\n<p>54 \u2013 USF Alberto Constantino Farah, Mutu\u00e1&nbsp;<\/p>\n\n\n\n<p>55 \u2013 USF Floriano Barbosa, Jardim Catarina<\/p>\n\n\n\n<p>56 \u2013 USF Marambaia<\/p>\n\n\n\n<p>57 \u2013 Policl\u00ednica Gon\u00e7alense de Refer\u00eancia para Doen\u00e7as Cr\u00f4nicas e Transmiss\u00edveis, Parada 40&nbsp;<\/p>\n\n\n\n<p>58 \u2013 USF Z\u00e9 Garoto<\/p>\n\n\n\n<p>59 \u2013 USF Oswaldo Cruz, Amendoeira<\/p>\n\n\n\n<p>60 \u2013 USF Elza Borges, Santa Luzia<\/p>\n\n\n\n<p>61 \u2013 USF Apolo III<\/p>\n\n\n\n<p>62 \u2013 USF Irm\u00e3 Dulce, Trindade<\/p>\n\n\n\n<p>63 \u2013 USF Jos\u00e9 Jorge Cortes Freitas, Itaitindiba<\/p>\n\n\n\n<p>64 &#8211; USF Ita\u00fana<\/p>\n\n\n\n<p>65 &#8211; USF \u00c1gua Mineral.<\/p>\n","protected":false},"excerpt":{"rendered":"<p>At\u00e9 3 de agosto, imunizante estar\u00e1 dispon\u00edvel para a popula\u00e7\u00e3o com mais de 5 anos A Secretaria de Sa\u00fade da&hellip;<\/p>\n","protected":false},"author":5,"featured_media":9621,"comment_status":"open","ping_status":"open","sticky":false,"template":"","format":"standard","meta":{"fifu_image_url":"","fifu_image_alt":"","footnotes":""},"categories":[7],"tags":[],"class_list":["post-9620","post","type-post","status-publish","format-standard","has-post-thumbnail","hentry","category-saude"],"_links":{"self":[{"href":"https:\/\/sgvaimudar.com.br\/index.php\/wp-json\/wp\/v2\/posts\/9620","targetHints":{"allow":["GET"]}}],"collection":[{"href":"https:\/\/sgvaimudar.com.br\/index.php\/wp-json\/wp\/v2\/posts"}],"about":[{"href":"https:\/\/sgvaimudar.com.br\/index.php\/wp-json\/wp\/v2\/types\/post"}],"author":[{"embeddable":true,"href":"https:\/\/sgvaimudar.com.br\/index.php\/wp-json\/wp\/v2\/users\/5"}],"replies":[{"embeddable":true,"href":"https:\/\/sgvaimudar.com.br\/index.php\/wp-json\/wp\/v2\/comments?post=9620"}],"version-history":[{"count":1,"href":"https:\/\/sgvaimudar.com.br\/index.php\/wp-json\/wp\/v2\/posts\/9620\/revisions"}],"predecessor-version":[{"id":9622,"href":"https:\/\/sgvaimudar.com.br\/index.php\/wp-json\/wp\/v2\/posts\/9620\/revisions\/9622"}],"wp:featuredmedia":[{"embeddable":true,"href":"https:\/\/sgvaimudar.com.br\/index.php\/wp-json\/wp\/v2\/media\/9621"}],"wp:attachment":[{"href":"https:\/\/sgvaimudar.com.br\/index.php\/wp-json\/wp\/v2\/media?parent=9620"}],"wp:term":[{"taxonomy":"category","embeddable":true,"href":"https:\/\/sgvaimudar.com.br\/index.php\/wp-json\/wp\/v2\/categories?post=9620"},{"taxonomy":"post_tag","embeddable":true,"href":"https:\/\/sgvaimudar.com.br\/index.php\/wp-json\/wp\/v2\/tags?post=9620"}],"curies":[{"name":"wp","href":"https:\/\/api.w.org\/{rel}","templated":true}]}}