{"id":9611,"date":"2024-07-26T12:00:00","date_gmt":"2024-07-26T15:00:00","guid":{"rendered":"https:\/\/sgvaimudar.com.br\/?p=9611"},"modified":"2024-07-26T10:14:23","modified_gmt":"2024-07-26T13:14:23","slug":"dia-do-motociclista-com-acao-e-servicos-gratuitos-na-br-101-rj","status":"publish","type":"post","link":"https:\/\/sgvaimudar.com.br\/index.php\/2024\/07\/26\/dia-do-motociclista-com-acao-e-servicos-gratuitos-na-br-101-rj\/","title":{"rendered":"Dia do Motociclista com a\u00e7\u00e3o e servi\u00e7os gratuitos na BR-101\/RJ"},"content":{"rendered":"\n<p><em>Arteris Fluminense e parceiros intensificar\u00e3o a\u00e7\u00f5es de conscientiza\u00e7\u00e3o com motociclistas na manh\u00e3 desta sexta (26) em S\u00e3o Gon\u00e7alo<\/em><\/p>\n\n\n\n<p>Na manh\u00e3 desta sexta-feira (26), os motociclistas que trafegarem pela regi\u00e3o de S\u00e3o Gon\u00e7alo da BR-101\/RJ ter\u00e3o \u00e0 disposi\u00e7\u00e3o servi\u00e7os gratuitos com foco em sa\u00fade, seguran\u00e7a e bem-estar. A a\u00e7\u00e3o Viva Motociclista \u00e9 um esfor\u00e7o m\u00fatuo entre a Arteris Fluminense, Pol\u00edcia Rodovi\u00e1ria Federal, Secretarias de Transportes e Sa\u00fade de S\u00e3o Gon\u00e7alo, Detran, Sest Senat e Concession\u00e1ria Yamaha, refor\u00e7a a import\u00e2ncia do uso de equipamentos de seguran\u00e7a, manuten\u00e7\u00e3o preventiva e dire\u00e7\u00e3o cautelosa, para evitar acidentes.<\/p>\n\n\n\n<p>O evento acontece a partir das 9h30, na Base Operacional do km 318 da BR-101\/RJ, pista sentido Itabora\u00ed, pr\u00f3ximo ao acesso para a Avenida Paiva, em Neves. Os motociclistas contar\u00e3o com servi\u00e7os gratuitos como check-up de sa\u00fade, higieniza\u00e7\u00e3o de capacete, instala\u00e7\u00e3o de antenas anticerol e brindes. Haver\u00e1 ainda entrega de um brinde especial em comemora\u00e7\u00e3o ao Dia do Motociclista, celebrado no dia 27 de julho.<\/p>\n\n\n\n<p>\u201cOs acidentes com motociclistas podem ser reduzidos por meio da conscientiza\u00e7\u00e3o e comportamento seguro. O essencial, sempre, \u00e9 que cada cidad\u00e3o se compreenda como protagonista nas ruas e rodovias\u201d, explica Munique Quadros, analista de Responsabilidade Social da Arteris Fluminense<\/p>\n\n\n\n<p><strong>Aten\u00e7\u00e3o ao uso do capacete<\/strong><\/p>\n\n\n\n<p>Entre os assuntos abordados est\u00e1 o uso obrigat\u00f3rio do capacete, previsto no C\u00f3digo de Tr\u00e2nsito Brasileiro, tema que tem chamado a aten\u00e7\u00e3o da Arteris nos \u00faltimos meses. Um levantamento feito pela concession\u00e1ria identificou que no \u00faltimo ano, em 33% dos acidentes envolvendo motos com v\u00edtimas fatais os motociclistas n\u00e3o utilizavam o capacete no trecho da rodovia sob sua administra\u00e7\u00e3o.<\/p>\n\n\n\n<figure class=\"wp-block-image size-full\"><img decoding=\"async\" width=\"251\" height=\"88\" src=\"https:\/\/sgvaimudar.com.br\/wp-content\/uploads\/2023\/08\/Logo.png\" alt=\"\" class=\"wp-image-2738\" \/><\/figure>\n","protected":false},"excerpt":{"rendered":"<p>Arteris Fluminense e parceiros intensificar\u00e3o a\u00e7\u00f5es de conscientiza\u00e7\u00e3o com motociclistas na manh\u00e3 desta sexta (26) em S\u00e3o Gon\u00e7alo Na manh\u00e3&hellip;<\/p>\n","protected":false},"author":5,"featured_media":9612,"comment_status":"open","ping_status":"open","sticky":false,"template":"","format":"standard","meta":{"fifu_image_url":"","fifu_image_alt":"","footnotes":""},"categories":[3],"tags":[],"class_list":["post-9611","post","type-post","status-publish","format-standard","has-post-thumbnail","hentry","category-sao-goncalo"],"_links":{"self":[{"href":"https:\/\/sgvaimudar.com.br\/index.php\/wp-json\/wp\/v2\/posts\/9611","targetHints":{"allow":["GET"]}}],"collection":[{"href":"https:\/\/sgvaimudar.com.br\/index.php\/wp-json\/wp\/v2\/posts"}],"about":[{"href":"https:\/\/sgvaimudar.com.br\/index.php\/wp-json\/wp\/v2\/types\/post"}],"author":[{"embeddable":true,"href":"https:\/\/sgvaimudar.com.br\/index.php\/wp-json\/wp\/v2\/users\/5"}],"replies":[{"embeddable":true,"href":"https:\/\/sgvaimudar.com.br\/index.php\/wp-json\/wp\/v2\/comments?post=9611"}],"version-history":[{"count":1,"href":"https:\/\/sgvaimudar.com.br\/index.php\/wp-json\/wp\/v2\/posts\/9611\/revisions"}],"predecessor-version":[{"id":9613,"href":"https:\/\/sgvaimudar.com.br\/index.php\/wp-json\/wp\/v2\/posts\/9611\/revisions\/9613"}],"wp:featuredmedia":[{"embeddable":true,"href":"https:\/\/sgvaimudar.com.br\/index.php\/wp-json\/wp\/v2\/media\/9612"}],"wp:attachment":[{"href":"https:\/\/sgvaimudar.com.br\/index.php\/wp-json\/wp\/v2\/media?parent=9611"}],"wp:term":[{"taxonomy":"category","embeddable":true,"href":"https:\/\/sgvaimudar.com.br\/index.php\/wp-json\/wp\/v2\/categories?post=9611"},{"taxonomy":"post_tag","embeddable":true,"href":"https:\/\/sgvaimudar.com.br\/index.php\/wp-json\/wp\/v2\/tags?post=9611"}],"curies":[{"name":"wp","href":"https:\/\/api.w.org\/{rel}","templated":true}]}}