{"id":9599,"date":"2024-07-26T09:22:32","date_gmt":"2024-07-26T12:22:32","guid":{"rendered":"https:\/\/sgvaimudar.com.br\/?p=9599"},"modified":"2024-07-26T09:22:33","modified_gmt":"2024-07-26T12:22:33","slug":"motorista-que-acelerou-carro-com-homem-pendurado-diz-que-seria-assaltado-com-filha-de-3-anos-fiz-para-proteger-minha-familia","status":"publish","type":"post","link":"https:\/\/sgvaimudar.com.br\/index.php\/2024\/07\/26\/motorista-que-acelerou-carro-com-homem-pendurado-diz-que-seria-assaltado-com-filha-de-3-anos-fiz-para-proteger-minha-familia\/","title":{"rendered":"Motorista que acelerou carro com homem pendurado diz que seria assaltado com filha de 3 anos: \u2018Fiz para proteger minha fam\u00edlia\u2019"},"content":{"rendered":"\n<p><em>O motorista disse que o homem tentou pegar o celular dele na hora que a janela estava sendo fechada. Ele contou que desacelerou o carro antes de reabrir a janela para que assaltante n\u00e3o ca\u00edsse<\/em><\/p>\n\n\n\n<p>O motorista que dirigia o carro que foi filmado com um homem pendurado do lado de fora da janela, na noite desta quarta-feira afirmou que subiu o vidro para n\u00e3o ser assaltado em um sinal de tr\u00e2nsito na Avenida Salvador Allende, na Barra da Tijuca, Zona Oeste do Rio\u00a0<strong><em>(assista ao v\u00eddeo abaixo).<\/em><\/strong><\/p>\n\n\n\n<figure class=\"wp-block-video\"><video height=\"640\" style=\"aspect-ratio: 360 \/ 640;\" width=\"360\" controls src=\"https:\/\/sgvaimudar.com.br\/wp-content\/uploads\/2024\/07\/Motorista-acelera-e-ladrao-fica-pendurado-em-porta-de-carro.mp4\"><\/video><\/figure>\n\n\n\n<p>Rafael Queiroz, de 27 anos, conta que estava com\u00a0a filha de 3 anos no carro\u00a0na hora em que percebeu um vulto indo na dire\u00e7\u00e3o do ve\u00edculo. Assustado, o motorista tentou fechar a janela, mas a m\u00e3o do homem ficou presa. Rafael disse posteriormente ter\u00a0pensado que sofreria um assalto.<\/p>\n\n\n\n<p>&#8220;Minha rea\u00e7\u00e3o foi levantar o vidro r\u00e1pido e acelerar porque eu estava com a minha fam\u00edlia no carro, minha filha de 3 anos estava junto. Foi um ato de seguran\u00e7a. Tem menos de um ano que eu fui assaltado e levaram tudo&#8221;, contou Rafael.<\/p>\n\n\n\n<figure class=\"wp-block-image size-large\"><img fetchpriority=\"high\" decoding=\"async\" width=\"1024\" height=\"768\" src=\"https:\/\/sgvaimudar.com.br\/wp-content\/uploads\/2024\/07\/WhatsApp-Image-2024-07-26-at-09.20.47-1024x768.jpeg\" alt=\"\" class=\"wp-image-9601\" srcset=\"https:\/\/sgvaimudar.com.br\/wp-content\/uploads\/2024\/07\/WhatsApp-Image-2024-07-26-at-09.20.47-1024x768.jpeg 1024w, https:\/\/sgvaimudar.com.br\/wp-content\/uploads\/2024\/07\/WhatsApp-Image-2024-07-26-at-09.20.47-300x225.jpeg 300w, https:\/\/sgvaimudar.com.br\/wp-content\/uploads\/2024\/07\/WhatsApp-Image-2024-07-26-at-09.20.47-768x576.jpeg 768w, https:\/\/sgvaimudar.com.br\/wp-content\/uploads\/2024\/07\/WhatsApp-Image-2024-07-26-at-09.20.47-1536x1152.jpeg 1536w, https:\/\/sgvaimudar.com.br\/wp-content\/uploads\/2024\/07\/WhatsApp-Image-2024-07-26-at-09.20.47.jpeg 1600w\" sizes=\"(max-width: 1024px) 100vw, 1024px\" \/><\/figure>\n\n\n\n<p>Rafael disse que&nbsp;desacelerou o carro e abriu a janela para que o homem n\u00e3o ca\u00edsse do carro&nbsp;e se machucasse.<\/p>\n\n\n\n<p>&#8220;O cidad\u00e3o brasileiro est\u00e1 cansado dessa falta de seguran\u00e7a. O rapaz acredito que ficou bem. Eu n\u00e3o podia parar antes porque n\u00e3o sabia se ele estava armado ou com uma faca, eu fiz para proteger minha fam\u00edlia&#8221;, completa o motorista.<\/p>\n\n\n\n<p>O v\u00eddeo feito por testemunhas mostra que um homem de bermuda segura o vidro do lado do motorista com as m\u00e3os. As pernas dele ficam soltas. Em determinado momento, o homem pendurado chega a levantar a perna e apoi\u00e1-la no retrovisor. Ele tamb\u00e9m encosta um dos p\u00e9s no ch\u00e3o rapidamente.<\/p>\n\n\n\n<p>Depois de soltar o homem do carro, Rafael levou a fam\u00edlia para casa e n\u00e3o procurou a pol\u00edcia. O jovem afirmou ainda que roubos no tr\u00e2nsito t\u00eam sido comuns na regi\u00e3o da Barra da Tijuca e Recreio dos Bandeirantes e que a sensa\u00e7\u00e3o de inseguran\u00e7a \u00e9 grande.<\/p>\n\n\n\n<p>A PM\u00a0afirmou que a corpora\u00e7\u00e3o tomou conhecimento pelas redes sociais do v\u00eddeo que mostrava o suspeito pendurado na janela do carro. Depois disso, o 31\u00ba BPM (Recreio dos Bandeirantes) realizou uma busca na \u00e1rea. A PM afirmou ainda que o policiamento ser\u00e1 refor\u00e7ado na regi\u00e3o para evitar roubos.<\/p>\n\n\n\n<p>A v\u00edtima disse que n\u00e3o vai registrar o epis\u00f3dio lament\u00e1vel na delegacia.  <\/p>\n\n\n\n<figure class=\"wp-block-image size-large\"><img decoding=\"async\" width=\"1024\" height=\"321\" src=\"https:\/\/sgvaimudar.com.br\/wp-content\/uploads\/2023\/08\/Logo-Provisoria-2-1024x321.png\" alt=\"\" class=\"wp-image-2777\" srcset=\"https:\/\/sgvaimudar.com.br\/wp-content\/uploads\/2023\/08\/Logo-Provisoria-2-1024x321.png 1024w, https:\/\/sgvaimudar.com.br\/wp-content\/uploads\/2023\/08\/Logo-Provisoria-2-300x94.png 300w, https:\/\/sgvaimudar.com.br\/wp-content\/uploads\/2023\/08\/Logo-Provisoria-2-768x241.png 768w, https:\/\/sgvaimudar.com.br\/wp-content\/uploads\/2023\/08\/Logo-Provisoria-2-1536x482.png 1536w, https:\/\/sgvaimudar.com.br\/wp-content\/uploads\/2023\/08\/Logo-Provisoria-2-2048x642.png 2048w\" sizes=\"(max-width: 1024px) 100vw, 1024px\" \/><\/figure>\n","protected":false},"excerpt":{"rendered":"<p>O motorista disse que o homem tentou pegar o celular dele na hora que a janela estava sendo fechada. Ele&hellip;<\/p>\n","protected":false},"author":5,"featured_media":9602,"comment_status":"open","ping_status":"open","sticky":false,"template":"","format":"standard","meta":{"fifu_image_url":"","fifu_image_alt":"","footnotes":""},"categories":[32],"tags":[],"class_list":["post-9599","post","type-post","status-publish","format-standard","has-post-thumbnail","hentry","category-casos-de-policia"],"_links":{"self":[{"href":"https:\/\/sgvaimudar.com.br\/index.php\/wp-json\/wp\/v2\/posts\/9599","targetHints":{"allow":["GET"]}}],"collection":[{"href":"https:\/\/sgvaimudar.com.br\/index.php\/wp-json\/wp\/v2\/posts"}],"about":[{"href":"https:\/\/sgvaimudar.com.br\/index.php\/wp-json\/wp\/v2\/types\/post"}],"author":[{"embeddable":true,"href":"https:\/\/sgvaimudar.com.br\/index.php\/wp-json\/wp\/v2\/users\/5"}],"replies":[{"embeddable":true,"href":"https:\/\/sgvaimudar.com.br\/index.php\/wp-json\/wp\/v2\/comments?post=9599"}],"version-history":[{"count":1,"href":"https:\/\/sgvaimudar.com.br\/index.php\/wp-json\/wp\/v2\/posts\/9599\/revisions"}],"predecessor-version":[{"id":9603,"href":"https:\/\/sgvaimudar.com.br\/index.php\/wp-json\/wp\/v2\/posts\/9599\/revisions\/9603"}],"wp:featuredmedia":[{"embeddable":true,"href":"https:\/\/sgvaimudar.com.br\/index.php\/wp-json\/wp\/v2\/media\/9602"}],"wp:attachment":[{"href":"https:\/\/sgvaimudar.com.br\/index.php\/wp-json\/wp\/v2\/media?parent=9599"}],"wp:term":[{"taxonomy":"category","embeddable":true,"href":"https:\/\/sgvaimudar.com.br\/index.php\/wp-json\/wp\/v2\/categories?post=9599"},{"taxonomy":"post_tag","embeddable":true,"href":"https:\/\/sgvaimudar.com.br\/index.php\/wp-json\/wp\/v2\/tags?post=9599"}],"curies":[{"name":"wp","href":"https:\/\/api.w.org\/{rel}","templated":true}]}}