{"id":9584,"date":"2024-07-25T09:54:19","date_gmt":"2024-07-25T12:54:19","guid":{"rendered":"https:\/\/sgvaimudar.com.br\/?p=9584"},"modified":"2024-07-25T09:54:20","modified_gmt":"2024-07-25T12:54:20","slug":"governador-claudio-castro-autoriza-concurso-para-mais-de-500-vagas-no-degase","status":"publish","type":"post","link":"https:\/\/sgvaimudar.com.br\/index.php\/2024\/07\/25\/governador-claudio-castro-autoriza-concurso-para-mais-de-500-vagas-no-degase\/","title":{"rendered":"Governador Cl\u00e1udio Castro autoriza concurso para mais de 500 vagas no Degase"},"content":{"rendered":"\n<p><em>Aprovados atuar\u00e3o em sete novas unidades que ser\u00e3o inauguradas no pr\u00f3ximo ano. \u00daltima turma de aprovados do concurso de 2011 tamb\u00e9m ser\u00e1 convocada<\/em><\/p>\n\n\n\n<p>O governador Cl\u00e1udio Castro autorizou a abertura de um concurso para 585 vagas no Departamento Geral de A\u00e7\u00f5es Socioeducativas (Degase). As vagas ser\u00e3o destinadas para recompor o efetivo do \u00f3rg\u00e3o e garantir estrutura de pessoal para as sete novas unidades do Degase, que ser\u00e3o entregues em 2025. A medida foi publicada no Di\u00e1rio Oficial desta quinta-feira (25\/07).<\/p>\n\n\n\n<p>&#8211;&nbsp; Este \u00e9 mais um passo importante para atender a uma necessidade do Degase. Estamos melhorando as condi\u00e7\u00f5es de trabalho dos servidores e a qualidade do servi\u00e7o prestado aos jovens em cumprimento de medida socioeducativa. Com esse concurso vamos poder ampliar o atendimento e a ressocializa\u00e7\u00e3o dos jovens sob a responsabilidade do Estado &#8211; ressaltou o governador.<\/p>\n\n\n\n<p>A cria\u00e7\u00e3o de novas unidades faz parte do Termo de Ajustamento de Conduta (TAC), assinado entre o Governo do Estado, Minist\u00e9rio P\u00fablico e Degase. O documento prioriza a descentraliza\u00e7\u00e3o e a garantia do conv\u00edvio familiar e comunit\u00e1rio aos adolescentes e jovens adultos em cumprimento de medidas socioeducativas, prevendo a amplia\u00e7\u00e3o e regionaliza\u00e7\u00e3o de vagas para os programas de interna\u00e7\u00e3o e semiliberdade em todo o estado.<\/p>\n\n\n\n<p>&#8211;&nbsp; Com a cria\u00e7\u00e3o de novas unidades de interna\u00e7\u00e3o, tamb\u00e9m ser\u00e3o inaugurados mais tr\u00eas novos Col\u00e9gios Estaduais, que funcionam dentro dos Centros Socioeducativos do Degase. Essa iniciativa traz mais oportunidade de acesso \u00e0 educa\u00e7\u00e3o, consequentemente avan\u00e7ando na escolariza\u00e7\u00e3o e profissionaliza\u00e7\u00e3o destes jovens &#8211; destacou a secret\u00e1ria de Educa\u00e7\u00e3o, Roberta Barreto.<\/p>\n\n\n\n<p>Al\u00e9m da abertura do novo concurso, nos pr\u00f3ximos dias, o Degase ir\u00e1 convocar o \u00faltimo grupo de 59 aprovados do concurso de 2011.<\/p>\n\n\n\n<p>O diretor-geral do Degase, Victor Poubel, ressaltou a import\u00e2ncia do investimento n\u00e3o s\u00f3 no quadro de pessoal do \u00f3rg\u00e3o, mas tamb\u00e9m na estrutura, seguran\u00e7a e qualidade para os servidores e na presta\u00e7\u00e3o do servi\u00e7o socioeducativo.<\/p>\n\n\n\n<p>&#8211;&nbsp; Essa conquista reflete nosso compromisso com a reestrutura\u00e7\u00e3o e fortalecimento do \u00f3rg\u00e3o. O recente chamamento dos aprovados no \u00faltimo concurso e a autoriza\u00e7\u00e3o para o novo demonstra a confian\u00e7a do Governo em expandir nosso quadro de pessoal, o que \u00e9 fundamental para aprimorar nossos servi\u00e7os diante da cria\u00e7\u00e3o de novas unidades do Departamento &#8211; destacou Poubel.<\/p>\n\n\n\n<p><strong>Investimento de R$40 milh\u00f5es<\/strong><\/p>\n\n\n\n<p>As obras das sete novas unidades ser\u00e3o executadas pela Empresa de Obras P\u00fablicas (EMOP), com um investimento de aproximadamente R$ 40 milh\u00f5es.<\/p>\n\n\n\n<p>Ser\u00e3o tr\u00eas unidades de interna\u00e7\u00e3o e quatro de semiliberdade, localizadas em diferentes regi\u00f5es do estado, visando remodelar a estrutura das unidades do Departamento de acordo com os padr\u00f5es modernizados do Sistema Nacional de Atendimento Socioeducativo (SINASE).<\/p>\n\n\n\n<p>Os novos polos ser\u00e3o em S\u00e3o Gon\u00e7alo, Bangu, Cabo Frio, Riachuelo e Padre Miguel.<\/p>\n","protected":false},"excerpt":{"rendered":"<p>Aprovados atuar\u00e3o em sete novas unidades que ser\u00e3o inauguradas no pr\u00f3ximo ano. \u00daltima turma de aprovados do concurso de 2011&hellip;<\/p>\n","protected":false},"author":5,"featured_media":9585,"comment_status":"open","ping_status":"open","sticky":false,"template":"","format":"standard","meta":{"fifu_image_url":"","fifu_image_alt":"","footnotes":""},"categories":[32],"tags":[],"class_list":["post-9584","post","type-post","status-publish","format-standard","has-post-thumbnail","hentry","category-casos-de-policia"],"_links":{"self":[{"href":"https:\/\/sgvaimudar.com.br\/index.php\/wp-json\/wp\/v2\/posts\/9584","targetHints":{"allow":["GET"]}}],"collection":[{"href":"https:\/\/sgvaimudar.com.br\/index.php\/wp-json\/wp\/v2\/posts"}],"about":[{"href":"https:\/\/sgvaimudar.com.br\/index.php\/wp-json\/wp\/v2\/types\/post"}],"author":[{"embeddable":true,"href":"https:\/\/sgvaimudar.com.br\/index.php\/wp-json\/wp\/v2\/users\/5"}],"replies":[{"embeddable":true,"href":"https:\/\/sgvaimudar.com.br\/index.php\/wp-json\/wp\/v2\/comments?post=9584"}],"version-history":[{"count":1,"href":"https:\/\/sgvaimudar.com.br\/index.php\/wp-json\/wp\/v2\/posts\/9584\/revisions"}],"predecessor-version":[{"id":9586,"href":"https:\/\/sgvaimudar.com.br\/index.php\/wp-json\/wp\/v2\/posts\/9584\/revisions\/9586"}],"wp:featuredmedia":[{"embeddable":true,"href":"https:\/\/sgvaimudar.com.br\/index.php\/wp-json\/wp\/v2\/media\/9585"}],"wp:attachment":[{"href":"https:\/\/sgvaimudar.com.br\/index.php\/wp-json\/wp\/v2\/media?parent=9584"}],"wp:term":[{"taxonomy":"category","embeddable":true,"href":"https:\/\/sgvaimudar.com.br\/index.php\/wp-json\/wp\/v2\/categories?post=9584"},{"taxonomy":"post_tag","embeddable":true,"href":"https:\/\/sgvaimudar.com.br\/index.php\/wp-json\/wp\/v2\/tags?post=9584"}],"curies":[{"name":"wp","href":"https:\/\/api.w.org\/{rel}","templated":true}]}}