{"id":9559,"date":"2024-07-25T08:35:25","date_gmt":"2024-07-25T11:35:25","guid":{"rendered":"https:\/\/sgvaimudar.com.br\/?p=9559"},"modified":"2024-07-25T08:35:26","modified_gmt":"2024-07-25T11:35:26","slug":"policia-civil-prende-tres-traficantes-que-integram-organizacao-criminosa-em-sao-goncalo","status":"publish","type":"post","link":"https:\/\/sgvaimudar.com.br\/index.php\/2024\/07\/25\/policia-civil-prende-tres-traficantes-que-integram-organizacao-criminosa-em-sao-goncalo\/","title":{"rendered":"Pol\u00edcia Civil prende tr\u00eas traficantes que integram organiza\u00e7\u00e3o criminosa em S\u00e3o Gon\u00e7alo"},"content":{"rendered":"\n<p><em>Agentes tamb\u00e9m apreenderam grande quantidade de drogas em um tonel<\/em><\/p>\n\n\n\n<p>Os policiais civis da 72\u00aa DP (S\u00e3o Gon\u00e7alo) prenderam em flagrante, nesta ter\u00e7a-feira (23\/07), tr\u00eas traficantes do Comando Vermelho (CV) na comunidade do Abacat\u00e3o, no bairro Boa Vista, em S\u00e3o Gon\u00e7alo, na Regi\u00e3o Metropolitana do Rio. Durante a a\u00e7\u00e3o, os agentes ainda encontraram um tonel com coca\u00edna, maconha e pedras de crack.<\/p>\n\n\n\n<p>Os policiais realizavam dilig\u00eancias na regi\u00e3o ap\u00f3s informa\u00e7\u00f5es de intelig\u00eancia e monitoramento em rela\u00e7\u00e3o ao tr\u00e1fico de drogas. No local, os agentes encontraram um homem conduzindo uma motocicleta sem placa e roubada. Junto com ele, as equipes flagraram e prenderam um suspeito portando uma sacola com drogas.<\/p>\n\n\n\n<p>Durante a a\u00e7\u00e3o, outro traficante tentou fugir e tamb\u00e9m foi detido com uma quantidade de entorpecentes. Em um port\u00e3o, os agentes apreenderam cadernos de anota\u00e7\u00f5es com a contabilidade de drogas e dois r\u00e1dios comunicadores pertencentes ao tr\u00e1fico. Segundo a 72\u00aa DP, um dos presos foi reconhecido como autor de disparos efetuados contra a equipe da unidade durante uma abordagem a dois ve\u00edculos suspeitos na BR-101, em fevereiro deste ano.<\/p>\n\n\n\n<p>Os traficantes foram conduzidos \u00e0 delegacia e, em seguida, encaminhados ao sistema prisional. O material apreendido tamb\u00e9m foi levado para a unidade policial.<\/p>\n","protected":false},"excerpt":{"rendered":"<p>Agentes tamb\u00e9m apreenderam grande quantidade de drogas em um tonel Os policiais civis da 72\u00aa DP (S\u00e3o Gon\u00e7alo) prenderam em&hellip;<\/p>\n","protected":false},"author":5,"featured_media":9560,"comment_status":"open","ping_status":"open","sticky":false,"template":"","format":"standard","meta":{"fifu_image_url":"","fifu_image_alt":"","footnotes":""},"categories":[32],"tags":[],"class_list":["post-9559","post","type-post","status-publish","format-standard","has-post-thumbnail","hentry","category-casos-de-policia"],"_links":{"self":[{"href":"https:\/\/sgvaimudar.com.br\/index.php\/wp-json\/wp\/v2\/posts\/9559","targetHints":{"allow":["GET"]}}],"collection":[{"href":"https:\/\/sgvaimudar.com.br\/index.php\/wp-json\/wp\/v2\/posts"}],"about":[{"href":"https:\/\/sgvaimudar.com.br\/index.php\/wp-json\/wp\/v2\/types\/post"}],"author":[{"embeddable":true,"href":"https:\/\/sgvaimudar.com.br\/index.php\/wp-json\/wp\/v2\/users\/5"}],"replies":[{"embeddable":true,"href":"https:\/\/sgvaimudar.com.br\/index.php\/wp-json\/wp\/v2\/comments?post=9559"}],"version-history":[{"count":1,"href":"https:\/\/sgvaimudar.com.br\/index.php\/wp-json\/wp\/v2\/posts\/9559\/revisions"}],"predecessor-version":[{"id":9561,"href":"https:\/\/sgvaimudar.com.br\/index.php\/wp-json\/wp\/v2\/posts\/9559\/revisions\/9561"}],"wp:featuredmedia":[{"embeddable":true,"href":"https:\/\/sgvaimudar.com.br\/index.php\/wp-json\/wp\/v2\/media\/9560"}],"wp:attachment":[{"href":"https:\/\/sgvaimudar.com.br\/index.php\/wp-json\/wp\/v2\/media?parent=9559"}],"wp:term":[{"taxonomy":"category","embeddable":true,"href":"https:\/\/sgvaimudar.com.br\/index.php\/wp-json\/wp\/v2\/categories?post=9559"},{"taxonomy":"post_tag","embeddable":true,"href":"https:\/\/sgvaimudar.com.br\/index.php\/wp-json\/wp\/v2\/tags?post=9559"}],"curies":[{"name":"wp","href":"https:\/\/api.w.org\/{rel}","templated":true}]}}