{"id":9533,"date":"2024-07-24T18:00:00","date_gmt":"2024-07-24T21:00:00","guid":{"rendered":"https:\/\/sgvaimudar.com.br\/?p=9533"},"modified":"2024-07-24T11:29:06","modified_gmt":"2024-07-24T14:29:06","slug":"acao-ordo-recupera-68-km-de-cabos-de-telefonia-e-reprime-atuacao-irregular-de-empresas-nesta-terca-23","status":"publish","type":"post","link":"https:\/\/sgvaimudar.com.br\/index.php\/2024\/07\/24\/acao-ordo-recupera-68-km-de-cabos-de-telefonia-e-reprime-atuacao-irregular-de-empresas-nesta-terca-23\/","title":{"rendered":"A\u00e7\u00e3o Ordo recupera 6,8 km de cabos de telefonia e reprime atua\u00e7\u00e3o irregular de empresas nesta ter\u00e7a (23)"},"content":{"rendered":"\n<p><em>Desde os primeiros dias da A\u00e7\u00e3o Estruturada do Governo do Estado, concession\u00e1rias e \u00f3rg\u00e3os p\u00fablicos retomaram servi\u00e7os e recolheram armamentos e 297 kg de entorpecentes<\/em><\/p>\n\n\n\n<p>A A\u00e7\u00e3o Estruturada Ordo, que envolve a\u00e7\u00f5es integradas entre as for\u00e7as de seguran\u00e7a do Estado e concession\u00e1rias de energia, g\u00e1s, \u00e1gua e telefonia, j\u00e1 resultou em 123 pris\u00f5es em 16 comunidades de seis regi\u00f5es da Zona Oeste. Al\u00e9m disso, 8 menores foram apreendidos por estarem em conflito com a lei. O objetivo da atividade integrada \u00e9 combater atividades comerciais ilegais nas regi\u00f5es. Nesta ter\u00e7a-feira (23), a Pol\u00edcia Civil recuperou 6.800 metros de cabos de telefonia de uso exclusivo da operadora Vivo em um carro na Gard\u00eania Azul e um dep\u00f3sito de Jacarepagu\u00e1. Tr\u00eas pessoas foram presas.<\/p>\n\n\n\n<figure class=\"wp-block-image size-large\"><img fetchpriority=\"high\" decoding=\"async\" width=\"1024\" height=\"874\" src=\"https:\/\/sgvaimudar.com.br\/wp-content\/uploads\/2024\/07\/c90fffeb-05b8-4985-92fd-ea34a77bd221-1024x874.jpg\" alt=\"\" class=\"wp-image-9535\" srcset=\"https:\/\/sgvaimudar.com.br\/wp-content\/uploads\/2024\/07\/c90fffeb-05b8-4985-92fd-ea34a77bd221-1024x874.jpg 1024w, https:\/\/sgvaimudar.com.br\/wp-content\/uploads\/2024\/07\/c90fffeb-05b8-4985-92fd-ea34a77bd221-300x256.jpg 300w, https:\/\/sgvaimudar.com.br\/wp-content\/uploads\/2024\/07\/c90fffeb-05b8-4985-92fd-ea34a77bd221-768x655.jpg 768w, https:\/\/sgvaimudar.com.br\/wp-content\/uploads\/2024\/07\/c90fffeb-05b8-4985-92fd-ea34a77bd221.jpg 1280w\" sizes=\"(max-width: 1024px) 100vw, 1024px\" \/><\/figure>\n\n\n\n<p>&#8220;Pela primeira vez na hist\u00f3ria do Rio de Janeiro, temos uma a\u00e7\u00e3o integrada que corta a raiz do problema, que \u00e9 o fluxo financeiro dessas organiza\u00e7\u00f5es criminosas. Para isso, estamos regularizando os servi\u00e7os na regi\u00e3o, junto com concession\u00e1rias, para que essas organiza\u00e7\u00f5es n\u00e3o explorem mais esses servi\u00e7os e n\u00e3o adquiram capital para a compra de armas. Estamos vendo a popula\u00e7\u00e3o engajada na a\u00e7\u00e3o, denunciando por meio do Disque-Den\u00fancia e cooperando para o sucesso da a\u00e7\u00e3o&#8221;, declarou o governador Cl\u00e1udio Castro.<\/p>\n\n\n\n<p><strong>Apura\u00e7\u00e3o de irregularidades de energia<\/strong><\/p>\n\n\n\n<p>Na manh\u00e3 desta ter\u00e7a-feira, agentes da Pol\u00edcia Civil, em coopera\u00e7\u00e3o com a equipe t\u00e9cnica da concession\u00e1ria de energia Light, realizaram fiscaliza\u00e7\u00f5es na Gard\u00eania Azul e na comunidade do Terreir\u00e3o, no Recreio dos Bandeirantes. Desde o in\u00edcio da a\u00e7\u00e3o Ordo, o trabalho integrado j\u00e1 inspecionou 49 locais, resultando na identifica\u00e7\u00e3o de um preju\u00edzo superior a R$ 2,6 milh\u00f5es para a concession\u00e1ria.<\/p>\n\n\n\n<p>As irregularidades identificadas incluem liga\u00e7\u00f5es diretas e desvios de energia. Dos alvos inspecionados, 39 apresentaram problemas. Na maioria das inspe\u00e7\u00f5es o servi\u00e7o foi regularizado.<\/p>\n\n\n\n<p>&#8220;As a\u00e7\u00f5es fiscalizat\u00f3rias continuam por tempo indeterminado, o foco principal \u00e9 atividade comercial explorada na regi\u00e3o. O p\u00fablico consumidor de droga \u00e9 menor que o de internet, celular, \u00e1gua, luz e o criminoso enxergou nisso uma fonte de receita. Esse dinheiro fortalece a criminalidade, eles compram armas e essas armas s\u00e3o garantia de manuten\u00e7\u00e3o e amplia\u00e7\u00e3o dessas fac\u00e7\u00f5es&#8221;,  disse o secret\u00e1rio de seguran\u00e7a p\u00fablica, Victor dos Santos.<\/p>\n\n\n\n<p><strong>A\u00e7\u00e3o nas ruas<\/strong><\/p>\n\n\n\n<p>Policiais Militares do Batalh\u00e3o de Choque prenderam, na madrugada desta ter\u00e7a-feira, um homem que assaltava tr\u00eas pessoas na Avenida das Am\u00e9ricas, na Barra da Tijuca. Com o criminoso, foi apreendido um simulacro de arma de fogo, al\u00e9m de cinco celulares e um rel\u00f3gio. Na a\u00e7\u00e3o, ele foi baleado e encaminhado para o Hospital Municipal Louren\u00e7o Jorge.<\/p>\n\n\n\n<p>Em dilig\u00eancia na comunidade Chico City, na Gard\u00eania Azul, policiais militares do 18\u00b0 Batalh\u00e3o, de Jacarepagu\u00e1 encontraram uma mochila abandonada em uma casa, contendo 874 papelotes de coca\u00edna. Os agentes tamb\u00e9m apreenderam 4 r\u00e1dios transmissores e um caderno de anota\u00e7\u00f5es do tr\u00e1fico de drogas local. A ocorr\u00eancia foi encaminhada \u00e0 32\u00aa DP.<\/p>\n\n\n\n<p>Em a\u00e7\u00e3o do Batalh\u00e3o de A\u00e7\u00f5es com C\u00e3es (Bac) na Cidade de Deus foram apreendidos 15 kg de drogas, al\u00e9m de muni\u00e7\u00f5es e carregadores de armas. Desde os primeiros dias da A\u00e7\u00e3o Estruturada Ordo, foram recolhidos 297 kg de entorpecentes na Zona Oeste do Rio de Janeiro.<\/p>\n\n\n\n<p><strong>Alimentos estragados<\/strong><\/p>\n\n\n\n<p>Agentes da Delegacia do Consumidor (Decon) e peritos do Instituto de Criminal\u00edstica Carlos \u00c9boli (ICCE) identificaram e dascartaram, em dois mercados na Gard\u00eania Azul e no Anil, 136 kg de alimentos impr\u00f3prios para consumo. Foram encontradas carnes, frios e alimentos industrializados sem origem estabelecida, com validade vencida ou sem identifica\u00e7\u00e3o. Os gerentes dos dois estabelecimentos foram presos.<\/p>\n\n\n\n<p><strong>Furto de energia na Zona Oeste<\/strong><\/p>\n\n\n\n<p>Tr\u00eas pessoas foram presas, na manh\u00e3 desta ter\u00e7a-feira, ap\u00f3s policiais da Delegacia de Defesa dos Servi\u00e7os Delegados (DDSD) realizarem dilig\u00eancias em dois restaurantes, uma f\u00e1brica de salgados, uma loja de refrigera\u00e7\u00e3o e uma padaria no bairro Gard\u00eania Azul e na comunidade do Terreir\u00e3o, no Recreio dos Bandeirantes.<\/p>\n\n\n\n<p>Durante a vistoria, que contou com o apoio de peritos da Pol\u00edcia Civil e t\u00e9cnicos da concession\u00e1ria de energia Light, foi constatada a pr\u00e1tica de furto de energia. Tr\u00eas dos gerentes dos estabelecimentos foram presos em flagrante.<\/p>\n\n\n\n<p>A empresa de salgadinhos, que tinha um d\u00e9bito no valor de R$ 360 mil com a Light, teve os servi\u00e7os cortados. As demais foram reconduzidas ao servi\u00e7o prestado pela concession\u00e1ria.<\/p>\n\n\n\n<p><strong>Concession\u00e1rias em a\u00e7\u00e3o<\/strong><\/p>\n\n\n\n<p>A Light inspecionou 7 alvos, entre eles sal\u00f5es comerciais e de beleza, nesta ter\u00e7a-feira, contabilizando um desvio de cerca de 75 MWh de energia, avaliados em R$ 96 mil.<\/p>\n\n\n\n<p>A Naturgy, recuperou hoje, na Cidade de Deus e no Jord\u00e3o, comunidade do Tanque, 23 medidores de g\u00e1s, atendendo 26 ordens de servi\u00e7o. Desde o in\u00edcio da opera\u00e7\u00e3o, a empresa contabiliza 123 medidores, que eram usados irregularmente, recuperados e aproximadamente 150 ordens de servi\u00e7o realizadas.<\/p>\n\n\n\n<p>A operadora Claro priorizou os atendimentos na Gard\u00eania Azul, realizando a retirada de redes clandestinas de TV a cabo e internet, removendo os equipamentos usados nessas redes, que eram desviados, roubados ou furtados de operadoras regulares.<\/p>\n\n\n\n<p><strong>A\u00e7\u00e3o Ordo reflete em queda de crimes na regi\u00e3o<\/strong><\/p>\n\n\n\n<p>A atua\u00e7\u00e3o das for\u00e7as de seguran\u00e7a na Zona Oeste do Rio durante a primeira semana da A\u00e7\u00e3o Ordo j\u00e1 apresenta resultados expressivos no que diz respeito a pris\u00f5es, apreens\u00f5es, levantamento de informa\u00e7\u00f5es de intelig\u00eancia e, principalmente, na queda dos \u00edndices de criminalidade em compara\u00e7\u00e3o com os mesmos dias da semana anterior. De acordo com a Delegacia de Homic\u00eddios da Capital, entre os dias 15 e 19 de julho, n\u00e3o houve nenhum registro de homic\u00eddio nas \u00e1reas das delegacias da Barra da Tijuca (16\u00aa DP), da Taquara (32\u00aa DP) e do Recreio dos Bandeirantes (42\u00aa DP). O levantamento foi realizado pela Secretaria de Pol\u00edcia Civil.<\/p>\n\n\n\n<figure class=\"wp-block-image size-large\"><img decoding=\"async\" width=\"1024\" height=\"768\" src=\"https:\/\/sgvaimudar.com.br\/wp-content\/uploads\/2024\/07\/5bc9ee3c-58bc-46ee-ba45-d708b3540143-1024x768.jpg\" alt=\"\" class=\"wp-image-9536\" srcset=\"https:\/\/sgvaimudar.com.br\/wp-content\/uploads\/2024\/07\/5bc9ee3c-58bc-46ee-ba45-d708b3540143-1024x768.jpg 1024w, https:\/\/sgvaimudar.com.br\/wp-content\/uploads\/2024\/07\/5bc9ee3c-58bc-46ee-ba45-d708b3540143-300x225.jpg 300w, https:\/\/sgvaimudar.com.br\/wp-content\/uploads\/2024\/07\/5bc9ee3c-58bc-46ee-ba45-d708b3540143-768x576.jpg 768w, https:\/\/sgvaimudar.com.br\/wp-content\/uploads\/2024\/07\/5bc9ee3c-58bc-46ee-ba45-d708b3540143-1536x1152.jpg 1536w, https:\/\/sgvaimudar.com.br\/wp-content\/uploads\/2024\/07\/5bc9ee3c-58bc-46ee-ba45-d708b3540143.jpg 1600w\" sizes=\"(max-width: 1024px) 100vw, 1024px\" \/><\/figure>\n\n\n\n<p>Em rela\u00e7\u00e3o aos crimes de furto e de roubo, a redu\u00e7\u00e3o foi de aproximadamente 70%. As tr\u00eas distritais registraram 34 ocorr\u00eancias desse tipo de crime. Na semana anterior, foram mais de 110. Entre as maiores quedas percentuais est\u00e3o os furtos e os roubos de celular (-70%) e de ve\u00edculos (-55%). No total de crimes registrados, foram cerca de 30% a menos no mesmo per\u00edodo.<\/p>\n","protected":false},"excerpt":{"rendered":"<p>Desde os primeiros dias da A\u00e7\u00e3o Estruturada do Governo do Estado, concession\u00e1rias e \u00f3rg\u00e3os p\u00fablicos retomaram servi\u00e7os e recolheram armamentos&hellip;<\/p>\n","protected":false},"author":5,"featured_media":9534,"comment_status":"open","ping_status":"open","sticky":false,"template":"","format":"standard","meta":{"fifu_image_url":"","fifu_image_alt":"","footnotes":""},"categories":[32],"tags":[],"class_list":["post-9533","post","type-post","status-publish","format-standard","has-post-thumbnail","hentry","category-casos-de-policia"],"_links":{"self":[{"href":"https:\/\/sgvaimudar.com.br\/index.php\/wp-json\/wp\/v2\/posts\/9533","targetHints":{"allow":["GET"]}}],"collection":[{"href":"https:\/\/sgvaimudar.com.br\/index.php\/wp-json\/wp\/v2\/posts"}],"about":[{"href":"https:\/\/sgvaimudar.com.br\/index.php\/wp-json\/wp\/v2\/types\/post"}],"author":[{"embeddable":true,"href":"https:\/\/sgvaimudar.com.br\/index.php\/wp-json\/wp\/v2\/users\/5"}],"replies":[{"embeddable":true,"href":"https:\/\/sgvaimudar.com.br\/index.php\/wp-json\/wp\/v2\/comments?post=9533"}],"version-history":[{"count":1,"href":"https:\/\/sgvaimudar.com.br\/index.php\/wp-json\/wp\/v2\/posts\/9533\/revisions"}],"predecessor-version":[{"id":9537,"href":"https:\/\/sgvaimudar.com.br\/index.php\/wp-json\/wp\/v2\/posts\/9533\/revisions\/9537"}],"wp:featuredmedia":[{"embeddable":true,"href":"https:\/\/sgvaimudar.com.br\/index.php\/wp-json\/wp\/v2\/media\/9534"}],"wp:attachment":[{"href":"https:\/\/sgvaimudar.com.br\/index.php\/wp-json\/wp\/v2\/media?parent=9533"}],"wp:term":[{"taxonomy":"category","embeddable":true,"href":"https:\/\/sgvaimudar.com.br\/index.php\/wp-json\/wp\/v2\/categories?post=9533"},{"taxonomy":"post_tag","embeddable":true,"href":"https:\/\/sgvaimudar.com.br\/index.php\/wp-json\/wp\/v2\/tags?post=9533"}],"curies":[{"name":"wp","href":"https:\/\/api.w.org\/{rel}","templated":true}]}}