{"id":9479,"date":"2024-07-23T10:58:49","date_gmt":"2024-07-23T13:58:49","guid":{"rendered":"https:\/\/sgvaimudar.com.br\/?p=9479"},"modified":"2024-07-23T10:58:49","modified_gmt":"2024-07-23T13:58:49","slug":"agentes-da-forca-nacional-sao-baleados-apos-entrarem-por-engano-em-vigario-geral","status":"publish","type":"post","link":"https:\/\/sgvaimudar.com.br\/index.php\/2024\/07\/23\/agentes-da-forca-nacional-sao-baleados-apos-entrarem-por-engano-em-vigario-geral\/","title":{"rendered":"Agentes da For\u00e7a Nacional s\u00e3o baleados ap\u00f3s entrarem por engano em Vig\u00e1rio Geral"},"content":{"rendered":"\n<p><em>Nesta segunda-feira (22), a Avenida Brasil chegou a ser fechada por conta de um intenso tiroteio na regi\u00e3o<\/em><\/p>\n\n\n\n<p>Dois agentes da For\u00e7a Nacional de Seguran\u00e7a foram baleados, na noite desta segunda-feira (23), ap\u00f3s entrarem por engano com a viatura da corpora\u00e7\u00e3o na comunidade de Vig\u00e1rio Geral, na Zona Norte do Rio.<\/p>\n\n\n\n<figure class=\"wp-block-video\"><video height=\"640\" style=\"aspect-ratio: 364 \/ 640;\" width=\"364\" controls src=\"https:\/\/sgvaimudar.com.br\/wp-content\/uploads\/2024\/07\/ssstwitter.com_1721726526173.mp4\"><\/video><\/figure>\n\n\n\n<p>Um agente foi baleado de rasp\u00e3o na cabe\u00e7a e encaminhado para o Hospital Get\u00falio Vargas, na Penha. O outro agente foi atingido apenas por estilha\u00e7os e j\u00e1 foi liberado.<\/p>\n\n\n\n<p>Os agentes foram resgatados por policiais rodovi\u00e1rios federais, que estavam em um carro blindado.<\/p>\n\n\n\n<p>Vig\u00e1rio Geral, faz parte do Complexo de Israel, onde policiais militares realizaram opera\u00e7\u00e3o nesta segunda-feira (22). Um tiroteio fechou a Avenida Brasil e deixou cinco esta\u00e7\u00f5es de trem fechadas.<\/p>\n\n\n\n<p>Durante a a\u00e7\u00e3o, dez pessoas foram presas, al\u00e9m de tr\u00eas fuzis, duas pistolas e cinco granadas apreendidas.<\/p>\n\n\n\n<p>Uma nova opera\u00e7\u00e3o acontece na regi\u00e3o, na manh\u00e3 desta ter\u00e7a-feira (23).<\/p>\n\n\n\n<p><em>Fonte: Tupi<\/em><\/p>\n","protected":false},"excerpt":{"rendered":"<p>Nesta segunda-feira (22), a Avenida Brasil chegou a ser fechada por conta de um intenso tiroteio na regi\u00e3o Dois agentes&hellip;<\/p>\n","protected":false},"author":5,"featured_media":9481,"comment_status":"open","ping_status":"open","sticky":false,"template":"","format":"standard","meta":{"fifu_image_url":"","fifu_image_alt":"","footnotes":""},"categories":[32],"tags":[],"class_list":["post-9479","post","type-post","status-publish","format-standard","has-post-thumbnail","hentry","category-casos-de-policia"],"_links":{"self":[{"href":"https:\/\/sgvaimudar.com.br\/index.php\/wp-json\/wp\/v2\/posts\/9479","targetHints":{"allow":["GET"]}}],"collection":[{"href":"https:\/\/sgvaimudar.com.br\/index.php\/wp-json\/wp\/v2\/posts"}],"about":[{"href":"https:\/\/sgvaimudar.com.br\/index.php\/wp-json\/wp\/v2\/types\/post"}],"author":[{"embeddable":true,"href":"https:\/\/sgvaimudar.com.br\/index.php\/wp-json\/wp\/v2\/users\/5"}],"replies":[{"embeddable":true,"href":"https:\/\/sgvaimudar.com.br\/index.php\/wp-json\/wp\/v2\/comments?post=9479"}],"version-history":[{"count":1,"href":"https:\/\/sgvaimudar.com.br\/index.php\/wp-json\/wp\/v2\/posts\/9479\/revisions"}],"predecessor-version":[{"id":9482,"href":"https:\/\/sgvaimudar.com.br\/index.php\/wp-json\/wp\/v2\/posts\/9479\/revisions\/9482"}],"wp:featuredmedia":[{"embeddable":true,"href":"https:\/\/sgvaimudar.com.br\/index.php\/wp-json\/wp\/v2\/media\/9481"}],"wp:attachment":[{"href":"https:\/\/sgvaimudar.com.br\/index.php\/wp-json\/wp\/v2\/media?parent=9479"}],"wp:term":[{"taxonomy":"category","embeddable":true,"href":"https:\/\/sgvaimudar.com.br\/index.php\/wp-json\/wp\/v2\/categories?post=9479"},{"taxonomy":"post_tag","embeddable":true,"href":"https:\/\/sgvaimudar.com.br\/index.php\/wp-json\/wp\/v2\/tags?post=9479"}],"curies":[{"name":"wp","href":"https:\/\/api.w.org\/{rel}","templated":true}]}}