{"id":9459,"date":"2024-07-23T12:00:00","date_gmt":"2024-07-23T15:00:00","guid":{"rendered":"https:\/\/sgvaimudar.com.br\/?p=9459"},"modified":"2024-07-23T09:53:51","modified_gmt":"2024-07-23T12:53:51","slug":"ordo-mega-acao-estruturada-do-governo-do-estado-reflete-em-queda-de-indices-de-criminalidade-na-zona-oeste","status":"publish","type":"post","link":"https:\/\/sgvaimudar.com.br\/index.php\/2024\/07\/23\/ordo-mega-acao-estruturada-do-governo-do-estado-reflete-em-queda-de-indices-de-criminalidade-na-zona-oeste\/","title":{"rendered":"Ordo: Mega a\u00e7\u00e3o estruturada do Governo do Estado reflete em queda de \u00edndices de criminalidade na Zona Oeste"},"content":{"rendered":"\n<p><em>Delegacias registraram redu\u00e7\u00e3o em todos os tipos de crime em rela\u00e7\u00e3o \u00e0 semana anterior. Homic\u00eddio zerou na regi\u00e3o e ocorr\u00eancias de roubos e de furtos ca\u00edram 70%<\/em><\/p>\n\n\n\n<p>A atua\u00e7\u00e3o das for\u00e7as de seguran\u00e7a na Zona Oeste do Rio durante a primeira semana da A\u00e7\u00e3o Ordo j\u00e1 apresenta resultados expressivos no que diz respeito a pris\u00f5es, apreens\u00f5es, levantamento de informa\u00e7\u00f5es de intelig\u00eancia e, principalmente, na queda dos \u00edndices de criminalidade em compara\u00e7\u00e3o com os mesmos dias da semana anterior. Tal fato \u00e9 comprovado por um levantamento realizado pela Secretaria de Estado de Pol\u00edcia Civil (Sepol).<\/p>\n\n\n\n<figure class=\"wp-block-embed is-type-rich is-provider-twitter wp-block-embed-twitter\"><div class=\"wp-block-embed__wrapper\">\n<blockquote class=\"twitter-tweet\" data-width=\"550\" data-dnt=\"true\"><p lang=\"pt\" dir=\"ltr\">Cachorros do Batalh\u00e3o de Opera\u00e7\u00f5es com C\u00e3es da <a href=\"https:\/\/twitter.com\/PMERJ?ref_src=twsrc%5Etfw\">@pmerj<\/a> encontram aproximadamente 90 quilos de drogas na Cidade de Deus. A droga apreendida gera um preju\u00edzo de mais de 40 mil reais para o tr\u00e1fico. <a href=\"https:\/\/twitter.com\/hashtag\/A%C3%A7%C3%A3oOrdo?src=hash&amp;ref_src=twsrc%5Etfw\">#A\u00e7\u00e3oOrdo<\/a> <a href=\"https:\/\/t.co\/MM3B0n8aQQ\">pic.twitter.com\/MM3B0n8aQQ<\/a><\/p>&mdash; Governo do RJ (@GovRJ) <a href=\"https:\/\/twitter.com\/GovRJ\/status\/1815466075582267595?ref_src=twsrc%5Etfw\">July 22, 2024<\/a><\/blockquote><script async src=\"https:\/\/platform.twitter.com\/widgets.js\" charset=\"utf-8\"><\/script>\n<\/div><\/figure>\n\n\n\n<p>De acordo com a Delegacia de Homic\u00eddios da Capital (DHC), entre os dias 15 e 19 de julho, n\u00e3o houve nenhum registro de homic\u00eddio nas \u00e1reas das delegacias da Barra da Tijuca (16\u00aa DP), da Taquara (32\u00aa DP) e do Recreio dos Bandeirantes (42\u00aa DP).<\/p>\n\n\n\n<p>Em rela\u00e7\u00e3o aos crimes de furto e de roubo, a redu\u00e7\u00e3o foi de aproximadamente 70%. As tr\u00eas distritais registraram 34 ocorr\u00eancias destas naturezas. Na semana anterior, foram mais de 110. Ambos os delitos impactam diretamente no dia a dia da sociedade, seja por suas consequ\u00eancias econ\u00f4micas ou por efeitos psicol\u00f3gicos. Entre as maiores quedas percentuais est\u00e3o os furtos e os roubos de celular (-70%) e de ve\u00edculos (-55%). No total de crimes registrados, foram cerca de 30% a menos no mesmo per\u00edodo.<\/p>\n\n\n\n<p>T\u00e3o importante quanto o expressivo n\u00famero de pris\u00f5es feitas durante a a\u00e7\u00e3o estruturada e integrada, a redu\u00e7\u00e3o dos \u00edndices de criminalidade tamb\u00e9m precisa ser destacada. Vamos seguir firmes na miss\u00e3o de atacar as fontes financeiras desses criminosos e de levar mais sensa\u00e7\u00e3o de seguran\u00e7a para quem mora, trabalha e investe na Zona Oeste &#8211; ressaltou o governador Cl\u00e1udio Castro.<\/p>\n\n\n\n<p>Segundo com o secret\u00e1rio em exerc\u00edcio da Pol\u00edcia Civil, delegado Alexandre Capote, a presen\u00e7a do estado naquela regi\u00e3o \u00e9 fundamental para a preven\u00e7\u00e3o de crimes e est\u00e1 diretamente ligada \u00e0 queda das ocorr\u00eancias.<\/p>\n\n\n\n<p>Os n\u00fameros refletem o sucesso da a\u00e7\u00e3o integrada. N\u00e3o s\u00f3 pela presen\u00e7a das for\u00e7as de seguran\u00e7a, mas tamb\u00e9m pela entrega de servi\u00e7os p\u00fablicos, al\u00e9m das a\u00e7\u00f5es sociais. \u00c9, de fato, a retomada da ordem \u2013 disse.<\/p>\n\n\n\n<p>Outro campo de atua\u00e7\u00e3o da Pol\u00edcia Civil \u00e9 o levantamento de informa\u00e7\u00f5es que refor\u00e7am as investiga\u00e7\u00f5es em andamento contra as organiza\u00e7\u00f5es criminosas que tentam ampliar seus dom\u00ednios territoriais. Com o foco na asfixia financeira, a institui\u00e7\u00e3o tem sufocado as atividades ilegais exercidas pelas quadrilhas, que geram recursos para fortalecer financeiramente as fac\u00e7\u00f5es e que possibilitam a aquisi\u00e7\u00e3o de armas e de muni\u00e7\u00f5es, por exemplo, para fomentar as guerras por territ\u00f3rios. &nbsp;<\/p>\n\n\n\n<p>&#8211; A descapitaliza\u00e7\u00e3o desses criminosos impede o fluxo circular da renda adquirida por meio dessas pr\u00e1ticas il\u00edcitas e, consequentemente, diminui o poderio b\u00e9lico e a for\u00e7a de ataque destes grupos \u2013 refor\u00e7ou o delegado Alexandre Capote.<\/p>\n","protected":false},"excerpt":{"rendered":"<p>Delegacias registraram redu\u00e7\u00e3o em todos os tipos de crime em rela\u00e7\u00e3o \u00e0 semana anterior. Homic\u00eddio zerou na regi\u00e3o e ocorr\u00eancias&hellip;<\/p>\n","protected":false},"author":5,"featured_media":9460,"comment_status":"open","ping_status":"open","sticky":false,"template":"","format":"standard","meta":{"fifu_image_url":"","fifu_image_alt":"","footnotes":""},"categories":[32],"tags":[],"class_list":["post-9459","post","type-post","status-publish","format-standard","has-post-thumbnail","hentry","category-casos-de-policia"],"_links":{"self":[{"href":"https:\/\/sgvaimudar.com.br\/index.php\/wp-json\/wp\/v2\/posts\/9459","targetHints":{"allow":["GET"]}}],"collection":[{"href":"https:\/\/sgvaimudar.com.br\/index.php\/wp-json\/wp\/v2\/posts"}],"about":[{"href":"https:\/\/sgvaimudar.com.br\/index.php\/wp-json\/wp\/v2\/types\/post"}],"author":[{"embeddable":true,"href":"https:\/\/sgvaimudar.com.br\/index.php\/wp-json\/wp\/v2\/users\/5"}],"replies":[{"embeddable":true,"href":"https:\/\/sgvaimudar.com.br\/index.php\/wp-json\/wp\/v2\/comments?post=9459"}],"version-history":[{"count":1,"href":"https:\/\/sgvaimudar.com.br\/index.php\/wp-json\/wp\/v2\/posts\/9459\/revisions"}],"predecessor-version":[{"id":9461,"href":"https:\/\/sgvaimudar.com.br\/index.php\/wp-json\/wp\/v2\/posts\/9459\/revisions\/9461"}],"wp:featuredmedia":[{"embeddable":true,"href":"https:\/\/sgvaimudar.com.br\/index.php\/wp-json\/wp\/v2\/media\/9460"}],"wp:attachment":[{"href":"https:\/\/sgvaimudar.com.br\/index.php\/wp-json\/wp\/v2\/media?parent=9459"}],"wp:term":[{"taxonomy":"category","embeddable":true,"href":"https:\/\/sgvaimudar.com.br\/index.php\/wp-json\/wp\/v2\/categories?post=9459"},{"taxonomy":"post_tag","embeddable":true,"href":"https:\/\/sgvaimudar.com.br\/index.php\/wp-json\/wp\/v2\/tags?post=9459"}],"curies":[{"name":"wp","href":"https:\/\/api.w.org\/{rel}","templated":true}]}}