{"id":9397,"date":"2024-07-22T09:27:45","date_gmt":"2024-07-22T12:27:45","guid":{"rendered":"https:\/\/sgvaimudar.com.br\/?p=9397"},"modified":"2024-07-22T09:37:57","modified_gmt":"2024-07-22T12:37:57","slug":"bruno-lessa-tem-candidatura-homologada-pelo-partido","status":"publish","type":"post","link":"https:\/\/sgvaimudar.com.br\/index.php\/2024\/07\/22\/bruno-lessa-tem-candidatura-homologada-pelo-partido\/","title":{"rendered":"Bruno Lessa tem candidatura homologada pelo partido"},"content":{"rendered":"\n<p><em>Al\u00e9m de candidato ao Executivo v\u00e1rios outros candidatos ao Legislativo foram homologado<\/em>s<\/p>\n\n\n\n<p>A C\u00e2mara dos Vereadores de Niter\u00f3i foi palco neste domingo (21\/7) para a conven\u00e7\u00e3o do partido Podemos e os partidos Avante, PMB e PRTB. Na ocasi\u00e3o foram homologados candidatos e candidatas a vereador.<\/p>\n\n\n\n<figure class=\"wp-block-embed is-type-rich is-provider-twitter wp-block-embed-twitter\"><div class=\"wp-block-embed__wrapper\">\n<blockquote class=\"twitter-tweet\" data-width=\"550\" data-dnt=\"true\"><p lang=\"pt\" dir=\"ltr\">Agora \u00e9 oficial: sou CANDIDATO \u00e0 Prefeitura de Niter\u00f3i!<br><br>Em conven\u00e7\u00e3o realizada na manh\u00e3 deste domingo, na C\u00e2mara, meu partido Podemos e os partidos Avante, PMB e PRTB homologaram a minha candidatura e dos nossos candidatos e candidatas a vereador. <a href=\"https:\/\/t.co\/Q6N1NY0ka4\">pic.twitter.com\/Q6N1NY0ka4<\/a><\/p>&mdash; Bruno Lessa (@brunolessarj) <a href=\"https:\/\/twitter.com\/brunolessarj\/status\/1815078786603319707?ref_src=twsrc%5Etfw\">July 21, 2024<\/a><\/blockquote><script async src=\"https:\/\/platform.twitter.com\/widgets.js\" charset=\"utf-8\"><\/script>\n<\/div><\/figure>\n\n\n\n<p>Bruno Lessa disse que um sentimento de humildade misturado ao senso de responsabilidade tomou conta de suas emo\u00e7\u00f5es no momento. &#8220;Agrade\u00e7o aos partidos aliados pela indica\u00e7\u00e3o ao meu nome. Melhores anos de Niter\u00f3i est\u00e3o por vir&#8221;, afirmou Lessa.<\/p>\n\n\n\n<p> J\u00e1 o candidato a vereador Pedro Castilho subiu a tribuna e mandou um recado para os convencionais presente com seu convidados.<\/p>\n\n\n\n<p>&#8220;Hoje estamos todos aqui n\u00f3s reunidos, sa\u00edmos de uma preciosa zona de conforto em fun\u00e7\u00e3o de algo muito maior que \u00e9 uma maior transpar\u00eancia na gest\u00e3o da nossa cidade. Niter\u00f3i, infelizmente, vive e tem sido not\u00edcia constantemente de in\u00fameros esc\u00e2ndalos na cidade&#8221;, afirmou Pedro Castilho.<\/p>\n\n\n\n<figure class=\"wp-block-video\"><video height=\"478\" style=\"aspect-ratio: 848 \/ 478;\" width=\"848\" controls src=\"https:\/\/sgvaimudar.com.br\/wp-content\/uploads\/2024\/07\/WhatsApp-Video-2024-07-21-at-17.29.32.mp4\"><\/video><\/figure>\n\n\n\n<p>Segundo ele, no sistema de Educa\u00e7\u00e3o existe um d\u00e9ficit de tr\u00eas mil vagas de creche na cidade. &#8220;O maior esc\u00e2ndalo foi a pris\u00e3o do ex-prefeito e hoje candidato do governo, que foi apontado como l\u00edder de organiza\u00e7\u00e3o de desvios de esquema de trasportes das gratuidades de \u00f4nibus de Niter\u00f3i. Precisamos dar uma basta em tudo isso&#8221;, disse o candidato a vereador.<\/p>\n\n\n\n<figure class=\"wp-block-image size-full\"><img decoding=\"async\" width=\"251\" height=\"88\" src=\"https:\/\/sgvaimudar.com.br\/wp-content\/uploads\/2023\/08\/Logo.png\" alt=\"\" class=\"wp-image-2738\" \/><\/figure>\n\n\n\n<p><\/p>\n","protected":false},"excerpt":{"rendered":"<p>Al\u00e9m de candidato ao Executivo v\u00e1rios outros candidatos ao Legislativo foram homologados A C\u00e2mara dos Vereadores de Niter\u00f3i foi palco&hellip;<\/p>\n","protected":false},"author":5,"featured_media":9398,"comment_status":"open","ping_status":"open","sticky":false,"template":"","format":"standard","meta":{"fifu_image_url":"","fifu_image_alt":"","footnotes":""},"categories":[34],"tags":[],"class_list":["post-9397","post","type-post","status-publish","format-standard","has-post-thumbnail","hentry","category-niteroi"],"_links":{"self":[{"href":"https:\/\/sgvaimudar.com.br\/index.php\/wp-json\/wp\/v2\/posts\/9397","targetHints":{"allow":["GET"]}}],"collection":[{"href":"https:\/\/sgvaimudar.com.br\/index.php\/wp-json\/wp\/v2\/posts"}],"about":[{"href":"https:\/\/sgvaimudar.com.br\/index.php\/wp-json\/wp\/v2\/types\/post"}],"author":[{"embeddable":true,"href":"https:\/\/sgvaimudar.com.br\/index.php\/wp-json\/wp\/v2\/users\/5"}],"replies":[{"embeddable":true,"href":"https:\/\/sgvaimudar.com.br\/index.php\/wp-json\/wp\/v2\/comments?post=9397"}],"version-history":[{"count":2,"href":"https:\/\/sgvaimudar.com.br\/index.php\/wp-json\/wp\/v2\/posts\/9397\/revisions"}],"predecessor-version":[{"id":9402,"href":"https:\/\/sgvaimudar.com.br\/index.php\/wp-json\/wp\/v2\/posts\/9397\/revisions\/9402"}],"wp:featuredmedia":[{"embeddable":true,"href":"https:\/\/sgvaimudar.com.br\/index.php\/wp-json\/wp\/v2\/media\/9398"}],"wp:attachment":[{"href":"https:\/\/sgvaimudar.com.br\/index.php\/wp-json\/wp\/v2\/media?parent=9397"}],"wp:term":[{"taxonomy":"category","embeddable":true,"href":"https:\/\/sgvaimudar.com.br\/index.php\/wp-json\/wp\/v2\/categories?post=9397"},{"taxonomy":"post_tag","embeddable":true,"href":"https:\/\/sgvaimudar.com.br\/index.php\/wp-json\/wp\/v2\/tags?post=9397"}],"curies":[{"name":"wp","href":"https:\/\/api.w.org\/{rel}","templated":true}]}}