{"id":9387,"date":"2024-07-22T08:06:50","date_gmt":"2024-07-22T11:06:50","guid":{"rendered":"https:\/\/sgvaimudar.com.br\/?p=9387"},"modified":"2024-07-22T08:06:51","modified_gmt":"2024-07-22T11:06:51","slug":"biden-desiste-da-candidatura-a-presidente-dos-eua-e-anuncia-apoio-a-kamala-harris","status":"publish","type":"post","link":"https:\/\/sgvaimudar.com.br\/index.php\/2024\/07\/22\/biden-desiste-da-candidatura-a-presidente-dos-eua-e-anuncia-apoio-a-kamala-harris\/","title":{"rendered":"Biden desiste da candidatura a presidente dos EUA e anuncia apoio a Kamala Harris"},"content":{"rendered":"\n<p><em>Presidente estava sendo pressionado a abandonar corrida eleitoral desde o fim de junho, quando teve um mau desempenho no primeiro debate presidencial. Idade avan\u00e7ada e aptid\u00e3o de Biden levantaram preocupa\u00e7\u00f5es<\/em><\/p>\n\n\n\n<p>O presidente dos EUA Joe Biden\u00a0anunciou neste domingo (21) que desistiu de concorrer \u00e0 reelei\u00e7\u00e3o e disse apoiar\u00a0a vice-presidente Kamala Harris para liderar chapa democrata. Em um comunicado no X, Biden disse que cumprir\u00e1 o seu mandato at\u00e9 janeiro de 2025.<\/p>\n\n\n\n<figure class=\"wp-block-embed is-type-rich is-provider-twitter wp-block-embed-twitter\"><div class=\"wp-block-embed__wrapper\">\n<blockquote class=\"twitter-tweet\" data-width=\"550\" data-dnt=\"true\"><p lang=\"en\" dir=\"ltr\">My fellow Democrats, I have decided not to accept the nomination and to focus all my energies on my duties as President for the remainder of my term. My very first decision as the party nominee in 2020 was to pick Kamala Harris as my Vice President. And it\u2019s been the best\u2026 <a href=\"https:\/\/t.co\/x8DnvuImJV\">pic.twitter.com\/x8DnvuImJV<\/a><\/p>&mdash; Joe Biden (@JoeBiden) <a href=\"https:\/\/twitter.com\/JoeBiden\/status\/1815087772216303933?ref_src=twsrc%5Etfw\">July 21, 2024<\/a><\/blockquote><script async src=\"https:\/\/platform.twitter.com\/widgets.js\" charset=\"utf-8\"><\/script>\n<\/div><\/figure>\n\n\n\n<p>Kamala Harris disse estar honrada com o apoio de Joe Biden e que far\u00e1 de tudo para unir o Partido Democrata e os EUA para derrotar Donald Trump nas elei\u00e7\u00f5es em novembro.<\/p>\n\n\n\n<p>Logo ap\u00f3s saber da desist\u00eancia, Donald Trump, candidato republicano, disse em sua conta no Truth Social que Biden &#8220;n\u00e3o estava apto para concorrer \u00e0 presid\u00eancia&#8221;.<\/p>\n\n\n\n<p>O ex-presidente Barack Obama tamb\u00e9m se manifestou sobre o caso. Em um comunicado publicado na plataforma Medium, o democrata classificou Biden como &#8220;um patriota da mais alta ordem&#8221;. Biden foi vice-presidente na gest\u00e3o Obama entre 2009 e 2017.<\/p>\n\n\n\n<p>O O presidente da C\u00e2mara dos Deputados dos Estados Unidos, Mike Johnson, disse em publica\u00e7\u00e3o no X, que &#8220;se Biden n\u00e3o est\u00e1 apto para disputar a Presid\u00eancia,\u00a0ele n\u00e3o est\u00e1 apto para servir como presidente&#8221;.<\/p>\n\n\n\n<p>A desist\u00eancia ocorre ap\u00f3s press\u00f5es do partido e de parte do eleitorado democrata. A crise na campanha de Biden come\u00e7ou no fim de junho, quando ele teve um mau desempenho em um debate contra Donald Trump. \u00c0 \u00e9poca, a capacidade cognitiva do presidente foi colocada em d\u00favida.<\/p>\n\n\n\n<p>At\u00e9 o momento, o presidente resistia \u00e0 press\u00e3o de diversas maneiras. Ele deu entrevistas, fez uma reuni\u00e3o com governadores democratas e negou alega\u00e7\u00f5es de que sofria um decl\u00ednio cognitivo e f\u00edsico. Biden afirmou v\u00e1rias vezes que n\u00e3o iria desistir e que venceria a elei\u00e7\u00e3o.<\/p>\n\n\n\n<p>No entanto, nos \u00faltimos dias, os rumores de desist\u00eancia aumentaram. O ex-presidente Barack Obama e a ex-l\u00edder da C\u00e2mara Nancy Pelosi, duas fortes vozes no Partido Democrata, demonstraram inseguran\u00e7a com o atual presidente.<\/p>\n\n\n\n<p>Biden foi diagnosticado com Covid-19 na quarta-feira (17) e teve de suspender eventos de campanha. Desde ent\u00e3o, ele est\u00e1 em isolamento em sua casa em Delaware. Segundo a imprensa norte-americana,\u00a0diante da press\u00e3o, ele come\u00e7ou a ficar mais reflexivo sobre a candidatura.<\/p>\n\n\n\n<p>Uma fonte disse \u00e0 Reuters que a decis\u00e3o ocorreu neste domingo. &#8220;Na noite passada, a mensagem foi para seguir em frente com tudo, a todo vapor. Por volta das 13h45 de hoje, o presidente disse \u00e0 sua equipe s\u00eanior que havia mudado de ideia&#8221;. A decis\u00e3o pegou muitos funcion\u00e1rios da Casa Branca de surpresa.<\/p>\n\n\n\n<p>O Partido Democrata ainda n\u00e3o anunciou quem vai ser o novo candidato para disputar a elei\u00e7\u00e3o contra Trump. Durante a disputa televisionada no final de junho, Biden apresentou voz rouca \u2014 atribu\u00edda a um resfriado \u2014, pouco entusiasmo e hesitou em diversos momentos. Trump, por outro lado, despejou uma s\u00e9rie de mentiras com calma e de forma assertiva, sem ser corrigido por Biden.<\/p>\n\n\n\n<p>O debate foi o &#8220;in\u00edcio do fim&#8221; para Biden, de 81 anos. D\u00favidas relacionadas \u00e0 idade e aptid\u00e3o do presidente para um mandato de mais quatro anos desencadearam uma crise no partido democrata. Dentro do partido, come\u00e7ou a surgir a ideia de substitui\u00e7\u00e3o.<\/p>\n\n\n\n<p>As elei\u00e7\u00f5es dos EUA acontecem em 5 de novembro. A Conven\u00e7\u00e3o Nacional Democrata, que vai oficializar o candidato do partido que vai disputar a Casa Branca, ser\u00e1 entre 19 de agosto e 22 de agosto.<\/p>\n\n\n\n<p>Ap\u00f3s a m\u00e1 performance de Biden no debate, a imprensa norte-americana citou o estado de p\u00e2nico de entre os democratas. Colegas de partido se preocuparam com a capacidade do presidente para mais um mandato.<\/p>\n\n\n\n<p>Em evento de campanha no dia seguinte ao encontro com Trump, Biden reconheceu a quest\u00e3o da idade e disse que n\u00e3o debate como antes, mas afirmou que sabe &#8220;dizer a verdade&#8221; e que pretendia vencer a elei\u00e7\u00e3o.<\/p>\n\n\n\n<p>Ainda no dia seguinte, diversos ve\u00edculos americanos como os jornais &#8220;The New York Times&#8221;, &#8220;The Wall Street Journal&#8221; e a revista &#8220;The Economist&#8221; \u2014 que apoiavam o presidente \u2014 publicaram editoriais pedindo para que Biden desistisse da candidatura \u00e0 presid\u00eancia.<\/p>\n\n\n\n<p>Mesmo com relatos da m\u00eddia americana e de ag\u00eancias de not\u00edcias de que os democratas consideravam sua substitui\u00e7\u00e3o no pleito, o apoio de pol\u00edticos e figuras democratas a Biden permaneceu un\u00e2nime durante alguns dias.<\/p>\n\n\n\n<p>A press\u00e3o, no entanto, cresceu com declara\u00e7\u00f5es de pol\u00edticos democratas em exerc\u00edcio e figuras importantes do partido, como Nancy Pelosi.<\/p>\n\n\n\n<h2 class=\"wp-block-heading\">Na \u00edntegra, veja o comunicado<\/h2>\n\n\n\n<p><em>Meus queridos americanos,<\/em><\/p>\n\n\n\n<p><em>Nos \u00faltimos tr\u00eas anos e meio, fizemos grandes progressos como na\u00e7\u00e3o.<\/em><\/p>\n\n\n\n<p><em>Hoje, a Am\u00e9rica tem a economia mais forte do mundo. Fizemos investimentos hist\u00f3ricos na reconstru\u00e7\u00e3o de nossa na\u00e7\u00e3o, na redu\u00e7\u00e3o dos custos de medicamentos prescritos para idosos e na expans\u00e3o do atendimento de sa\u00fade acess\u00edvel para um n\u00famero recorde de americanos. Prestamos cuidados extremamente necess\u00e1rios a um milh\u00e3o de veteranos expostos a subst\u00e2ncias t\u00f3xicas. Aprovamos a primeira lei de seguran\u00e7a de armas em 30 anos. Nomeamos a primeira mulher afro-americana para a Suprema Corte. E aprovamos a legisla\u00e7\u00e3o clim\u00e1tica mais significativa da hist\u00f3ria do mundo. A Am\u00e9rica nunca esteve melhor posicionada para liderar do que estamos hoje.<\/em><\/p>\n\n\n\n<p><em>Sei que nada disso poderia ter sido feito sem voc\u00eas, o povo americano. Juntos, superamos uma pandemia de uma vez por s\u00e9culo e a pior crise econ\u00f4mica desde a Grande Depress\u00e3o. Protegemos e preservamos nossa democracia. E revitalizamos e fortalecemos nossas alian\u00e7as ao redor do mundo.<\/em><\/p>\n\n\n\n<p><em>Foi a maior honra da minha vida servir como seu presidente. E embora tenha sido minha inten\u00e7\u00e3o buscar a reelei\u00e7\u00e3o, acredito que \u00e9 do melhor interesse do meu partido e do pa\u00eds que eu me afaste e me concentre apenas em cumprir meus deveres como presidente pelo resto do meu mandato.<\/em><\/p>\n\n\n\n<p><em>Falarei \u00e0 na\u00e7\u00e3o mais detalhadamente sobre minha decis\u00e3o ainda esta semana.<\/em><\/p>\n\n\n\n<p><em>Por enquanto<\/em>, <em>permitam-me expressar minha mais profunda gratid\u00e3o a todos aqueles que trabalharam t\u00e3o duro para me ver reeleito. Quero agradecer \u00e0 vice-presidente Kamala Harris por ser uma parceira extraordin\u00e1ria em todo esse trabalho. E permitam-me expressar minha sincera gratid\u00e3o ao povo americano pela f\u00e9 e confian\u00e7a que voc\u00eas depositaram em mim.<\/em><\/p>\n\n\n\n<p><em>Acredito hoje no que sempre acreditei: que n\u00e3o h\u00e1 nada que a Am\u00e9rica n\u00e3o possa fazer quando fazemos juntos. S\u00f3 temos que lembrar que somos os Estados Unidos da Am\u00e9rica.<\/em><\/p>\n","protected":false},"excerpt":{"rendered":"<p>Presidente estava sendo pressionado a abandonar corrida eleitoral desde o fim de junho, quando teve um mau desempenho no primeiro&hellip;<\/p>\n","protected":false},"author":5,"featured_media":9389,"comment_status":"open","ping_status":"open","sticky":false,"template":"","format":"standard","meta":{"fifu_image_url":"","fifu_image_alt":"","footnotes":""},"categories":[1],"tags":[],"class_list":["post-9387","post","type-post","status-publish","format-standard","has-post-thumbnail","hentry","category-mundo"],"_links":{"self":[{"href":"https:\/\/sgvaimudar.com.br\/index.php\/wp-json\/wp\/v2\/posts\/9387","targetHints":{"allow":["GET"]}}],"collection":[{"href":"https:\/\/sgvaimudar.com.br\/index.php\/wp-json\/wp\/v2\/posts"}],"about":[{"href":"https:\/\/sgvaimudar.com.br\/index.php\/wp-json\/wp\/v2\/types\/post"}],"author":[{"embeddable":true,"href":"https:\/\/sgvaimudar.com.br\/index.php\/wp-json\/wp\/v2\/users\/5"}],"replies":[{"embeddable":true,"href":"https:\/\/sgvaimudar.com.br\/index.php\/wp-json\/wp\/v2\/comments?post=9387"}],"version-history":[{"count":1,"href":"https:\/\/sgvaimudar.com.br\/index.php\/wp-json\/wp\/v2\/posts\/9387\/revisions"}],"predecessor-version":[{"id":9390,"href":"https:\/\/sgvaimudar.com.br\/index.php\/wp-json\/wp\/v2\/posts\/9387\/revisions\/9390"}],"wp:featuredmedia":[{"embeddable":true,"href":"https:\/\/sgvaimudar.com.br\/index.php\/wp-json\/wp\/v2\/media\/9389"}],"wp:attachment":[{"href":"https:\/\/sgvaimudar.com.br\/index.php\/wp-json\/wp\/v2\/media?parent=9387"}],"wp:term":[{"taxonomy":"category","embeddable":true,"href":"https:\/\/sgvaimudar.com.br\/index.php\/wp-json\/wp\/v2\/categories?post=9387"},{"taxonomy":"post_tag","embeddable":true,"href":"https:\/\/sgvaimudar.com.br\/index.php\/wp-json\/wp\/v2\/tags?post=9387"}],"curies":[{"name":"wp","href":"https:\/\/api.w.org\/{rel}","templated":true}]}}