{"id":9381,"date":"2024-07-22T07:51:11","date_gmt":"2024-07-22T10:51:11","guid":{"rendered":"https:\/\/sgvaimudar.com.br\/?p=9381"},"modified":"2024-07-22T07:52:05","modified_gmt":"2024-07-22T10:52:05","slug":"claudio-castro-autoriza-construcao-de-tres-novos-batalhoes-da-pm","status":"publish","type":"post","link":"https:\/\/sgvaimudar.com.br\/index.php\/2024\/07\/22\/claudio-castro-autoriza-construcao-de-tres-novos-batalhoes-da-pm\/","title":{"rendered":"Cl\u00e1udio Castro autoriza constru\u00e7\u00e3o de tr\u00eas novos batalh\u00f5es da PM"},"content":{"rendered":"\n<p><em>Novas e modernas unidades ser\u00e3o instaladas na Regi\u00e3o Metropolitana at\u00e9 o fim do ano que vem <\/em><\/p>\n\n\n\n<p>O governador Cl\u00e1udio Castro autorizou e vai inaugurar tr\u00eas novos batalh\u00f5es da Pol\u00edcia Militar at\u00e9 o fim do ano que vem. Os novos batalh\u00f5es ser\u00e3o constru\u00eddos na Baixada Fluminense, em Nova Igua\u00e7u; na Zona Norte, na comunidade do Jacarezinho; e em S\u00e3o Gon\u00e7alo. As novas instala\u00e7\u00f5es ter\u00e3o parte do efetivo composto por militares que ser\u00e3o formados at\u00e9 o primeiro semestre do ano que vem, convocados dos \u00faltimos concursos.  <\/p>\n\n\n\n<figure class=\"wp-block-image size-large\"><img fetchpriority=\"high\" decoding=\"async\" width=\"1024\" height=\"576\" src=\"https:\/\/sgvaimudar.com.br\/wp-content\/uploads\/2024\/07\/WhatsApp-Image-2024-07-21-at-13.16.58-1024x576.jpeg\" alt=\"\" class=\"wp-image-9382\" srcset=\"https:\/\/sgvaimudar.com.br\/wp-content\/uploads\/2024\/07\/WhatsApp-Image-2024-07-21-at-13.16.58-1024x576.jpeg 1024w, https:\/\/sgvaimudar.com.br\/wp-content\/uploads\/2024\/07\/WhatsApp-Image-2024-07-21-at-13.16.58-300x169.jpeg 300w, https:\/\/sgvaimudar.com.br\/wp-content\/uploads\/2024\/07\/WhatsApp-Image-2024-07-21-at-13.16.58-768x432.jpeg 768w, https:\/\/sgvaimudar.com.br\/wp-content\/uploads\/2024\/07\/WhatsApp-Image-2024-07-21-at-13.16.58-1536x864.jpeg 1536w, https:\/\/sgvaimudar.com.br\/wp-content\/uploads\/2024\/07\/WhatsApp-Image-2024-07-21-at-13.16.58.jpeg 1599w\" sizes=\"(max-width: 1024px) 100vw, 1024px\" \/><\/figure>\n\n\n\n<p>&#8212; A constru\u00e7\u00e3o desses novos batalh\u00f5es atende a um pleito da sociedade e integra um grande plano de investimentos que estamos fazendo na seguran\u00e7a p\u00fablica. O que acontece nessas regi\u00f5es impacta nos \u00edndices criminais do estado e os benef\u00edcios proporcionados por essas novas unidades ser\u00e3o para todos. Al\u00e9m disso, ser\u00e3o batalh\u00f5es modernos, com tecnologia de ponta, o que potencializa a capacidade de atendimento \u00e0 popula\u00e7\u00e3o &#8211; explica Castro.  <\/p>\n\n\n\n<p>A localiza\u00e7\u00e3o das novas unidades foram escolhidas a partir de estudos que apontaram altos \u00edndices de roubos e furtos nessas regi\u00f5es. Estrategicamente, os batalh\u00f5es ser\u00e3o constru\u00eddos em pontos-chave como em Nova Igua\u00e7u, onde a unidade ser\u00e1 erguida na parte central da cidade. J\u00e1 a unidade do Jacarezinho, que faz parte do planejamento do programa Cidade Integrada, ser\u00e1 instalada no centro da comunidade, no terreno da antiga f\u00e1brica da General Eletric, melhorando o policiamento na regi\u00e3o. O novo batalh\u00e3o de S\u00e3o Gon\u00e7alo, ampliar\u00e1 e melhorar\u00e1 o policiamento da regi\u00e3o que conta com o 7\u00ba BPM (S\u00e3o Gon\u00e7alo).  <\/p>\n\n\n\n<p>Os 3 novos batalh\u00f5es contar\u00e3o com o aumento de patrulhamento em motocicletas, acompanhando a mobilidade urbana e facilitando o trabalho ostensivo da PM, garantindo mais proximidade com o cidad\u00e3o.    \u2013 O trabalho feito em motos, al\u00e9m de aumentar a capilaridade e a ostensividade, pode dar um menor tempo de resposta para que as demandas da popula\u00e7\u00e3o da regi\u00e3o sejam atendidas &#8211; garante o secret\u00e1rio de Pol\u00edcia Militar, Coronel Menezes. <\/p>\n\n\n\n<p>Os batalh\u00f5es ser\u00e3o unidades com equipamentos modernos e tecnologia de ponta, aumentando a capacidade de atendimento a popula\u00e7\u00e3o.<\/p>\n\n\n\n<p><strong><em><sub>S\u00e3o Gon\u00e7alo Vai Mudar. O Maior Portal da Cidade.<\/sub><\/em><\/strong><\/p>\n","protected":false},"excerpt":{"rendered":"<p>Novas e modernas unidades ser\u00e3o instaladas na Regi\u00e3o Metropolitana at\u00e9 o fim do ano que vem O governador Cl\u00e1udio Castro&hellip;<\/p>\n","protected":false},"author":5,"featured_media":9383,"comment_status":"open","ping_status":"open","sticky":false,"template":"","format":"standard","meta":{"fifu_image_url":"","fifu_image_alt":"","footnotes":""},"categories":[32],"tags":[],"class_list":["post-9381","post","type-post","status-publish","format-standard","has-post-thumbnail","hentry","category-casos-de-policia"],"_links":{"self":[{"href":"https:\/\/sgvaimudar.com.br\/index.php\/wp-json\/wp\/v2\/posts\/9381","targetHints":{"allow":["GET"]}}],"collection":[{"href":"https:\/\/sgvaimudar.com.br\/index.php\/wp-json\/wp\/v2\/posts"}],"about":[{"href":"https:\/\/sgvaimudar.com.br\/index.php\/wp-json\/wp\/v2\/types\/post"}],"author":[{"embeddable":true,"href":"https:\/\/sgvaimudar.com.br\/index.php\/wp-json\/wp\/v2\/users\/5"}],"replies":[{"embeddable":true,"href":"https:\/\/sgvaimudar.com.br\/index.php\/wp-json\/wp\/v2\/comments?post=9381"}],"version-history":[{"count":3,"href":"https:\/\/sgvaimudar.com.br\/index.php\/wp-json\/wp\/v2\/posts\/9381\/revisions"}],"predecessor-version":[{"id":9386,"href":"https:\/\/sgvaimudar.com.br\/index.php\/wp-json\/wp\/v2\/posts\/9381\/revisions\/9386"}],"wp:featuredmedia":[{"embeddable":true,"href":"https:\/\/sgvaimudar.com.br\/index.php\/wp-json\/wp\/v2\/media\/9383"}],"wp:attachment":[{"href":"https:\/\/sgvaimudar.com.br\/index.php\/wp-json\/wp\/v2\/media?parent=9381"}],"wp:term":[{"taxonomy":"category","embeddable":true,"href":"https:\/\/sgvaimudar.com.br\/index.php\/wp-json\/wp\/v2\/categories?post=9381"},{"taxonomy":"post_tag","embeddable":true,"href":"https:\/\/sgvaimudar.com.br\/index.php\/wp-json\/wp\/v2\/tags?post=9381"}],"curies":[{"name":"wp","href":"https:\/\/api.w.org\/{rel}","templated":true}]}}