{"id":9367,"date":"2024-07-21T16:00:00","date_gmt":"2024-07-21T19:00:00","guid":{"rendered":"https:\/\/sgvaimudar.com.br\/?p=9367"},"modified":"2024-07-21T11:44:11","modified_gmt":"2024-07-21T14:44:11","slug":"feperj-promove-1o-seminario-voltado-para-os-pescadores-artesanais-da-baia-de-guanabara","status":"publish","type":"post","link":"https:\/\/sgvaimudar.com.br\/index.php\/2024\/07\/21\/feperj-promove-1o-seminario-voltado-para-os-pescadores-artesanais-da-baia-de-guanabara\/","title":{"rendered":"FEPERJ promove 1\u00ba Semin\u00e1rio voltado para os pescadores artesanais da Ba\u00eda de Guanabara"},"content":{"rendered":"\n<p>Semin\u00e1rio aconteceu direcionado para pescadores de S\u00e3o Gon\u00e7alo e Mag\u00e9<\/p>\n\n\n\n<p>A Federa\u00e7\u00e3o dos Pescadores do Estado do Rio de Janeiro (FEPERJ) entregou na \u00faltima quinta-feira (18) os certificados de participa\u00e7\u00e3o do primeiro Semin\u00e1rio voltado para os Pescadores Artesanais da Col\u00f4nia Z-8 em S\u00e3o Gon\u00e7alo que iniciaram a nova fase do Projeto \u00c1guas da Guanabara.<\/p>\n\n\n\n<p>O objetivo do Semin\u00e1rio Pescadores nas \u00c1guas da Guanabara: uma raz\u00e3o para TransforMAR foi incentivar a discuss\u00e3o sobre a quest\u00e3o socioambiental da Ba\u00eda de Guanabara, promovendo uma apresenta\u00e7\u00e3o dos resultados do Projeto que os pescadores conhecem na pr\u00e1tica e se baseia na problem\u00e1tica dos res\u00edduos s\u00f3lidos que tanto dificultam seu trabalho.<\/p>\n\n\n\n<p>A pesquisa e a educa\u00e7\u00e3o ambiental fortalecem a a\u00e7\u00e3o do pescadores no projeto e os relatos dos pescadores legitimam a pesquisa, um complemento rec\u00edproco e necess\u00e1rio que vale uma reflex\u00e3o sobre a rela\u00e7\u00e3o e paridade entre ci\u00eancia e saberes tradicionais.<\/p>\n\n\n\n<p>A colabora\u00e7\u00e3o entre essas \u00e1reas do conhecimento vem rendendo uma produ\u00e7\u00e3o cient\u00edfica n\u00e3o s\u00f3 a respeito das problem\u00e1ticas sociais que interferem na qualidade de vida e trabalho dos pescadores artesanais, mas de alternativas para amenizar seus impactos na vida desses trabalhadores.<\/p>\n\n\n\n<p>O Semin\u00e1rio foi conduzido pelos pesquisadores Alberto Toledo Resende e Jamylle de Almeida Ferreira, Doutores em Hist\u00f3ria Social, e contou com a participa\u00e7\u00e3o dos Presidentes das Col\u00f4nias, Gilberto Alves e Elaine Cristina Barroso Ferreira.<\/p>\n\n\n\n<p>O evento que tamb\u00e9m aconteceu em Mag\u00e9, na Col\u00f4nia se pescadores Z-9, buscou valorizar os pescadores artesanais como importantes agentes multiplicadores de Educa\u00e7\u00e3o Ambiental, formalizando esse compromisso e estimulando sua participa\u00e7\u00e3o ativa na sociedade, via efetiva a\u00e7\u00e3o no Projeto \u00c1guas da Guanabara, idealizado pela FEPERJ, institui\u00e7\u00e3o, que representa os pescadores do estado do Rio de Janeiro e vem buscando visibilidade para o seguimento.<\/p>\n\n\n\n<p>Pela forma\u00e7\u00e3o cidad\u00e3 e import\u00e2ncia da atividade pescadores e bolsistas receber\u00e3o certificado de participa\u00e7\u00e3o.<\/p>\n\n\n\n<p>A pesquisadora e palestrante Jamylle de Almeida Ferreira destacou a import\u00e2ncia do evento ao afirmar: &#8220;Este semin\u00e1rio \u00e9 um marco na integra\u00e7\u00e3o entre o conhecimento cient\u00edfico e os saberes tradicionais dos pescadores artesanais. Nosso objetivo \u00e9 fortalecer essa parceria para que possamos enfrentar juntos os desafios socioambientais da Ba\u00eda de Guanabara, promovendo uma troca de experi\u00eancias que beneficiar\u00e1 n\u00e3o s\u00f3 a comunidade pesqueira, mas toda a sociedade&#8221;.<\/p>\n","protected":false},"excerpt":{"rendered":"<p>Semin\u00e1rio aconteceu direcionado para pescadores de S\u00e3o Gon\u00e7alo e Mag\u00e9 A Federa\u00e7\u00e3o dos Pescadores do Estado do Rio de Janeiro&hellip;<\/p>\n","protected":false},"author":5,"featured_media":9368,"comment_status":"open","ping_status":"open","sticky":false,"template":"","format":"standard","meta":{"fifu_image_url":"","fifu_image_alt":"","footnotes":""},"categories":[3],"tags":[],"class_list":["post-9367","post","type-post","status-publish","format-standard","has-post-thumbnail","hentry","category-sao-goncalo"],"_links":{"self":[{"href":"https:\/\/sgvaimudar.com.br\/index.php\/wp-json\/wp\/v2\/posts\/9367","targetHints":{"allow":["GET"]}}],"collection":[{"href":"https:\/\/sgvaimudar.com.br\/index.php\/wp-json\/wp\/v2\/posts"}],"about":[{"href":"https:\/\/sgvaimudar.com.br\/index.php\/wp-json\/wp\/v2\/types\/post"}],"author":[{"embeddable":true,"href":"https:\/\/sgvaimudar.com.br\/index.php\/wp-json\/wp\/v2\/users\/5"}],"replies":[{"embeddable":true,"href":"https:\/\/sgvaimudar.com.br\/index.php\/wp-json\/wp\/v2\/comments?post=9367"}],"version-history":[{"count":1,"href":"https:\/\/sgvaimudar.com.br\/index.php\/wp-json\/wp\/v2\/posts\/9367\/revisions"}],"predecessor-version":[{"id":9369,"href":"https:\/\/sgvaimudar.com.br\/index.php\/wp-json\/wp\/v2\/posts\/9367\/revisions\/9369"}],"wp:featuredmedia":[{"embeddable":true,"href":"https:\/\/sgvaimudar.com.br\/index.php\/wp-json\/wp\/v2\/media\/9368"}],"wp:attachment":[{"href":"https:\/\/sgvaimudar.com.br\/index.php\/wp-json\/wp\/v2\/media?parent=9367"}],"wp:term":[{"taxonomy":"category","embeddable":true,"href":"https:\/\/sgvaimudar.com.br\/index.php\/wp-json\/wp\/v2\/categories?post=9367"},{"taxonomy":"post_tag","embeddable":true,"href":"https:\/\/sgvaimudar.com.br\/index.php\/wp-json\/wp\/v2\/tags?post=9367"}],"curies":[{"name":"wp","href":"https:\/\/api.w.org\/{rel}","templated":true}]}}