{"id":9322,"date":"2024-07-20T18:00:00","date_gmt":"2024-07-20T21:00:00","guid":{"rendered":"https:\/\/sgvaimudar.com.br\/?p=9322"},"modified":"2024-07-20T10:24:19","modified_gmt":"2024-07-20T13:24:19","slug":"tenista-niteroiense-ralff-abreu-engata-bons-resultados-e-define-calendario","status":"publish","type":"post","link":"https:\/\/sgvaimudar.com.br\/index.php\/2024\/07\/20\/tenista-niteroiense-ralff-abreu-engata-bons-resultados-e-define-calendario\/","title":{"rendered":"Tenista niteroiense Ralff Abreu engata bons resultados e define calend\u00e1rio"},"content":{"rendered":"\n<p><em>Atleta fez quartas de final em Itumbiara (GO) e parou nas oitavas diante do n\u00famero 1 do mundo em Toledo (PR). Agora ele joga em Cuiab\u00e1 (MT) e Vit\u00f3ria (ES)<\/em><\/p>\n\n\n\n<p>O tenista Ralff Abreu, niteroiense e ex-top 10 mundial, retomou, nas \u00faltimas semanas, a disputa do circuito mundial de Beach Tennis com dois torneios da s\u00e9rie BT 200 com premia\u00e7\u00e3o de US$ 15 mil (R$ 80 mi) cada um.<\/p>\n\n\n\n<p>Ele atuou ao lado do carioca Jo\u00e3o Lauro Carneiro e em Itumbiara (GO) a dupla derrotou a dupla cabe\u00e7a de chave 7 do ex-n\u00famero 1 do mundo, o italiano Luca Cramarossa, e o ga\u00facho Felipe Roman. Eles pararam nas quartas de final diante dos cabe\u00e7as de chave 3, Daniel Mola e Giovanni Cariani. Na \u00faltima semana foram at\u00e9 as oitavas de final caindo diante do n\u00famero 1 do mundo, o italiano Mattia Spoto, e o top 20, o ga\u00facho Fabr\u00edcio Neis, em Toledo (PR).<\/p>\n\n\n\n<p>O atleta agora volta a competir entre os dias 1\u00ba e 3 de agosto no BT 200 de Cuiab\u00e1 (MT) e na semana seguinte no BT 200 de Vit\u00f3ria (ES), ambos com mesma premia\u00e7\u00e3o e mais de 200 pontos cada.<\/p>\n\n\n\n<p>&#8220;Estamos indo bem, jogando bem, conseguimos boas vit\u00f3rias nas duas semanas. Vamos jogar mais uns tr\u00eas ou quatro torneios at\u00e9 o final de agosto e nos preparar bem em busca de manter bons resultados&#8221;, disse Ralff, que tem os patroc\u00ednios da Dropshot e com apoios da Secretaria de Esportes e Lazer de Niter\u00f3i, Dropshot e Spider Undergrip.<\/p>\n\n\n\n<p><strong>Sobre Ralff Abreu<\/strong><\/p>\n\n\n\n<p>Ralff Abreu, nascido em Niter\u00f3i, em fevereiro de 1983, foi tenista e come\u00e7ou no Beach Tennis em 2011. Tem 15 t\u00edtulos a n\u00edvel mundial ITF na carreira.<\/p>\n\n\n\n<p><strong><em><sub>S\u00e3o Gon\u00e7alo Vai Mudar. O Maior Portal da Cidade.<\/sub><\/em><\/strong><\/p>\n","protected":false},"excerpt":{"rendered":"<p>Atleta fez quartas de final em Itumbiara (GO) e parou nas oitavas diante do n\u00famero 1 do mundo em Toledo&hellip;<\/p>\n","protected":false},"author":5,"featured_media":9323,"comment_status":"open","ping_status":"open","sticky":false,"template":"","format":"standard","meta":{"fifu_image_url":"","fifu_image_alt":"","footnotes":""},"categories":[5],"tags":[],"class_list":["post-9322","post","type-post","status-publish","format-standard","has-post-thumbnail","hentry","category-esportes"],"_links":{"self":[{"href":"https:\/\/sgvaimudar.com.br\/index.php\/wp-json\/wp\/v2\/posts\/9322","targetHints":{"allow":["GET"]}}],"collection":[{"href":"https:\/\/sgvaimudar.com.br\/index.php\/wp-json\/wp\/v2\/posts"}],"about":[{"href":"https:\/\/sgvaimudar.com.br\/index.php\/wp-json\/wp\/v2\/types\/post"}],"author":[{"embeddable":true,"href":"https:\/\/sgvaimudar.com.br\/index.php\/wp-json\/wp\/v2\/users\/5"}],"replies":[{"embeddable":true,"href":"https:\/\/sgvaimudar.com.br\/index.php\/wp-json\/wp\/v2\/comments?post=9322"}],"version-history":[{"count":1,"href":"https:\/\/sgvaimudar.com.br\/index.php\/wp-json\/wp\/v2\/posts\/9322\/revisions"}],"predecessor-version":[{"id":9324,"href":"https:\/\/sgvaimudar.com.br\/index.php\/wp-json\/wp\/v2\/posts\/9322\/revisions\/9324"}],"wp:featuredmedia":[{"embeddable":true,"href":"https:\/\/sgvaimudar.com.br\/index.php\/wp-json\/wp\/v2\/media\/9323"}],"wp:attachment":[{"href":"https:\/\/sgvaimudar.com.br\/index.php\/wp-json\/wp\/v2\/media?parent=9322"}],"wp:term":[{"taxonomy":"category","embeddable":true,"href":"https:\/\/sgvaimudar.com.br\/index.php\/wp-json\/wp\/v2\/categories?post=9322"},{"taxonomy":"post_tag","embeddable":true,"href":"https:\/\/sgvaimudar.com.br\/index.php\/wp-json\/wp\/v2\/tags?post=9322"}],"curies":[{"name":"wp","href":"https:\/\/api.w.org\/{rel}","templated":true}]}}