{"id":9289,"date":"2024-07-20T08:14:47","date_gmt":"2024-07-20T11:14:47","guid":{"rendered":"https:\/\/sgvaimudar.com.br\/?p=9289"},"modified":"2024-07-20T08:14:47","modified_gmt":"2024-07-20T11:14:47","slug":"mae-de-menino-levado-morto-a-hospital-sofre-ameacas-e-nao-podera-ir-ao-enterro","status":"publish","type":"post","link":"https:\/\/sgvaimudar.com.br\/index.php\/2024\/07\/20\/mae-de-menino-levado-morto-a-hospital-sofre-ameacas-e-nao-podera-ir-ao-enterro\/","title":{"rendered":"M\u00e3e de menino levado morto a hospital sofre amea\u00e7as e n\u00e3o poder\u00e1 ir ao enterro"},"content":{"rendered":"\n<p><em>Laudo aponta que a causa da morte de Kaleb, de 2 anos, foi traumatismo na regi\u00e3o do abd\u00f4men, com uma les\u00e3o no p\u00e2ncreas por a\u00e7\u00e3o contundente<\/em><\/p>\n\n\n\n<p>A m\u00e3e do pequeno\u00a0Kaleb Gabriel da Cruz Lisboa, de 2 anos, relatou que est\u00e1 sendo amea\u00e7ada de morte nas redes sociais e, por isso, n\u00e3o vai poder comparecer ao enterro do filho, neste s\u00e1bado (20), \u00e0s 15h, no Cemit\u00e9rio de Inha\u00fama, na Zona Norte. O menino\u00a0deu entrada sem vida na emerg\u00eancia da Unidade de Pronto Atendimento (UPA) de Ricardo de Albuquerque, Zona Norte, na quarta-feira (17). O caso \u00e9 investigado pela Pol\u00edcia Civil.\u00a0<\/p>\n\n\n\n<p>&#8220;Eu e meu marido estamos recebendo muitas amea\u00e7as, n\u00f3s estamos com medo de ir no enterro e acontecer alguma coisa com agente na sa\u00edda.\u00a0At\u00e9 os meus parentes falaram para n\u00e3o irmos&#8221;, disse Aline J\u00falia da Cruz Concei\u00e7\u00e3o, que\u00a0prometeu registrar\u00a0um boletim\u00a0de ocorr\u00eancia na delegacia.\u00a0<\/p>\n\n\n\n<p>Segundo Aline,\u00a0o menino estava brincando com o irm\u00e3o mais novo, de 11 meses, quando caiu e bateu a cabe\u00e7a. No momento da queda, as crian\u00e7as estavam com o padrasto.\u00a0<\/p>\n\n\n\n<p>O laudo do Instituto M\u00e9dico Legal (IML) apontou que a causa da morte foi\u00a0por um traumatismo na regi\u00e3o do abd\u00f4men com uma les\u00e3o no p\u00e2ncreas\u00a0por a\u00e7\u00e3o contundente, como uma pancada.<\/p>\n\n\n\n<p>&#8220;A \u00fanica coisa que tenho para falar \u00e9 que n\u00e3o houve agress\u00e3o. Eu e meu marido n\u00e3o agredimos meu filho at\u00e9 porque eu como m\u00e3e nunca aceitaria isso. Ele estava brincando com o irm\u00e3o na cama e caiu&#8221;, garante a m\u00e3e.\u00a0<\/p>\n\n\n\n<p>O menino chegou a ser levado para a Unidade de Pronto Atendimento (UPA) de Ricardo de Albuquerque e depois para o Hospital Municipal Albert Schweitzer. L\u00e1, Kaleb passou por atendimento, realizou tomografia, ficou em observa\u00e7\u00e3o por 4 horas e recebeu alta. Na quarta-feira (17), no entanto, a m\u00e3e diz que a crian\u00e7a amanheceu gelada.<\/p>\n\n\n\n<p>Ela e o padrasto chegaram a lev\u00e1-lo \u00e0 UPA, mas o menino j\u00e1 chegou na unidade b\u00e1sica sem vida. Por conta disso, a fam\u00edlia registrou um boletim de ocorr\u00eancia contra o hospital, por neglig\u00eancia. &#8220;Isso foi neglig\u00eancia m\u00e9dica. Eu quero saber porque ele foi liberado sendo que n\u00e3o estava bem e nem medicado&#8221;, disse ao&nbsp;<strong>DIA<\/strong>.<\/p>\n\n\n\n<p>Outros familiares, no entanto, suspeitam que Kaleb era v\u00edtima de maus-tratos. A\u00a031\u00aa DP (Ricardo de Albuquerque) instaurou um inqu\u00e9rito para apurar o caso. As hip\u00f3teses de neglig\u00eancia e de maus-tratos est\u00e3o sendo investigadas. Agentes da distrital ouvem testemunhas, levantam informa\u00e7\u00f5es e realizam buscas para esclarecer a morte. A m\u00e3e e o padrasto do menino devem ser ouvidos na pr\u00f3xima semana.\u00a0<\/p>\n\n\n\n<p><em>Fonte: O Dia<\/em><\/p>\n","protected":false},"excerpt":{"rendered":"<p>Laudo aponta que a causa da morte de Kaleb, de 2 anos, foi traumatismo na regi\u00e3o do abd\u00f4men, com uma&hellip;<\/p>\n","protected":false},"author":5,"featured_media":9290,"comment_status":"open","ping_status":"open","sticky":false,"template":"","format":"standard","meta":{"fifu_image_url":"","fifu_image_alt":"","footnotes":""},"categories":[32],"tags":[],"class_list":["post-9289","post","type-post","status-publish","format-standard","has-post-thumbnail","hentry","category-casos-de-policia"],"_links":{"self":[{"href":"https:\/\/sgvaimudar.com.br\/index.php\/wp-json\/wp\/v2\/posts\/9289","targetHints":{"allow":["GET"]}}],"collection":[{"href":"https:\/\/sgvaimudar.com.br\/index.php\/wp-json\/wp\/v2\/posts"}],"about":[{"href":"https:\/\/sgvaimudar.com.br\/index.php\/wp-json\/wp\/v2\/types\/post"}],"author":[{"embeddable":true,"href":"https:\/\/sgvaimudar.com.br\/index.php\/wp-json\/wp\/v2\/users\/5"}],"replies":[{"embeddable":true,"href":"https:\/\/sgvaimudar.com.br\/index.php\/wp-json\/wp\/v2\/comments?post=9289"}],"version-history":[{"count":1,"href":"https:\/\/sgvaimudar.com.br\/index.php\/wp-json\/wp\/v2\/posts\/9289\/revisions"}],"predecessor-version":[{"id":9291,"href":"https:\/\/sgvaimudar.com.br\/index.php\/wp-json\/wp\/v2\/posts\/9289\/revisions\/9291"}],"wp:featuredmedia":[{"embeddable":true,"href":"https:\/\/sgvaimudar.com.br\/index.php\/wp-json\/wp\/v2\/media\/9290"}],"wp:attachment":[{"href":"https:\/\/sgvaimudar.com.br\/index.php\/wp-json\/wp\/v2\/media?parent=9289"}],"wp:term":[{"taxonomy":"category","embeddable":true,"href":"https:\/\/sgvaimudar.com.br\/index.php\/wp-json\/wp\/v2\/categories?post=9289"},{"taxonomy":"post_tag","embeddable":true,"href":"https:\/\/sgvaimudar.com.br\/index.php\/wp-json\/wp\/v2\/tags?post=9289"}],"curies":[{"name":"wp","href":"https:\/\/api.w.org\/{rel}","templated":true}]}}