{"id":9278,"date":"2024-07-19T16:00:00","date_gmt":"2024-07-19T19:00:00","guid":{"rendered":"https:\/\/sgvaimudar.com.br\/?p=9278"},"modified":"2024-07-19T11:18:31","modified_gmt":"2024-07-19T14:18:31","slug":"familia-faz-manifestacao-na-porta-da-unimed-por-nao-ter-atendimento-a-crianca-com-transtorno-do-espectro-autista","status":"publish","type":"post","link":"https:\/\/sgvaimudar.com.br\/index.php\/2024\/07\/19\/familia-faz-manifestacao-na-porta-da-unimed-por-nao-ter-atendimento-a-crianca-com-transtorno-do-espectro-autista\/","title":{"rendered":"Fam\u00edlia faz manifesta\u00e7\u00e3o na porta da  Unimed por n\u00e3o ter atendimento \u00e0 crian\u00e7a com Transtorno do Espectro Autista"},"content":{"rendered":"\n<p><em>Um grupo de m\u00e3es que relataram o caso disseram que v\u00e3o levar o atendimento ao Procon<\/em><\/p>\n\n\n\n<p>Uma manifesta\u00e7\u00e3o de uma fam\u00edlia aconteceu, na tarde da \u00faltima quarta-feira (17\/7), em frente ao Hospital da rede privada, Unimed, da Pra\u00e7a do Rinck, no Centro de Niter\u00f3i, por n\u00e3o atendimento a uma crian\u00e7a com defici\u00eancia, especialmente aquelas com Transtorno do Espectro Autista (TEA). <\/p>\n\n\n\n<p>As reclama\u00e7\u00f5es foram feitas por um grupo de m\u00e3es na porta do estabelecimento com cartazes, que relataram que a crian\u00e7a precisa de terapia e n\u00e3o recebeu o tratamento por parte do hospital. <\/p>\n\n\n\n<p>O Hospital foi procurado, mas preferiu o sil\u00eancio, assim como a Unimed.<\/p>\n\n\n\n<p>A legisla\u00e7\u00e3o garante que o atendimento seja priorit\u00e1rio e especializado para pessoas com Transtorno do Espectro Autista (TEA), inclusive com a oferta de terapias espec\u00edficas.<\/p>\n\n\n\n<p><strong>Normas da ANS<\/strong><\/p>\n\n\n\n<p>A Ag\u00eancia Nacional de Sa\u00fade Suplementar (ANS) \u00f3rg\u00e3o respons\u00e1vel por regulamentar o setor de planos de sa\u00fade no pa\u00eds define atrav\u00e9s da Resolu\u00e7\u00e3o Normativa n.\u00ba 259, de 17 de junho de 2011, que as consultas b\u00e1sicas devem ser agendadas em at\u00e9 7 dias \u00fateis, e consultas\/sess\u00f5es com fonoaudi\u00f3logo, nutricionista e psic\u00f3logo em at\u00e9 10 dias \u00fateis.<\/p>\n","protected":false},"excerpt":{"rendered":"<p>Um grupo de m\u00e3es que relataram o caso disseram que v\u00e3o levar o atendimento ao Procon Uma manifesta\u00e7\u00e3o de uma&hellip;<\/p>\n","protected":false},"author":5,"featured_media":9279,"comment_status":"open","ping_status":"open","sticky":false,"template":"","format":"standard","meta":{"fifu_image_url":"","fifu_image_alt":"","footnotes":""},"categories":[34],"tags":[],"class_list":["post-9278","post","type-post","status-publish","format-standard","has-post-thumbnail","hentry","category-niteroi"],"_links":{"self":[{"href":"https:\/\/sgvaimudar.com.br\/index.php\/wp-json\/wp\/v2\/posts\/9278","targetHints":{"allow":["GET"]}}],"collection":[{"href":"https:\/\/sgvaimudar.com.br\/index.php\/wp-json\/wp\/v2\/posts"}],"about":[{"href":"https:\/\/sgvaimudar.com.br\/index.php\/wp-json\/wp\/v2\/types\/post"}],"author":[{"embeddable":true,"href":"https:\/\/sgvaimudar.com.br\/index.php\/wp-json\/wp\/v2\/users\/5"}],"replies":[{"embeddable":true,"href":"https:\/\/sgvaimudar.com.br\/index.php\/wp-json\/wp\/v2\/comments?post=9278"}],"version-history":[{"count":1,"href":"https:\/\/sgvaimudar.com.br\/index.php\/wp-json\/wp\/v2\/posts\/9278\/revisions"}],"predecessor-version":[{"id":9280,"href":"https:\/\/sgvaimudar.com.br\/index.php\/wp-json\/wp\/v2\/posts\/9278\/revisions\/9280"}],"wp:featuredmedia":[{"embeddable":true,"href":"https:\/\/sgvaimudar.com.br\/index.php\/wp-json\/wp\/v2\/media\/9279"}],"wp:attachment":[{"href":"https:\/\/sgvaimudar.com.br\/index.php\/wp-json\/wp\/v2\/media?parent=9278"}],"wp:term":[{"taxonomy":"category","embeddable":true,"href":"https:\/\/sgvaimudar.com.br\/index.php\/wp-json\/wp\/v2\/categories?post=9278"},{"taxonomy":"post_tag","embeddable":true,"href":"https:\/\/sgvaimudar.com.br\/index.php\/wp-json\/wp\/v2\/tags?post=9278"}],"curies":[{"name":"wp","href":"https:\/\/api.w.org\/{rel}","templated":true}]}}