{"id":9239,"date":"2024-07-18T18:00:00","date_gmt":"2024-07-18T21:00:00","guid":{"rendered":"https:\/\/sgvaimudar.com.br\/?p=9239"},"modified":"2024-07-18T10:27:12","modified_gmt":"2024-07-18T13:27:12","slug":"tre-rj-de-casa-nova-conheca-a-nova-sede-da-justica-eleitoral-no-palacio-da-democracia","status":"publish","type":"post","link":"https:\/\/sgvaimudar.com.br\/index.php\/2024\/07\/18\/tre-rj-de-casa-nova-conheca-a-nova-sede-da-justica-eleitoral-no-palacio-da-democracia\/","title":{"rendered":"TRE-RJ de casa nova: conhe\u00e7a a nova sede da Justi\u00e7a Eleitoral no Pal\u00e1cio da Democracia\u00a0"},"content":{"rendered":"\n<p><em>Edif\u00edcio hist\u00f3rico em estilo ecl\u00e9tico, inaugurado em 1926, \u00e9 o mais novo local da democracia<\/em><\/p>\n\n\n\n<p>O Tribunal Regional Eleitoral do Rio de Janeiro (TRE-RJ) come\u00e7ou a funcionar nesta segunda-feira (15) em sua nova sede. Localizado em um edif\u00edcio hist\u00f3rico em estilo ecl\u00e9tico, inaugurado em 1926, o Pal\u00e1cio da Democracia fica na conflu\u00eancia das ruas da Alf\u00e2ndega e Quitanda, no cora\u00e7\u00e3o do Centro Hist\u00f3rico do Rio.<\/p>\n\n\n\n<p>Tombado pelo Instituto Estadual do Patrim\u00f4nio Cultural (Inepac), o edif\u00edcio foi erguido pela Companhia Construtora Nacional, a mesma que projetou outros dois s\u00edmbolos da Cidade Maravilhosa: os hot\u00e9is Copacabana Palace (1923) e Gl\u00f3ria (1921).<\/p>\n\n\n\n<p>O presidente do TRE-RJ, o desembargador Henrique Figueira lembrou que as novas instala\u00e7\u00f5es representam o in\u00edcio da concretiza\u00e7\u00e3o de um sonho antigo, h\u00e1 muito acalentado por magistrados, advogados, servidores, terceirizados e toda a comunidade da Justi\u00e7a Eleitoral do Rio de Janeiro.<\/p>\n\n\n\n<p>&#8220;Esse \u00e9 um projeto iniciado na gest\u00e3o do desembargador Elton Leme, que teve continuidade na gest\u00e3o do desembargador Jo\u00e3o Ziraldo Maia, na nossa gest\u00e3o, e temos agora a honra de entregar. H\u00e1 muito tempo a sede do TRE-RJ n\u00e3o cabia mais nos pr\u00e9dios que nos abrigavam, na Avenida Presidente Wilson. O Tribunal cresceu e, em uma sede hist\u00f3rica e deslumbrante, mas moderna e pronta para os novos desafios que se apresentam, busca oferecer mais conforto e melhores condi\u00e7\u00f5es de trabalho a seus servidores. O que se refletir\u00e1 na qualidade da presta\u00e7\u00e3o de servi\u00e7os ao cidad\u00e3o e em benef\u00edcios \u00e0 democracia&#8221;, afirmou o magistrado.\u00a0<\/p>\n\n\n\n<p><strong>Resgate hist\u00f3rico e conforto&nbsp;<\/strong><\/p>\n\n\n\n<p>A constru\u00e7\u00e3o pertence ao Governo do Estado e foi cedida ao TRE-RJ. Desde novembro de 2022, passou por obras estruturais e de restaura\u00e7\u00e3o minuciosa, que revitalizaram uma joia da arquitetura carioca. Ao longo dos sete andares distribu\u00eddos em 30 metros de altura e \u00e1rea de 8,4 mil metros quadrados, h\u00e1 um imponente Grande Hall, com&nbsp; p\u00e9 direito de 10 metros e quatro colunas em estilo hel\u00eanico, revestidas em pedra sab\u00e3o.&nbsp;&nbsp;<\/p>\n\n\n\n<p>O ambiente \u00e9 ornamentado por gradis em art noveau, m\u00e1rmores de Carrara, ma\u00e7anetas de bronze, vitrais e piso com mosaico de formas geom\u00e9tricas. Uma claraboia com ilumina\u00e7\u00e3o indireta, vinda de um prisma central, adorna o foyer. &#8220;\u00c9 um espa\u00e7o nobre e impactante, que est\u00e1 \u00e0 altura da import\u00e2ncia da Justi\u00e7a Eleitoral e, certamente, poderemos utiliz\u00e1-lo para grandes eventos, como solenidades, mostras e exposi\u00e7\u00f5es&#8221;, conclui o desembargador Henrique Figueira.&nbsp;<\/p>\n\n\n\n<p>O novo edif\u00edcio abriga espa\u00e7os simb\u00f3licos da rela\u00e7\u00e3o do TRE-RJ com a sociedade, como o novo plen\u00e1rio, onde acontecer\u00e3o as sess\u00f5es do Colegiado, um audit\u00f3rio, ambos com tratamento ac\u00fastico e assentos para pessoas com mobilidade e obesidade, al\u00e9m do Espa\u00e7o de Mem\u00f3ria Desembargador Jos\u00e9 Joaquim Passos e da Escola Judici\u00e1ria Eleitoral do Rio de Janeiro (EJE-RJ).<\/p>\n\n\n\n<p>As depend\u00eancias que agora recebem a Justi\u00e7a Eleitoral&nbsp; foram concebidas para a sede brasileira do antigo Deutsche Ueberseeische Bank, mais conhecido no pa\u00eds como Banco Alem\u00e3o Transatl\u00e2ntico. Na ocasi\u00e3o, o Rio de Janeiro era Distrito Federal e a regi\u00e3o abrigava um corredor de institui\u00e7\u00f5es banc\u00e1rias estrangeiras.&nbsp;<\/p>\n\n\n\n<p>Com a entrada do Brasil na Segunda Guerra Mundial, o banco foi liquidado e o edif\u00edcio foi incorporado ao patrim\u00f4nio do governo brasileiro. Passaria posteriormente \u00e0 Prefeitura do Distrito Federal, ao Governo do Estado da Guanabara e ao Governo do Estado do Rio de Janeiro, quando sediou a Secretaria estadual de Finan\u00e7as, rebatizada adiante como Secretaria de estado de Fazenda.&nbsp;<\/p>\n\n\n\n<p>O novo Pal\u00e1cio da Democracia fica na Rua da Alf\u00e2ndega 42, a poucos metros de outros s\u00edmbolos do Rio de Janeiro, como o Centro Cultural Banco do Brasil, o Centro Cultural Justi\u00e7a Eleitoral, a Igreja da Candel\u00e1ria, a Orla Conde e a Ba\u00eda de Guanabara. O pal\u00e1cio funcionar\u00e1 de segunda a sexta-feira, das 11h \u00e0s 19h. Eventuais d\u00favidas podem ser tiradas pelo Disque TRE-RJ: (21) 3436-9000, que funciona no mesmo hor\u00e1rio.<\/p>\n","protected":false},"excerpt":{"rendered":"<p>Edif\u00edcio hist\u00f3rico em estilo ecl\u00e9tico, inaugurado em 1926, \u00e9 o mais novo local da democracia O Tribunal Regional Eleitoral do&hellip;<\/p>\n","protected":false},"author":5,"featured_media":9240,"comment_status":"open","ping_status":"open","sticky":false,"template":"","format":"standard","meta":{"fifu_image_url":"","fifu_image_alt":"","footnotes":""},"categories":[4],"tags":[],"class_list":["post-9239","post","type-post","status-publish","format-standard","has-post-thumbnail","hentry","category-brasil"],"_links":{"self":[{"href":"https:\/\/sgvaimudar.com.br\/index.php\/wp-json\/wp\/v2\/posts\/9239","targetHints":{"allow":["GET"]}}],"collection":[{"href":"https:\/\/sgvaimudar.com.br\/index.php\/wp-json\/wp\/v2\/posts"}],"about":[{"href":"https:\/\/sgvaimudar.com.br\/index.php\/wp-json\/wp\/v2\/types\/post"}],"author":[{"embeddable":true,"href":"https:\/\/sgvaimudar.com.br\/index.php\/wp-json\/wp\/v2\/users\/5"}],"replies":[{"embeddable":true,"href":"https:\/\/sgvaimudar.com.br\/index.php\/wp-json\/wp\/v2\/comments?post=9239"}],"version-history":[{"count":1,"href":"https:\/\/sgvaimudar.com.br\/index.php\/wp-json\/wp\/v2\/posts\/9239\/revisions"}],"predecessor-version":[{"id":9241,"href":"https:\/\/sgvaimudar.com.br\/index.php\/wp-json\/wp\/v2\/posts\/9239\/revisions\/9241"}],"wp:featuredmedia":[{"embeddable":true,"href":"https:\/\/sgvaimudar.com.br\/index.php\/wp-json\/wp\/v2\/media\/9240"}],"wp:attachment":[{"href":"https:\/\/sgvaimudar.com.br\/index.php\/wp-json\/wp\/v2\/media?parent=9239"}],"wp:term":[{"taxonomy":"category","embeddable":true,"href":"https:\/\/sgvaimudar.com.br\/index.php\/wp-json\/wp\/v2\/categories?post=9239"},{"taxonomy":"post_tag","embeddable":true,"href":"https:\/\/sgvaimudar.com.br\/index.php\/wp-json\/wp\/v2\/tags?post=9239"}],"curies":[{"name":"wp","href":"https:\/\/api.w.org\/{rel}","templated":true}]}}