{"id":9216,"date":"2024-07-18T09:47:11","date_gmt":"2024-07-18T12:47:11","guid":{"rendered":"https:\/\/sgvaimudar.com.br\/?p=9216"},"modified":"2024-07-18T09:47:11","modified_gmt":"2024-07-18T12:47:11","slug":"homens-sao-presos-apos-denuncia-de-que-estariam-roubando-fios-na-zona-sul-de-niteroi","status":"publish","type":"post","link":"https:\/\/sgvaimudar.com.br\/index.php\/2024\/07\/18\/homens-sao-presos-apos-denuncia-de-que-estariam-roubando-fios-na-zona-sul-de-niteroi\/","title":{"rendered":"Homens s\u00e3o presos ap\u00f3s den\u00fancia de que estariam roubando fios na Zona Sul de Niter\u00f3i"},"content":{"rendered":"\n<p><em>Em menos de 24 horas os bairros S\u00e3o Francisco e Icara\u00ed sofreram casos de roubo de fios; Moradores dizem que a internet n\u00e3o \u00e9 mais a mesma<\/em><\/p>\n\n\n\n<p>Por volta das 3h40, da madrugada desta quinta-feira (18\/7), uma equipe do 12\u00baBPM foi solicitada a comparecer no bairro Icara\u00ed, na Zona Sul de Niter\u00f3i, onde segundo os moradores, havia um homem furtando fios de cobre de uma empresa de telefonia.<\/p>\n\n\n\n<figure class=\"wp-block-embed is-type-rich is-provider-twitter wp-block-embed-twitter\"><div class=\"wp-block-embed__wrapper\">\n<blockquote class=\"twitter-tweet\" data-width=\"550\" data-dnt=\"true\"><p lang=\"pt\" dir=\"ltr\">Um homem foi preso em flagrante por nossos policiais do <a href=\"https:\/\/twitter.com\/hashtag\/12BPM?src=hash&amp;ref_src=twsrc%5Etfw\">#12BPM<\/a>, na madrugada desta quinta-feira (18\/07), ap\u00f3s furtar fios, no bairro Icara\u00ed, <a href=\"https:\/\/twitter.com\/hashtag\/Niter%C3%B3i?src=hash&amp;ref_src=twsrc%5Etfw\">#Niter\u00f3i<\/a>. <a href=\"https:\/\/t.co\/vmSlzxziAl\">pic.twitter.com\/vmSlzxziAl<\/a><\/p>&mdash; @pmerj (@PMERJ) <a href=\"https:\/\/twitter.com\/PMERJ\/status\/1813868518716354795?ref_src=twsrc%5Etfw\">July 18, 2024<\/a><\/blockquote><script async src=\"https:\/\/platform.twitter.com\/widgets.js\" charset=\"utf-8\"><\/script>\n<\/div><\/figure>\n\n\n\n<p>A pol\u00edcia chegou no local e, em contato com o solicitante, visualizou um indiv\u00edduo furtando fios de telefonia, que quando avistou a viatura se aproximando o homem deixou uma parte dos fios, que foi recolhida e entregue a equipe e fugiu levando mais um rolo de fios.<\/p>\n\n\n\n<p>De posse das informa\u00e7\u00f5es e caracter\u00edsticas, os policiais realizaram dilig\u00eancias at\u00e9 conseguirem abordar o suspeito.<\/p>\n\n\n\n<p>Ainda na Zona Sul de Niter\u00f3i, em S\u00e3o Francisco, policiais do Seguran\u00e7a Presente prenderam um homem nesta ter\u00e7a-feira (16\/7) por furto de fios na Avenida Presidente Roosevelt. Com ele foram encontrados um alicate e duas facas de cozinha, al\u00e9m dos fios. O acusado possui seis registros criminais por furto.<\/p>\n\n\n\n<figure class=\"wp-block-video\"><video height=\"848\" style=\"aspect-ratio: 480 \/ 848;\" width=\"480\" controls src=\"https:\/\/sgvaimudar.com.br\/wp-content\/uploads\/2024\/07\/Seguranca-Presente-prende-homem-por-furtar-fios-em0014650100202407170819.mp4\"><\/video><\/figure>\n\n\n\n<p>Segundo a ocorr\u00eancia, a equipe notou dois suspeitos furtando fios de um poste e, ao serem abordados, eles fugiram. Os policiais conseguiram capturar um dos acusados, que tentou escapar entrando em uma resid\u00eancia, mas foi preso.<\/p>\n\n\n\n<p><strong><em>S\u00e3o Gon\u00e7alo Vai Mudar. O Maior Portal da Cidade.<\/em><\/strong><\/p>\n","protected":false},"excerpt":{"rendered":"<p>Em menos de 24 horas os bairros S\u00e3o Francisco e Icara\u00ed sofreram casos de roubo de fios; Moradores dizem que&hellip;<\/p>\n","protected":false},"author":5,"featured_media":9218,"comment_status":"open","ping_status":"open","sticky":false,"template":"","format":"standard","meta":{"fifu_image_url":"","fifu_image_alt":"","footnotes":""},"categories":[32],"tags":[],"class_list":["post-9216","post","type-post","status-publish","format-standard","has-post-thumbnail","hentry","category-casos-de-policia"],"_links":{"self":[{"href":"https:\/\/sgvaimudar.com.br\/index.php\/wp-json\/wp\/v2\/posts\/9216","targetHints":{"allow":["GET"]}}],"collection":[{"href":"https:\/\/sgvaimudar.com.br\/index.php\/wp-json\/wp\/v2\/posts"}],"about":[{"href":"https:\/\/sgvaimudar.com.br\/index.php\/wp-json\/wp\/v2\/types\/post"}],"author":[{"embeddable":true,"href":"https:\/\/sgvaimudar.com.br\/index.php\/wp-json\/wp\/v2\/users\/5"}],"replies":[{"embeddable":true,"href":"https:\/\/sgvaimudar.com.br\/index.php\/wp-json\/wp\/v2\/comments?post=9216"}],"version-history":[{"count":1,"href":"https:\/\/sgvaimudar.com.br\/index.php\/wp-json\/wp\/v2\/posts\/9216\/revisions"}],"predecessor-version":[{"id":9219,"href":"https:\/\/sgvaimudar.com.br\/index.php\/wp-json\/wp\/v2\/posts\/9216\/revisions\/9219"}],"wp:featuredmedia":[{"embeddable":true,"href":"https:\/\/sgvaimudar.com.br\/index.php\/wp-json\/wp\/v2\/media\/9218"}],"wp:attachment":[{"href":"https:\/\/sgvaimudar.com.br\/index.php\/wp-json\/wp\/v2\/media?parent=9216"}],"wp:term":[{"taxonomy":"category","embeddable":true,"href":"https:\/\/sgvaimudar.com.br\/index.php\/wp-json\/wp\/v2\/categories?post=9216"},{"taxonomy":"post_tag","embeddable":true,"href":"https:\/\/sgvaimudar.com.br\/index.php\/wp-json\/wp\/v2\/tags?post=9216"}],"curies":[{"name":"wp","href":"https:\/\/api.w.org\/{rel}","templated":true}]}}