{"id":9183,"date":"2024-07-17T12:00:00","date_gmt":"2024-07-17T15:00:00","guid":{"rendered":"https:\/\/sgvaimudar.com.br\/?p=9183"},"modified":"2024-07-17T10:48:55","modified_gmt":"2024-07-17T13:48:55","slug":"novo-trecho-do-muvi-corredor-viario-de-sao-goncalo-e-iniciado","status":"publish","type":"post","link":"https:\/\/sgvaimudar.com.br\/index.php\/2024\/07\/17\/novo-trecho-do-muvi-corredor-viario-de-sao-goncalo-e-iniciado\/","title":{"rendered":"Novo trecho do Muvi, corredor vi\u00e1rio de S\u00e3o Gon\u00e7alo, \u00e9 iniciado"},"content":{"rendered":"\n<p><em>Obra \u00e9 o maior projeto em mobilidade urbana da hist\u00f3ria da cidade<\/em><br><\/p>\n\n\n\n<p>A constru\u00e7\u00e3o do Projeto Mobilidade Urbana Verde Integrada (Muvi), corredor expresso em S\u00e3o Gon\u00e7alo, teve mais uma etapa iniciada pelo Governo do Estado. O projeto, que vai ligar Guaxindiba a Neves, \u00e9 o maior plano de mobilidade urbana da hist\u00f3ria da cidade e j\u00e1 conta com interven\u00e7\u00f5es em diversas frentes.<\/p>\n\n\n\n<figure class=\"wp-block-video\"><video controls src=\"https:\/\/sgvaimudar.com.br\/3955ac7f-f71b-416a-9785-751e62391aa0\"><\/video><\/figure>\n\n\n\n<p>\u2013 O Muvi vai beneficiar mais de 120 mil moradores de S\u00e3o Gon\u00e7alo e vai desafogar o sistema vi\u00e1rio, afetando toda a \u00e1rea da Regi\u00e3o Metropolitana. Temos ali interven\u00e7\u00f5es urban\u00edsticas, com ciclovia, revitaliza\u00e7\u00e3o de espa\u00e7os p\u00fablicos e cal\u00e7adas. E \u00e9 muito importante salientar que \u00e9 uma obra verde, sustent\u00e1vel e que vai promover preven\u00e7\u00e3o de desastres &#8211; explicou o governador Cl\u00e1udio Castro.<\/p>\n\n\n\n<p>O novo trecho em obras est\u00e1 recebendo trabalhos de terraplanagem no bairro da Trindade, na altura do batalh\u00e3o de Pol\u00edcia Militar. Tamb\u00e9m ser\u00e1 constru\u00edda a primeira das cinco pontes anunciadas em dezembro. A estrutura j\u00e1 come\u00e7ou a ser medida e vai criar uma pista de rolamento para que os ve\u00edculos passem sobre o Rio Alc\u00e2ntara. A obra \u00e9 executada pela Secretaria das Cidades, em conjunto com a prefeitura, e foi dividida em 6 trechos.<\/p>\n\n\n\n<p>\u2013 Come\u00e7amos mais um trecho do MUVI, que ser\u00e1 um dos projetos de maior visibilidade do munic\u00edpio. Estamos com algumas frentes de obras em alguns trechos, e a gente sabe que causa um transtorno para quem passa. Mas o benef\u00edcio a longo prazo ser\u00e1 sentido pela popula\u00e7\u00e3o. Estamos tratando com muito carinho e esperamos entregar o mais breve poss\u00edvel esse equipamento &#8211; disse o secret\u00e1rio das Cidades, Douglas Ruas.<\/p>\n\n\n\n<p>O corredor vi\u00e1rio ter\u00e1 18 quil\u00f4metros de extens\u00e3o, passando por 13 bairros, 32 esta\u00e7\u00f5es de embarque e desembarque, al\u00e9m de \u00e1reas verdes e de conviv\u00eancia e ciclovia ao longo de todo o trecho. O investimento \u00e9 de mais de R$ 287 milh\u00f5es e a previs\u00e3o de entrega \u00e9 para 2025.<\/p>\n\n\n\n<p><strong>Ciclorrota<\/strong><\/p>\n\n\n\n<p>Tamb\u00e9m em S\u00e3o Gon\u00e7alo, no bairro do Coluband\u00ea, a ciclorrota est\u00e1 em fase de constru\u00e7\u00e3o, onde o Governo do Estado, por meio da Secretaria das Cidades, em parceria com a Prefeitura de S\u00e3o Gon\u00e7alo, est\u00e1 investindo mais de R$ 12 milh\u00f5es na instala\u00e7\u00e3o do equipamento. Ser\u00e3o 4,4 km de pista sinalizada e exclusiva para os ciclistas, ligando o bairro Raul Veiga \u00e0 Pra\u00e7a Get\u00falio Vargas, no Rocha. Al\u00e9m da ciclovia, o projeto tamb\u00e9m engloba cal\u00e7amento e passeio p\u00fablico novos, \u00e1rea verde e de conviv\u00eancia.<\/p>\n","protected":false},"excerpt":{"rendered":"<p>Obra \u00e9 o maior projeto em mobilidade urbana da hist\u00f3ria da cidade A constru\u00e7\u00e3o do Projeto Mobilidade Urbana Verde Integrada&hellip;<\/p>\n","protected":false},"author":5,"featured_media":9184,"comment_status":"open","ping_status":"open","sticky":false,"template":"","format":"standard","meta":{"fifu_image_url":"","fifu_image_alt":"","footnotes":""},"categories":[3],"tags":[],"class_list":["post-9183","post","type-post","status-publish","format-standard","has-post-thumbnail","hentry","category-sao-goncalo"],"_links":{"self":[{"href":"https:\/\/sgvaimudar.com.br\/index.php\/wp-json\/wp\/v2\/posts\/9183","targetHints":{"allow":["GET"]}}],"collection":[{"href":"https:\/\/sgvaimudar.com.br\/index.php\/wp-json\/wp\/v2\/posts"}],"about":[{"href":"https:\/\/sgvaimudar.com.br\/index.php\/wp-json\/wp\/v2\/types\/post"}],"author":[{"embeddable":true,"href":"https:\/\/sgvaimudar.com.br\/index.php\/wp-json\/wp\/v2\/users\/5"}],"replies":[{"embeddable":true,"href":"https:\/\/sgvaimudar.com.br\/index.php\/wp-json\/wp\/v2\/comments?post=9183"}],"version-history":[{"count":1,"href":"https:\/\/sgvaimudar.com.br\/index.php\/wp-json\/wp\/v2\/posts\/9183\/revisions"}],"predecessor-version":[{"id":9185,"href":"https:\/\/sgvaimudar.com.br\/index.php\/wp-json\/wp\/v2\/posts\/9183\/revisions\/9185"}],"wp:featuredmedia":[{"embeddable":true,"href":"https:\/\/sgvaimudar.com.br\/index.php\/wp-json\/wp\/v2\/media\/9184"}],"wp:attachment":[{"href":"https:\/\/sgvaimudar.com.br\/index.php\/wp-json\/wp\/v2\/media?parent=9183"}],"wp:term":[{"taxonomy":"category","embeddable":true,"href":"https:\/\/sgvaimudar.com.br\/index.php\/wp-json\/wp\/v2\/categories?post=9183"},{"taxonomy":"post_tag","embeddable":true,"href":"https:\/\/sgvaimudar.com.br\/index.php\/wp-json\/wp\/v2\/tags?post=9183"}],"curies":[{"name":"wp","href":"https:\/\/api.w.org\/{rel}","templated":true}]}}