{"id":9128,"date":"2024-07-16T12:00:00","date_gmt":"2024-07-16T15:00:00","guid":{"rendered":"https:\/\/sgvaimudar.com.br\/?p=9128"},"modified":"2024-07-16T13:12:38","modified_gmt":"2024-07-16T16:12:38","slug":"miss-de-15-anos-do-bairro-itauna-conquista-o-maior-titulo-de-beleza-para-sao-goncalo","status":"publish","type":"post","link":"https:\/\/sgvaimudar.com.br\/index.php\/2024\/07\/16\/miss-de-15-anos-do-bairro-itauna-conquista-o-maior-titulo-de-beleza-para-sao-goncalo\/","title":{"rendered":"Miss de 15 anos do bairro Ita\u00fana conquista o maior t\u00edtulo de beleza para S\u00e3o Gon\u00e7alo"},"content":{"rendered":"\n<p><em>Yasmin participou de todas as etapas preliminares do concurso<\/em><\/p>\n\n\n\n<p>A jovem Yasmin Marques, de 15 anos, que \u00e9 do bairro Ita\u00fana, na cidade de S\u00e3o Gon\u00e7alo, completou recentemente seu quarto t\u00edtulo como Miss. Neste m\u00eas, Yasmin trouxe para casa o t\u00edtulo nacional Miss Teen Brasil, conquistado em Curitiba, Paran\u00e1.<\/p>\n\n\n\n<figure class=\"wp-block-image size-full\"><img fetchpriority=\"high\" decoding=\"async\" width=\"376\" height=\"511\" src=\"https:\/\/sgvaimudar.com.br\/wp-content\/uploads\/2024\/07\/miss1.jpg\" alt=\"\" class=\"wp-image-9129\" srcset=\"https:\/\/sgvaimudar.com.br\/wp-content\/uploads\/2024\/07\/miss1.jpg 376w, https:\/\/sgvaimudar.com.br\/wp-content\/uploads\/2024\/07\/miss1-221x300.jpg 221w\" sizes=\"(max-width: 376px) 100vw, 376px\" \/><\/figure>\n\n\n\n<p>Yasmin participou de todas as etapas preliminares do concurso, enfrentando os jurados em diversas categorias. Ela desfilou em traje t\u00edpico representando a cidade do Rio de Janeiro, destacando a beleza natural e cultural do estado. <\/p>\n\n\n\n<p>Al\u00e9m disso, participou de desfiles em traje de banho e de gala, e foi fotografada com todos os trajes. Durante os dias de confinamento, em 06 e 07 de julho de 2024, em Curitiba, Yasmin impressionou com sua simplicidade, eleg\u00e2ncia, postura e beleza, encantando a todos os presentes e recebendo in\u00fameros elogios.<\/p>\n\n\n\n<figure class=\"wp-block-image size-full\"><img decoding=\"async\" width=\"354\" height=\"471\" src=\"https:\/\/sgvaimudar.com.br\/wp-content\/uploads\/2024\/07\/miss2.jpg\" alt=\"\" class=\"wp-image-9152\" srcset=\"https:\/\/sgvaimudar.com.br\/wp-content\/uploads\/2024\/07\/miss2.jpg 354w, https:\/\/sgvaimudar.com.br\/wp-content\/uploads\/2024\/07\/miss2-225x300.jpg 225w\" sizes=\"(max-width: 354px) 100vw, 354px\" \/><\/figure>\n\n\n\n<p>Yasmin expressou sua gratid\u00e3o a Deus, aos seus pais, familiares, amigos e \u00e0s lojas Fraque&amp;Cia, Tabita Noivas &amp; Noivos, Nina Lemos, Sonho de Aluguel, al\u00e9m do seu preparador f\u00edsico Samuel Ramires, pelo apoio cont\u00ednuo.<\/p>\n\n\n\n<p>Como Miss Teen Brasil, Yasmin Marques tem levado a representatividade a novos patamares, usando sua voz como Vice Miss Brasil Teen para destacar a import\u00e2ncia da presen\u00e7a de jovens negras nos concursos de beleza. <\/p>\n\n\n\n<p>&#8220;Ainda somos 10% inseridas nos concursos de beleza. Sinto-me privilegiada em ser representada por todas as crian\u00e7as, adolescentes, jovens e adultas negras do pa\u00eds inteiro. \u00c9 poss\u00edvel sim! Acreditem que somos capazes de chegar e deixar nossa identidade por onde passarmos. Estou muito feliz por representar o Brasil,&#8221; declarou Yasmin.<\/p>\n\n\n\n<p>Agora, Yasmin Marques est\u00e1 em busca de patrocinadores e colaboradores para representar o Brasil no concurso internacional em Punta Cana, na Rep\u00fablica Dominicana.<\/p>\n\n\n\n<p>Maiores informa\u00e7\u00f5es: @yasmin.marquess_<\/p>\n","protected":false},"excerpt":{"rendered":"<p>Yasmin participou de todas as etapas preliminares do concurso A jovem Yasmin Marques, de 15 anos, que \u00e9 do bairro&hellip;<\/p>\n","protected":false},"author":5,"featured_media":9131,"comment_status":"open","ping_status":"open","sticky":false,"template":"","format":"standard","meta":{"fifu_image_url":"","fifu_image_alt":"","footnotes":""},"categories":[3],"tags":[],"class_list":["post-9128","post","type-post","status-publish","format-standard","has-post-thumbnail","hentry","category-sao-goncalo"],"_links":{"self":[{"href":"https:\/\/sgvaimudar.com.br\/index.php\/wp-json\/wp\/v2\/posts\/9128","targetHints":{"allow":["GET"]}}],"collection":[{"href":"https:\/\/sgvaimudar.com.br\/index.php\/wp-json\/wp\/v2\/posts"}],"about":[{"href":"https:\/\/sgvaimudar.com.br\/index.php\/wp-json\/wp\/v2\/types\/post"}],"author":[{"embeddable":true,"href":"https:\/\/sgvaimudar.com.br\/index.php\/wp-json\/wp\/v2\/users\/5"}],"replies":[{"embeddable":true,"href":"https:\/\/sgvaimudar.com.br\/index.php\/wp-json\/wp\/v2\/comments?post=9128"}],"version-history":[{"count":2,"href":"https:\/\/sgvaimudar.com.br\/index.php\/wp-json\/wp\/v2\/posts\/9128\/revisions"}],"predecessor-version":[{"id":9153,"href":"https:\/\/sgvaimudar.com.br\/index.php\/wp-json\/wp\/v2\/posts\/9128\/revisions\/9153"}],"wp:featuredmedia":[{"embeddable":true,"href":"https:\/\/sgvaimudar.com.br\/index.php\/wp-json\/wp\/v2\/media\/9131"}],"wp:attachment":[{"href":"https:\/\/sgvaimudar.com.br\/index.php\/wp-json\/wp\/v2\/media?parent=9128"}],"wp:term":[{"taxonomy":"category","embeddable":true,"href":"https:\/\/sgvaimudar.com.br\/index.php\/wp-json\/wp\/v2\/categories?post=9128"},{"taxonomy":"post_tag","embeddable":true,"href":"https:\/\/sgvaimudar.com.br\/index.php\/wp-json\/wp\/v2\/tags?post=9128"}],"curies":[{"name":"wp","href":"https:\/\/api.w.org\/{rel}","templated":true}]}}