{"id":9033,"date":"2024-07-14T16:00:00","date_gmt":"2024-07-14T19:00:00","guid":{"rendered":"https:\/\/sgvaimudar.com.br\/?p=9033"},"modified":"2024-07-14T11:51:31","modified_gmt":"2024-07-14T14:51:31","slug":"theatro-municipal-do-rio-faz-115-anos-e-tem-programacao-gratuita","status":"publish","type":"post","link":"https:\/\/sgvaimudar.com.br\/index.php\/2024\/07\/14\/theatro-municipal-do-rio-faz-115-anos-e-tem-programacao-gratuita\/","title":{"rendered":"Theatro Municipal do Rio faz 115 anos e tem programa\u00e7\u00e3o gratuita"},"content":{"rendered":"\n<p><em>Apresenta\u00e7\u00f5es fazem parte de esfor\u00e7o para democratizar a cultura<\/em><\/p>\n\n\n\n<p>Portas abertas para a cultura. Esta \u00e9 a mensagem principal que o Theatro Municipal do Rio de Janeiro quer passar para a popula\u00e7\u00e3o neste domingo (14), quando completa 115 anos. A casa de espet\u00e1culos, que fica em um pal\u00e1cio no centro da cidade, oferece uma programa\u00e7\u00e3o especial e gratuita, que vai de concerto \u00e0 dan\u00e7a, passando por&nbsp;<em>jazz&nbsp;<\/em>e \u00f3pera, que n\u00e3o sobe ao palco principal h\u00e1 quase 30 anos.<img decoding=\"async\" src=\"https:\/\/agenciabrasil.ebc.com.br\/ebc.png?id=1603529&amp;o=node\"><img decoding=\"async\" src=\"https:\/\/agenciabrasil.ebc.com.br\/ebc.gif?id=1603529&amp;o=node\"><\/p>\n\n\n\n<p>O Municipal do Rio chega a mais um anivers\u00e1rio embalado por uma s\u00e9rie de iniciativas que visam ampliar o acesso da popula\u00e7\u00e3o \u00e0 cultura. Viraram tradi\u00e7\u00e3o espet\u00e1culos gratuitos ou com ingressos a pre\u00e7os simb\u00f3licos, al\u00e9m de apresenta\u00e7\u00f5es em dias de semana, em pleno hor\u00e1rio do almo\u00e7o, para \u201cfisgar\u201d trabalhadores que passam pela regi\u00e3o da Cinel\u00e2ndia.<\/p>\n\n\n\n<p>\u201c\u00c9 uma tradi\u00e7\u00e3o abrir as portas no dia 14 de julho com uma programa\u00e7\u00e3o diversificada e gratuita, pois o Theatro Municipal do Rio de Janeiro \u00e9 de todos n\u00f3s. Como este ano [o anivers\u00e1rio] cai no domingo, \u00e9 programa garantido\u201d, convida a presidente da funda\u00e7\u00e3o que administra o Municipal, Clara Paulino.<\/p>\n\n\n\n<h2 class=\"wp-block-heading\">Economia criativa<\/h2>\n\n\n\n<p>O diretor art\u00edstico do teatro, Eric Herrero, diz que a casa \u00e9 \u201cvital\u201d para a cultura do Rio e do pa\u00eds. \u201cHistoricamente, \u00e9 o local onde alguns dos maiores artistas do mundo, sejam cantores, musicistas ou bailarinos, se apresentaram, onde os maiores diretores desenvolveram projetos ic\u00f4nicos.\u201d<\/p>\n\n\n\n<p>Herrero acrescenta que o espa\u00e7o, ligado \u00e0 Secretaria Estadual de Cultura e Economia Criativa, tem papel proeminente na forma\u00e7\u00e3o de profissionais, como cantores, bailarinos e agentes da \u00e1rea de cria\u00e7\u00e3o, como figurinistas, maquiadores, iluminadores, cen\u00f3grafos, contrarregras e diretores c\u00eanicos.<\/p>\n\n\n\n<p>Ele faz ainda uma rela\u00e7\u00e3o da institui\u00e7\u00e3o com a economia fluminense. \u201cCom suas produ\u00e7\u00f5es, al\u00e9m da manuten\u00e7\u00e3o de centenas de postos de trabalho, estimula e dinamiza a economia criativa do munic\u00edpio e do estado, por meio da compra de materiais e insumos, aquecendo o com\u00e9rcio local e o transporte p\u00fablico.\u201d<\/p>\n\n\n\n<h2 class=\"wp-block-heading\">Presen\u00e7a negra<\/h2>\n\n\n\n<p>O domingo n\u00e3o ser\u00e1 especial apenas para o aniversariante. A data marcar\u00e1 tamb\u00e9m a estreia da cantora l\u00edrica negra Lorena Pires no palco do pr\u00e9dio centen\u00e1rio. Ela faz parte do elenco da obra<em>\u00a0Il Trittico,\u00a0<\/em>de Giacomo Puccini. Se para um artista, apresentar-se no Municipal \u00e9 um feito, para a cantora capixaba, de 24 anos, \u00e9 ainda mais emblem\u00e1tico, em um ambiente marcado pela presen\u00e7a branca.<\/p>\n\n\n\n<p>\u201cN\u00e3o me via estando do outro lado onde eu agora tenho a oportunidade de me tornar refer\u00eancia para outras pessoas, sendo que, at\u00e9 ent\u00e3o, eu apenas tinha minhas refer\u00eancias pessoais, como [a cantora l\u00edrica negra] Maria D\u2019Apparecida, que enfrentou muitas barreiras impostas pelo racismo para estrear no Theatro Municipal em 1965\u201d, disse Lorena \u00e0&nbsp;<strong>Ag\u00eancia Brasil<\/strong>.<\/p>\n\n\n\n<p>Vencedora do 2\u00ba Concurso de Canto Joaquina Lapinha na categoria Voz Feminina, Lorena cita ainda como refer\u00eancia de representatividade a cantora americana Jessye Norman (1945-2019), e as colegas de elenco Edneia de Oliveira e Mere Oliveira. \u201cEu acompanhava desde o in\u00edcio dos meus estudos e hoje, tenho a honra e privil\u00e9gio de dividir um dos maiores palcos do Brasil com elas.\u201d<\/p>\n\n\n\n<p>Lorena diz que, neste domingo, realizar\u00e1 um sonho de inf\u00e2ncia da menina de 5 anos que \u201ccantava para plateia invis\u00edvel no quarto, imaginando-se em um grande palco\u201d.<\/p>\n\n\n\n<p>\u201cSe estou aqui, \u00e9 fruto de um \u00e1rduo trabalho, estudo, ren\u00fancias e, principalmente, porque abriram as portas para que eu pudesse entrar\u201d, declarou a soprano que cursa bacharelado em canto pela Faculdade de M\u00fasica do Esp\u00edrito Santo.<\/p>\n\n\n\n<h2 class=\"wp-block-heading\">Programa\u00e7\u00e3o<\/h2>\n\n\n\n<p>As atra\u00e7\u00f5es come\u00e7am \u00e0s 10h, com apresenta\u00e7\u00e3o da Banda dos Fuzileiros Navais, em frente ao Theatro Municipal. \u00c0s 11h, haver\u00e1 vista guiada para 40 pessoas.<\/p>\n\n\n\n<p>Ao meio-dia, no Sal\u00e3o Assyrio, o p\u00fablico \u00e9 convidado para a exibi\u00e7\u00e3o de artistas da Escola de Dan\u00e7a Maria Olenewa, centro de forma\u00e7\u00e3o do teatro e uma das mais tradicionais do pa\u00eds, e de bailarinos do bal\u00e9 do Municipal. Eles v\u00e3o apresentar a<em>&nbsp;Su\u00edte Brasileira<\/em>, coreografia que mistura ritmos como bossa nova, bai\u00e3o, forr\u00f3 e samba com movimenta\u00e7\u00f5es cl\u00e1ssicas do bal\u00e9. O espa\u00e7o \u00e9 para 150 espectadores.<\/p>\n\n\n\n<p>\u00c0s 13h30, no mesmo sal\u00e3o, haver\u00e1 mais uma demonstra\u00e7\u00e3o da Escola Maria Olenewa, para o mesmo n\u00famero de pessoas.<\/p>\n\n\n\n<p>\u00c0s 14h, no Foyer, a Camerata Jazz Brasil se apresentar\u00e1 para 50 pessoas, com uma linguagem contempor\u00e2nea, misturando m\u00fasica de concerto,&nbsp;<em>jazz<\/em>&nbsp;e ritmos brasileiros.<\/p>\n\n\n\n<p>\u00c0s 15h, a francesa Orquestra Sinf\u00f4nica Jovem de Bordeaux realiza um concerto na escadaria externa do pr\u00e9dio centen\u00e1rio, de frente para a pra\u00e7a da Cinel\u00e2ndia. Meia hora depois, ser\u00e1 aberta uma exposi\u00e7\u00e3o fotogr\u00e1fica sobre a It\u00e1lia nos teatros da Am\u00e9rica Latina.<\/p>\n\n\n\n<p>O ponto alto \u00e9\u00a0<em>Il Trittico<\/em>, conjunto de tr\u00eas \u00f3peras (<em>Il Tabarro<\/em>,\u00a0<em>Suor Angelica<\/em>\u00a0e\u00a0<em>Gianni Schicchi<\/em>) do italiano Giacomo Puccini, que volta ao Municipal depois de quase tr\u00eas d\u00e9cadas. A performance \u00e9 \u00e0s 17h. Uma hora antes, haver\u00e1 uma palestra para 100 pessoas sobre o compositor.<\/p>\n\n\n\n<p>Para garantir acesso \u00e0 programa\u00e7\u00e3o, o p\u00fablico precisa retirar senhas presencialmente, uma hora antes da apresenta\u00e7\u00e3o. No caso da \u00f3pera, a reserva precisa ser pr\u00e9via, pelo site do Theatro Municipal.<\/p>\n","protected":false},"excerpt":{"rendered":"<p>Apresenta\u00e7\u00f5es fazem parte de esfor\u00e7o para democratizar a cultura Portas abertas para a cultura. Esta \u00e9 a mensagem principal que&hellip;<\/p>\n","protected":false},"author":5,"featured_media":9034,"comment_status":"open","ping_status":"open","sticky":false,"template":"","format":"standard","meta":{"fifu_image_url":"","fifu_image_alt":"","footnotes":""},"categories":[6],"tags":[],"class_list":["post-9033","post","type-post","status-publish","format-standard","has-post-thumbnail","hentry","category-entretenimento"],"_links":{"self":[{"href":"https:\/\/sgvaimudar.com.br\/index.php\/wp-json\/wp\/v2\/posts\/9033","targetHints":{"allow":["GET"]}}],"collection":[{"href":"https:\/\/sgvaimudar.com.br\/index.php\/wp-json\/wp\/v2\/posts"}],"about":[{"href":"https:\/\/sgvaimudar.com.br\/index.php\/wp-json\/wp\/v2\/types\/post"}],"author":[{"embeddable":true,"href":"https:\/\/sgvaimudar.com.br\/index.php\/wp-json\/wp\/v2\/users\/5"}],"replies":[{"embeddable":true,"href":"https:\/\/sgvaimudar.com.br\/index.php\/wp-json\/wp\/v2\/comments?post=9033"}],"version-history":[{"count":1,"href":"https:\/\/sgvaimudar.com.br\/index.php\/wp-json\/wp\/v2\/posts\/9033\/revisions"}],"predecessor-version":[{"id":9035,"href":"https:\/\/sgvaimudar.com.br\/index.php\/wp-json\/wp\/v2\/posts\/9033\/revisions\/9035"}],"wp:featuredmedia":[{"embeddable":true,"href":"https:\/\/sgvaimudar.com.br\/index.php\/wp-json\/wp\/v2\/media\/9034"}],"wp:attachment":[{"href":"https:\/\/sgvaimudar.com.br\/index.php\/wp-json\/wp\/v2\/media?parent=9033"}],"wp:term":[{"taxonomy":"category","embeddable":true,"href":"https:\/\/sgvaimudar.com.br\/index.php\/wp-json\/wp\/v2\/categories?post=9033"},{"taxonomy":"post_tag","embeddable":true,"href":"https:\/\/sgvaimudar.com.br\/index.php\/wp-json\/wp\/v2\/tags?post=9033"}],"curies":[{"name":"wp","href":"https:\/\/api.w.org\/{rel}","templated":true}]}}