{"id":9018,"date":"2024-07-14T11:23:54","date_gmt":"2024-07-14T14:23:54","guid":{"rendered":"https:\/\/sgvaimudar.com.br\/?p=9018"},"modified":"2024-07-14T11:44:03","modified_gmt":"2024-07-14T14:44:03","slug":"tiroteio-na-meringuava-assusta-moradores-de-jacarepagua","status":"publish","type":"post","link":"https:\/\/sgvaimudar.com.br\/index.php\/2024\/07\/14\/tiroteio-na-meringuava-assusta-moradores-de-jacarepagua\/","title":{"rendered":"Tiroteio na Meringuava assusta moradores de Jacarepagu\u00e1; com v\u00eddeo da explos\u00e3o de granada"},"content":{"rendered":"\n<p><em>Disparos foram registrados de madrugada, pr\u00f3ximo ao bairro da Taquara. Moradores relatam desgaste causado pela rotina de viol\u00eancia na regi\u00e3o<\/em><\/p>\n\n\n<p>A Meringuava, em Jacarepagu\u00e1, na Zona Oeste, viveu\u00a0um terror na noite<br \/>deste domingo (14\/7) com mais um dia de guerra com intenso tiroteio. Desta vez, os disparos foram registrados de madrugada, na estrada Meringuava.<\/p>\n<p><!-- \/wp:post-content --><!-- wp:paragraph --><\/p>\n<p>Segundo a pol\u00edcia, durante um patrulhamento de rotina os policiais foram<br \/>atacados a tiros por criminosos.<\/p>\n<p><!-- \/wp:paragraph --><!-- wp:paragraph --><\/p>\n<p>&#8220;Houve confronto e nenhum registro de policial atingido. Logo ap\u00f3s<br \/>estabilizado o terreno, a equipe foi at\u00e9 a Upa da Taquara para verificar a<br \/>entrada de um homem com les\u00e3o corporal provocada por PAF e constatou o fato,<br \/>tendo sido transferido para o Hospital Louren\u00e7o Jorge&#8221;, informou a PM.<\/p>\n<p>Segundo as informa\u00e7\u00f5es, ainda durante a a\u00e7\u00e3o, uma equipe da pol\u00edcia se deslocou<br \/>at\u00e9 o n\u00famero 866, do mesmo endere\u00e7o onde ocorreu o confronto (Estrada da<br \/>Meringuava, Taquara\/Jacarepagu\u00e1), para verificar uma informa\u00e7\u00e3o de um artefato<br \/>explosivo ca\u00eddo ao solo no endere\u00e7o citado.<\/p>\n<p><img decoding=\"async\" class=\"alignnone size-medium wp-image-9024\" src=\"https:\/\/sgvaimudar.com.br\/wp-content\/uploads\/2024\/07\/FOTO-cYRO-nEVES-tupi-300x164.jpg\" alt=\"\" width=\"300\" height=\"164\" srcset=\"https:\/\/sgvaimudar.com.br\/wp-content\/uploads\/2024\/07\/FOTO-cYRO-nEVES-tupi-300x164.jpg 300w, https:\/\/sgvaimudar.com.br\/wp-content\/uploads\/2024\/07\/FOTO-cYRO-nEVES-tupi.jpg 603w\" sizes=\"(max-width: 300px) 100vw, 300px\" \/><\/p>\n<p><!-- \/wp:paragraph --><!-- wp:paragraph --><\/p>\n<p>&#8220;Ao chegar ao local, ficou constatado que de fato havia uma granada ao<br \/>solo. Devido ao ocorrido, a guarni\u00e7\u00e3o acionou o esquadr\u00e3o antibombas que\u00a0<br \/>desarmou e retirou o artefato&#8221;, disse o \u00f3rg\u00e3o de seguran\u00e7a p\u00fablica na<br \/>nota.<\/p>\n<div style=\"width: 640px;\" class=\"wp-video\"><video class=\"wp-video-shortcode\" id=\"video-9018-1\" width=\"640\" height=\"361\" preload=\"metadata\" controls=\"controls\"><source type=\"video\/mp4\" src=\"https:\/\/sgvaimudar.com.br\/wp-content\/uploads\/2024\/07\/Video-do-WhatsApp-de-2024-07-14-as-10.06.51_211bd21b.mp4?_=1\" \/><a href=\"https:\/\/sgvaimudar.com.br\/wp-content\/uploads\/2024\/07\/Video-do-WhatsApp-de-2024-07-14-as-10.06.51_211bd21b.mp4\">https:\/\/sgvaimudar.com.br\/wp-content\/uploads\/2024\/07\/Video-do-WhatsApp-de-2024-07-14-as-10.06.51_211bd21b.mp4<\/a><\/video><\/div>\n<p>A via, uma das principais da Taquara, foi interditada para a implos\u00e3o da granada deixada pelos criminosos. O local foi isolado e a detona\u00e7\u00e3o aconteceu quase no fim da manh\u00e3. Ningu\u00e9m ficou ferido.\u00a0<\/p>\n<p>A PM ressaltou que o fato se tratava de tiroteio entre criminosos, com<br \/>acionamento da pol\u00edcia. O policiamento no local est\u00e1 refor\u00e7ado.<\/p>\n<p><!-- \/wp:paragraph --><!-- wp:paragraph --><\/p>\n<p>Segundo informa\u00e7\u00f5es de quem passou o sufoco,\u00a0a regi\u00e3o sofre com as<br \/>constantes guerras na regi\u00e3o. Nos grupos dos aplicativos, moradores relatam em<br \/>\u00e1udio os desgastes causados pela rotina de viol\u00eancia na regi\u00e3o. Alguns comentam<br \/>sobre marca na janela e carros com tiros.<\/p>\n<p><!-- \/wp:paragraph --><!-- wp:paragraph --><\/p>\n<p>Nas redes sociais, postagens pedindo paz s\u00e3o comuns como em uma que foi<br \/>registrada por uma moradora da regi\u00e3o, se referindo aos constantes confrontos<br \/>na localidade.<\/p>\n<p><!-- \/wp:paragraph --><!-- wp:paragraph --><\/p>\n<p>\u201cQueremos paz\u201d, disse ela.<\/p>\n<p><!-- \/wp:paragraph --><!-- wp:paragraph --><em><b><sup><span style=\"font-size: 11.0pt;line-height: 115%;font-family: 'Calibri','sans-serif'\">S\u00e3o Gon\u00e7alo Vai Mudar. O Maior Portal da Cidade.<\/span><\/sup><\/b><\/em><\/p>","protected":false},"excerpt":{"rendered":"<p>Disparos foram registrados de madrugada, pr\u00f3ximo ao bairro da Taquara. Moradores relatam desgaste causado pela rotina de viol\u00eancia na regi\u00e3o&hellip;<\/p>\n","protected":false},"author":5,"featured_media":9001,"comment_status":"open","ping_status":"open","sticky":false,"template":"","format":"standard","meta":{"fifu_image_url":"","fifu_image_alt":"","footnotes":""},"categories":[32],"tags":[],"class_list":["post-9018","post","type-post","status-publish","format-standard","has-post-thumbnail","hentry","category-casos-de-policia"],"_links":{"self":[{"href":"https:\/\/sgvaimudar.com.br\/index.php\/wp-json\/wp\/v2\/posts\/9018","targetHints":{"allow":["GET"]}}],"collection":[{"href":"https:\/\/sgvaimudar.com.br\/index.php\/wp-json\/wp\/v2\/posts"}],"about":[{"href":"https:\/\/sgvaimudar.com.br\/index.php\/wp-json\/wp\/v2\/types\/post"}],"author":[{"embeddable":true,"href":"https:\/\/sgvaimudar.com.br\/index.php\/wp-json\/wp\/v2\/users\/5"}],"replies":[{"embeddable":true,"href":"https:\/\/sgvaimudar.com.br\/index.php\/wp-json\/wp\/v2\/comments?post=9018"}],"version-history":[{"count":6,"href":"https:\/\/sgvaimudar.com.br\/index.php\/wp-json\/wp\/v2\/posts\/9018\/revisions"}],"predecessor-version":[{"id":9032,"href":"https:\/\/sgvaimudar.com.br\/index.php\/wp-json\/wp\/v2\/posts\/9018\/revisions\/9032"}],"wp:featuredmedia":[{"embeddable":true,"href":"https:\/\/sgvaimudar.com.br\/index.php\/wp-json\/wp\/v2\/media\/9001"}],"wp:attachment":[{"href":"https:\/\/sgvaimudar.com.br\/index.php\/wp-json\/wp\/v2\/media?parent=9018"}],"wp:term":[{"taxonomy":"category","embeddable":true,"href":"https:\/\/sgvaimudar.com.br\/index.php\/wp-json\/wp\/v2\/categories?post=9018"},{"taxonomy":"post_tag","embeddable":true,"href":"https:\/\/sgvaimudar.com.br\/index.php\/wp-json\/wp\/v2\/tags?post=9018"}],"curies":[{"name":"wp","href":"https:\/\/api.w.org\/{rel}","templated":true}]}}