{"id":8956,"date":"2024-07-13T11:34:06","date_gmt":"2024-07-13T14:34:06","guid":{"rendered":"https:\/\/sgvaimudar.com.br\/?p=8956"},"modified":"2024-07-13T11:34:07","modified_gmt":"2024-07-13T14:34:07","slug":"niteroi-recebe-rota-gourmet-neste-fim-de-semana","status":"publish","type":"post","link":"https:\/\/sgvaimudar.com.br\/index.php\/2024\/07\/13\/niteroi-recebe-rota-gourmet-neste-fim-de-semana\/","title":{"rendered":"Niter\u00f3i recebe Rota Gourmet neste fim de semana"},"content":{"rendered":"\n<p>O\u00a0Rota Gourmet, famoso evento de food trucks em Niter\u00f3i, est\u00e1 de volta para a temporada 2024 com a sua edi\u00e7\u00e3o\u00a0Rota Cervejeira. O evento acontece at\u00e9 domingo (14), das 11h \u00e0s 22h, no Campo de S\u00e3o Bento, em Icara\u00ed, Zona Sul de Niter\u00f3i.<\/p>\n\n\n\n<p>O Campo de S\u00e3o Bento foi transformado em um verdadeiro para\u00edso para os amantes de cerveja artesanal. Com mais de 40 r\u00f3tulos dispon\u00edveis, os visitantes poder\u00e3o explorar uma vasta sele\u00e7\u00e3o de cervejas, cada uma com seu sabor e personalidade distintos.<\/p>\n\n\n\n<p>Segundo os organizadores, o evento \u00e9 uma oportunidade \u00fanica para conhecer novos r\u00f3tulos e conversar com mestres cervejeiros sobre o processo de cria\u00e7\u00e3o das suas bebidas favoritas.<\/p>\n\n\n\n<p>&#8220;Al\u00e9m da variedade de cervejas, contaremos com food trucks oferecendo diversas op\u00e7\u00f5es gastron\u00f4micas, garantindo a combina\u00e7\u00e3o perfeita de comida e bebida. Para tornar a experi\u00eancia ainda mais agrad\u00e1vel, haver\u00e1 m\u00fasica ao vivo, proporcionando um ambiente festivo e descontra\u00eddo&#8221;, disse os organizadores no texto.<\/p>\n\n\n\n<h2 class=\"wp-block-heading\" id=\"h-atracoes-musicais\">Atra\u00e7\u00f5es musicais<\/h2>\n\n\n\n<h2 class=\"wp-block-heading\" id=\"h-atracoes-musicais\"><strong>13\/07 \u2013 S\u00e1bado<\/strong>:<\/h2>\n\n\n\n<ul class=\"wp-block-list\">\n<li>14h \u2013 Igor Carvalho<\/li>\n\n\n\n<li>16h \u2013 Electra<\/li>\n\n\n\n<li>18h \u2013 DKV 30 Anos<\/li>\n\n\n\n<li>20h \u2013 Bloody Mary<\/li>\n\n\n\n<li><strong>14\/07 \u2013 Domingo<\/strong>:<\/li>\n\n\n\n<li>14h \u2013 Roda de Samba com Ivanzinho<\/li>\n\n\n\n<li>16h \u2013 Lual Brasuca<\/li>\n\n\n\n<li>18h \u2013 Rock Fellows<\/li>\n\n\n\n<li>20h \u2013 Davi Damasceno &amp; Flavinho Raggaman<\/li>\n<\/ul>\n\n\n\n<h2 class=\"wp-block-heading\" id=\"h-food-trucks-food-bikes-barracas-gourmet\">Food Trucks \u2013 Food Bikes \u2013 Barracas Gourmet<\/h2>\n\n\n\n<ul class=\"wp-block-list\">\n<li>Bar\u00e3o de Itaipava<\/li>\n\n\n\n<li>Bem Clara Cafeteria<\/li>\n\n\n\n<li>Breder Burger<\/li>\n\n\n\n<li>Calidus<\/li>\n\n\n\n<li>Da Carmine<\/li>\n\n\n\n<li>Emp\u00f3rio Del Gusto<\/li>\n\n\n\n<li>Esp\u00edrito de Porco<\/li>\n\n\n\n<li>Fam\u00edlia Paludo<\/li>\n\n\n\n<li>Le Frenchie<\/li>\n\n\n\n<li>Lievita<\/li>\n\n\n\n<li>Lu Doce Del\u00edcia<\/li>\n\n\n\n<li>O Fallafel<\/li>\n\n\n\n<li>Oma Confeitaria<\/li>\n\n\n\n<li>Ossos<\/li>\n\n\n\n<li>P\u00e3o de alho do kiki<\/li>\n\n\n\n<li>Piporca<\/li>\n\n\n\n<li>Rock Burger<\/li>\n\n\n\n<li>Seu Ant\u00f4nio<\/li>\n\n\n\n<li>Silvia Paludo<\/li>\n\n\n\n<li>Smoked<\/li>\n\n\n\n<li>Suud Culin\u00e1ria Arabe<\/li>\n\n\n\n<li>Tasca do Portuga<\/li>\n\n\n\n<li>Tin Tin By Rafa Gomes<\/li>\n\n\n\n<li>Vulcano<\/li>\n<\/ul>\n\n\n\n<h2 class=\"wp-block-heading\" id=\"h-algumas-das-cervejarias-participantes\">Algumas das cervejarias participantes<\/h2>\n\n\n\n<ul class=\"wp-block-list\">\n<li>Ambev<\/li>\n\n\n\n<li>Backbone<\/li>\n\n\n\n<li>Brew Lab<\/li>\n\n\n\n<li>Farra<\/li>\n\n\n\n<li>M\u00e1fia<\/li>\n\n\n\n<li>Malteca<\/li>\n\n\n\n<li>Marau\u00fa<\/li>\n\n\n\n<li>Masterpiece<\/li>\n\n\n\n<li>Mistura Cl\u00e1ssica<\/li>\n\n\n\n<li>Motim<\/li>\n\n\n\n<li>Pura Seiva<\/li>\n\n\n\n<li>Riff Hop<\/li>\n\n\n\n<li>Three Monkeys<\/li>\n<\/ul>\n\n\n\n<h3 class=\"wp-block-heading\" id=\"h-programacao\">Programa\u00e7\u00e3o<\/h3>\n\n\n\n<ul class=\"wp-block-list\">\n<li><strong>Data<\/strong>: 12, 13 e 14 de julho<\/li>\n\n\n\n<li><strong>Hor\u00e1rio<\/strong>: 11h \u00e0s 22h<\/li>\n\n\n\n<li><strong>Local<\/strong>: Campo de S\u00e3o Bento, Icara\u00ed, Niter\u00f3i.<\/li>\n<\/ul>\n","protected":false},"excerpt":{"rendered":"<p>O\u00a0Rota Gourmet, famoso evento de food trucks em Niter\u00f3i, est\u00e1 de volta para a temporada 2024 com a sua edi\u00e7\u00e3o\u00a0Rota&hellip;<\/p>\n","protected":false},"author":5,"featured_media":8957,"comment_status":"open","ping_status":"open","sticky":false,"template":"","format":"standard","meta":{"fifu_image_url":"","fifu_image_alt":"","footnotes":""},"categories":[6,34],"tags":[],"class_list":["post-8956","post","type-post","status-publish","format-standard","has-post-thumbnail","hentry","category-entretenimento","category-niteroi"],"_links":{"self":[{"href":"https:\/\/sgvaimudar.com.br\/index.php\/wp-json\/wp\/v2\/posts\/8956","targetHints":{"allow":["GET"]}}],"collection":[{"href":"https:\/\/sgvaimudar.com.br\/index.php\/wp-json\/wp\/v2\/posts"}],"about":[{"href":"https:\/\/sgvaimudar.com.br\/index.php\/wp-json\/wp\/v2\/types\/post"}],"author":[{"embeddable":true,"href":"https:\/\/sgvaimudar.com.br\/index.php\/wp-json\/wp\/v2\/users\/5"}],"replies":[{"embeddable":true,"href":"https:\/\/sgvaimudar.com.br\/index.php\/wp-json\/wp\/v2\/comments?post=8956"}],"version-history":[{"count":1,"href":"https:\/\/sgvaimudar.com.br\/index.php\/wp-json\/wp\/v2\/posts\/8956\/revisions"}],"predecessor-version":[{"id":8958,"href":"https:\/\/sgvaimudar.com.br\/index.php\/wp-json\/wp\/v2\/posts\/8956\/revisions\/8958"}],"wp:featuredmedia":[{"embeddable":true,"href":"https:\/\/sgvaimudar.com.br\/index.php\/wp-json\/wp\/v2\/media\/8957"}],"wp:attachment":[{"href":"https:\/\/sgvaimudar.com.br\/index.php\/wp-json\/wp\/v2\/media?parent=8956"}],"wp:term":[{"taxonomy":"category","embeddable":true,"href":"https:\/\/sgvaimudar.com.br\/index.php\/wp-json\/wp\/v2\/categories?post=8956"},{"taxonomy":"post_tag","embeddable":true,"href":"https:\/\/sgvaimudar.com.br\/index.php\/wp-json\/wp\/v2\/tags?post=8956"}],"curies":[{"name":"wp","href":"https:\/\/api.w.org\/{rel}","templated":true}]}}