{"id":8949,"date":"2024-07-13T18:00:00","date_gmt":"2024-07-13T21:00:00","guid":{"rendered":"https:\/\/sgvaimudar.com.br\/?p=8949"},"modified":"2024-07-13T10:59:57","modified_gmt":"2024-07-13T13:59:57","slug":"governador-claudio-castro-da-as-boas-vindas-a-146-novos-soldados-da-policia-militar","status":"publish","type":"post","link":"https:\/\/sgvaimudar.com.br\/index.php\/2024\/07\/13\/governador-claudio-castro-da-as-boas-vindas-a-146-novos-soldados-da-policia-militar\/","title":{"rendered":"Governador Cl\u00e1udio Castro d\u00e1 as boas-vindas a 146 novos soldados da Pol\u00edcia Militar"},"content":{"rendered":"\n<p><em>O refor\u00e7o no efetivo da corpora\u00e7\u00e3o\u00a0j\u00e1 estar\u00e1 nas ruas de todo o estado\u00a0nos pr\u00f3ximos dias<\/em><\/p>\n\n\n\n<p>O governador Cl\u00e1udio Castro participou,\u00a0nesta sexta-feira (12\/7), da cerim\u00f4nia de formatura de 146 novos soldados da Pol\u00edcia Militar. A solenidade, no Centro de Forma\u00e7\u00e3o e Aperfei\u00e7oamento de Pra\u00e7as, em Sulacap,\u00a0marca o fim de uma espera de mais de dez anos para muitos dos novos policiais, aprovados no concurso de 2014. A incorpora\u00e7\u00e3o dos militares representa um importante refor\u00e7o no efetivo policial, ampliando a seguran\u00e7a no Estado do Rio de Janeiro. \u00a0<\/p>\n\n\n\n<figure class=\"wp-block-image size-large\"><img fetchpriority=\"high\" decoding=\"async\" width=\"1024\" height=\"699\" src=\"https:\/\/sgvaimudar.com.br\/wp-content\/uploads\/2024\/07\/DSCF1719-1024x699.jpg\" alt=\"\" class=\"wp-image-8950\" srcset=\"https:\/\/sgvaimudar.com.br\/wp-content\/uploads\/2024\/07\/DSCF1719-1024x699.jpg 1024w, https:\/\/sgvaimudar.com.br\/wp-content\/uploads\/2024\/07\/DSCF1719-300x205.jpg 300w, https:\/\/sgvaimudar.com.br\/wp-content\/uploads\/2024\/07\/DSCF1719-768x524.jpg 768w, https:\/\/sgvaimudar.com.br\/wp-content\/uploads\/2024\/07\/DSCF1719-1536x1048.jpg 1536w, https:\/\/sgvaimudar.com.br\/wp-content\/uploads\/2024\/07\/DSCF1719.jpg 1700w\" sizes=\"(max-width: 1024px) 100vw, 1024px\" \/><\/figure>\n\n\n\n<p>&#8211;&nbsp;Nos ombros desses homens e mulheres est\u00e3o o direito de ir e vir da sociedade fluminense e tamb\u00e9m&nbsp;o desenvolvimento do estado, que, com mais&nbsp;seguran\u00e7a, atrai novos neg\u00f3cios, gerando emprego e renda.&nbsp;A minha fun\u00e7\u00e3o \u00e9 de fornecer melhor qualidade de trabalho para esses her\u00f3is. Hoje, a Pol\u00edcia Militar conta com colete bal\u00edstico, armamento individual e com um sal\u00e1rio digno. Por tr\u00e1s dessa farda, existe um ser humano com o desejo de melhorar a vida da fam\u00edlia e proteger a popula\u00e7\u00e3o&nbsp;&#8211; declarou Cl\u00e1udio Castro.<\/p>\n\n\n\n<p>Durante a cerim\u00f4nia, o governador destacou os investimentos significativos na \u00e1rea de seguran\u00e7a p\u00fablica, que ultrapassam R$ 4 bilh\u00f5es. Esses recursos, que fomentam o trabalho da corpora\u00e7\u00e3o, t\u00eam contribu\u00eddo para a redu\u00e7\u00e3o dos \u00edndices de criminalidade, refletindo o impacto positivo das pol\u00edticas de seguran\u00e7a implementadas.<\/p>\n\n\n\n<p>A letalidade violenta &#8211; que engloba homic\u00eddio doloso, les\u00e3o seguida de morte, latroc\u00ednio e morte pela pol\u00edcia &#8211; registrou queda de 21% nos primeiros cinco meses do ano e de 7% em maio, em compara\u00e7\u00e3o com o mesmo per\u00edodo de 2023. Ambas as estat\u00edsticas apontam para o menor n\u00famero de v\u00edtimas desde 1991. J\u00e1 os homic\u00eddios dolosos apresentaram diminui\u00e7\u00e3o de 16% no acumulado de maio, sendo este o menor valor para o per\u00edodo em 34 anos.<\/p>\n\n\n\n<p>Na solenidade, o presidente da Assembleia Legislativa, Rodrigo Bacellar, ressaltou a import\u00e2ncia da corpora\u00e7\u00e3o para a preserva\u00e7\u00e3o do estado democr\u00e1tico de direito.<\/p>\n\n\n\n<p>&#8211;&nbsp;Hoje \u00e9 um dia de festa para o estado, que recebe em sua tropa novos integrantes. Mesmo nos momentos dif\u00edceis a pol\u00edcia luta bravamente pela seguran\u00e7a da popula\u00e7\u00e3o e defesa do estado democr\u00e1tico&nbsp;&#8211; concluiu Bacellar.<\/p>\n\n\n\n<p><strong>Novo concurso em andamento<\/strong><\/p>\n\n\n\n<p>Ap\u00f3s uma d\u00e9cada sem novos concursos, foram abertas&nbsp;2 mil vagas para o Curso de Forma\u00e7\u00e3o de Soldados da Pol\u00edcia Militar. O processo seletivo, iniciado em abril, atraiu um total de 60.748 inscritos. Destes, 11.623 candidatos obtiveram nota para participar da segunda etapa do concurso, que contou com a participa\u00e7\u00e3o de mais de 11 mil candidatos no \u00faltimo domingo, sendo um dos processos seletivos mais disputados da hist\u00f3ria da corpora\u00e7\u00e3o.<\/p>\n\n\n\n<p>&#8211;&nbsp;Temos a obriga\u00e7\u00e3o de retribuir todo o esfor\u00e7o do governo e da sociedade, que paga os seus impostos. Os novos policiais ingressam na corpora\u00e7\u00e3o com a miss\u00e3o de servir e proteger. Somos todos uma \u00fanica pol\u00edcia&nbsp;&#8211; ressaltou&nbsp;o secret\u00e1rio de Pol\u00edcia Militar, coronel Marcelo de Menezes.<\/p>\n","protected":false},"excerpt":{"rendered":"<p>O refor\u00e7o no efetivo da corpora\u00e7\u00e3o\u00a0j\u00e1 estar\u00e1 nas ruas de todo o estado\u00a0nos pr\u00f3ximos dias O governador Cl\u00e1udio Castro participou,\u00a0nesta&hellip;<\/p>\n","protected":false},"author":5,"featured_media":8951,"comment_status":"open","ping_status":"open","sticky":false,"template":"","format":"standard","meta":{"fifu_image_url":"","fifu_image_alt":"","footnotes":""},"categories":[32],"tags":[],"class_list":["post-8949","post","type-post","status-publish","format-standard","has-post-thumbnail","hentry","category-casos-de-policia"],"_links":{"self":[{"href":"https:\/\/sgvaimudar.com.br\/index.php\/wp-json\/wp\/v2\/posts\/8949","targetHints":{"allow":["GET"]}}],"collection":[{"href":"https:\/\/sgvaimudar.com.br\/index.php\/wp-json\/wp\/v2\/posts"}],"about":[{"href":"https:\/\/sgvaimudar.com.br\/index.php\/wp-json\/wp\/v2\/types\/post"}],"author":[{"embeddable":true,"href":"https:\/\/sgvaimudar.com.br\/index.php\/wp-json\/wp\/v2\/users\/5"}],"replies":[{"embeddable":true,"href":"https:\/\/sgvaimudar.com.br\/index.php\/wp-json\/wp\/v2\/comments?post=8949"}],"version-history":[{"count":1,"href":"https:\/\/sgvaimudar.com.br\/index.php\/wp-json\/wp\/v2\/posts\/8949\/revisions"}],"predecessor-version":[{"id":8952,"href":"https:\/\/sgvaimudar.com.br\/index.php\/wp-json\/wp\/v2\/posts\/8949\/revisions\/8952"}],"wp:featuredmedia":[{"embeddable":true,"href":"https:\/\/sgvaimudar.com.br\/index.php\/wp-json\/wp\/v2\/media\/8951"}],"wp:attachment":[{"href":"https:\/\/sgvaimudar.com.br\/index.php\/wp-json\/wp\/v2\/media?parent=8949"}],"wp:term":[{"taxonomy":"category","embeddable":true,"href":"https:\/\/sgvaimudar.com.br\/index.php\/wp-json\/wp\/v2\/categories?post=8949"},{"taxonomy":"post_tag","embeddable":true,"href":"https:\/\/sgvaimudar.com.br\/index.php\/wp-json\/wp\/v2\/tags?post=8949"}],"curies":[{"name":"wp","href":"https:\/\/api.w.org\/{rel}","templated":true}]}}