{"id":8943,"date":"2024-07-13T16:00:00","date_gmt":"2024-07-13T19:00:00","guid":{"rendered":"https:\/\/sgvaimudar.com.br\/?p=8943"},"modified":"2024-07-13T10:51:36","modified_gmt":"2024-07-13T13:51:36","slug":"pivo-da-separacao-de-iza-e-yuri-se-pronuncia-pela-primeira-vez-apos-polemica-sou-livre","status":"publish","type":"post","link":"https:\/\/sgvaimudar.com.br\/index.php\/2024\/07\/13\/pivo-da-separacao-de-iza-e-yuri-se-pronuncia-pela-primeira-vez-apos-polemica-sou-livre\/","title":{"rendered":"Piv\u00f4 da separa\u00e7\u00e3o de Iza e Yuri se pronuncia pela primeira vez ap\u00f3s pol\u00eamica: \u201cSou livre\u201d"},"content":{"rendered":"\n<p><em>Kevelin Gomes negou que tentou vender informa\u00e7\u00f5es \u00e0 imprensa<\/em><\/p>\n\n\n\n<p>Kevelin Gomes, apontada como a piv\u00f4 da separa\u00e7\u00e3o de Iza e o jogador de futebol Yuri Lima, se pronunciou pela primeira nesta quinta-feira (11). Em um v\u00eddeo divulgado nas redes sociais, ela confirmou o envolvimento com o atleta e negou que tentou vender informa\u00e7\u00f5es \u00e0 imprensa.\u00a0<\/p>\n\n\n\n<figure class=\"wp-block-image size-full\"><img fetchpriority=\"high\" decoding=\"async\" width=\"375\" height=\"478\" src=\"https:\/\/sgvaimudar.com.br\/wp-content\/uploads\/2024\/07\/ketlen1.jpg\" alt=\"\" class=\"wp-image-8944\" srcset=\"https:\/\/sgvaimudar.com.br\/wp-content\/uploads\/2024\/07\/ketlen1.jpg 375w, https:\/\/sgvaimudar.com.br\/wp-content\/uploads\/2024\/07\/ketlen1-235x300.jpg 235w\" sizes=\"(max-width: 375px) 100vw, 375px\" \/><\/figure>\n\n\n\n<p>N\u00e3o recebi nada e n\u00e3o tive nenhum contato com nenhuma imprensa e com nenhuma p\u00e1gina de fofoca onde pudesse envolver algum tipo de negocia\u00e7\u00e3o a respeito dessa conversa \u2014&nbsp; come\u00e7ou ela.&nbsp;<\/p>\n\n\n\n<p>Em seguida, Kevelin revela que divulgou os prints das conversas com o jogador para algumas pessoas que eram de sua confian\u00e7a, entretanto, n\u00e3o esperava que elas iriam agir de \u201cm\u00e1 f\u00e9\u201d com ela.\u00a0<\/p>\n\n\n\n<figure class=\"wp-block-image size-full\"><img decoding=\"async\" width=\"453\" height=\"487\" src=\"https:\/\/sgvaimudar.com.br\/wp-content\/uploads\/2024\/07\/ketlen3.jpg\" alt=\"\" class=\"wp-image-8945\" srcset=\"https:\/\/sgvaimudar.com.br\/wp-content\/uploads\/2024\/07\/ketlen3.jpg 453w, https:\/\/sgvaimudar.com.br\/wp-content\/uploads\/2024\/07\/ketlen3-279x300.jpg 279w\" sizes=\"(max-width: 453px) 100vw, 453px\" \/><\/figure>\n\n\n\n<p>\u2014 As fotos que est\u00e3o rolando atualmente com a pessoa s\u00e3o fotos antigas. N\u00e3o houve encontro ap\u00f3s o relacionamento, mas a gente manteve sim os nossos contatos, as nossas conversas, a nossa intimidade. At\u00e9 porque eu trabalho com isso e s\u00f3 estava sendo rec\u00edproca a ele \u2014 diz.\u00a0<\/p>\n\n\n\n<p>O v\u00eddeo foi publicado no Instagram junto com a legenda na qual ela agradece as pessoas por ouvirem e pelas mensagens de apoio que recebeu. Kevelin ainda falou que \u201cest\u00e1 tudo bem\u201d e deseja que a verdade prevale\u00e7a.\u00a0<\/p>\n\n\n\n<figure class=\"wp-block-image size-full\"><img decoding=\"async\" width=\"444\" height=\"465\" src=\"https:\/\/sgvaimudar.com.br\/wp-content\/uploads\/2024\/07\/ketlen2.jpg\" alt=\"\" class=\"wp-image-8946\" srcset=\"https:\/\/sgvaimudar.com.br\/wp-content\/uploads\/2024\/07\/ketlen2.jpg 444w, https:\/\/sgvaimudar.com.br\/wp-content\/uploads\/2024\/07\/ketlen2-286x300.jpg 286w\" sizes=\"(max-width: 444px) 100vw, 444px\" \/><\/figure>\n\n\n\n<p>\u201cEu agrade\u00e7o por me ouvirem, pelas mensagens que venho recebendo seja boa ou ruim eu agrade\u00e7o e desejo o melhor de todo meu cora\u00e7\u00e3o pra todos voc\u00eas! EU SOU livre, e desejo que voc\u00ea sejam tamb\u00e9m, a verdadeira ess\u00eancia \u00e9 algo que poucas pessoas ter\u00e3o acesso ou ir\u00e3o compreender! E est\u00e1 tudo bem! Desejo a verdade e que ela prevale\u00e7a! \u00c9 isso! Deus aben\u00e7oe todos!\u201d, diz a legenda.<\/p>\n\n\n\n<h2 class=\"wp-block-heading\" id=\"h-quem-e-kevelin-gomes-nbsp\">Quem \u00e9 ela?\u00a0<\/h2>\n\n\n\n<p>Kevelin \u00e9 natural de Medeiros Neto, na Bahia, e se considera criadora de conte\u00fado digital. Ela tamb\u00e9m possui conta em uma plataforma de conte\u00fado adulto e j\u00e1 trabalhou como maquiadora, faxineira e vendedora de roupas.&nbsp;<\/p>\n\n\n\n<p>Ap\u00f3s o an\u00fancio da separa\u00e7\u00e3o, a conta de Kevelin nas redes sociais foi invadida por coment\u00e1rios de internautas, com cr\u00edticas \u00e0 trai\u00e7\u00e3o.<\/p>\n","protected":false},"excerpt":{"rendered":"<p>Kevelin Gomes negou que tentou vender informa\u00e7\u00f5es \u00e0 imprensa Kevelin Gomes, apontada como a piv\u00f4 da separa\u00e7\u00e3o de Iza e&hellip;<\/p>\n","protected":false},"author":5,"featured_media":8947,"comment_status":"open","ping_status":"open","sticky":false,"template":"","format":"standard","meta":{"fifu_image_url":"","fifu_image_alt":"","footnotes":""},"categories":[6],"tags":[],"class_list":["post-8943","post","type-post","status-publish","format-standard","has-post-thumbnail","hentry","category-entretenimento"],"_links":{"self":[{"href":"https:\/\/sgvaimudar.com.br\/index.php\/wp-json\/wp\/v2\/posts\/8943","targetHints":{"allow":["GET"]}}],"collection":[{"href":"https:\/\/sgvaimudar.com.br\/index.php\/wp-json\/wp\/v2\/posts"}],"about":[{"href":"https:\/\/sgvaimudar.com.br\/index.php\/wp-json\/wp\/v2\/types\/post"}],"author":[{"embeddable":true,"href":"https:\/\/sgvaimudar.com.br\/index.php\/wp-json\/wp\/v2\/users\/5"}],"replies":[{"embeddable":true,"href":"https:\/\/sgvaimudar.com.br\/index.php\/wp-json\/wp\/v2\/comments?post=8943"}],"version-history":[{"count":1,"href":"https:\/\/sgvaimudar.com.br\/index.php\/wp-json\/wp\/v2\/posts\/8943\/revisions"}],"predecessor-version":[{"id":8948,"href":"https:\/\/sgvaimudar.com.br\/index.php\/wp-json\/wp\/v2\/posts\/8943\/revisions\/8948"}],"wp:featuredmedia":[{"embeddable":true,"href":"https:\/\/sgvaimudar.com.br\/index.php\/wp-json\/wp\/v2\/media\/8947"}],"wp:attachment":[{"href":"https:\/\/sgvaimudar.com.br\/index.php\/wp-json\/wp\/v2\/media?parent=8943"}],"wp:term":[{"taxonomy":"category","embeddable":true,"href":"https:\/\/sgvaimudar.com.br\/index.php\/wp-json\/wp\/v2\/categories?post=8943"},{"taxonomy":"post_tag","embeddable":true,"href":"https:\/\/sgvaimudar.com.br\/index.php\/wp-json\/wp\/v2\/tags?post=8943"}],"curies":[{"name":"wp","href":"https:\/\/api.w.org\/{rel}","templated":true}]}}