{"id":8887,"date":"2024-07-12T12:00:00","date_gmt":"2024-07-12T15:00:00","guid":{"rendered":"https:\/\/sgvaimudar.com.br\/?p=8887"},"modified":"2024-07-12T10:54:07","modified_gmt":"2024-07-12T13:54:07","slug":"centro-e-estrela-do-norte-recebem-evento-religioso-marcha-para-jesus","status":"publish","type":"post","link":"https:\/\/sgvaimudar.com.br\/index.php\/2024\/07\/12\/centro-e-estrela-do-norte-recebem-evento-religioso-marcha-para-jesus\/","title":{"rendered":"Centro e Estrela do Norte recebem evento religioso &#8216;Marcha para Jesus&#8217;"},"content":{"rendered":"\n<p><em>Prefeitura avisa sobre altera\u00e7\u00f5es no tr\u00e2nsito no pr\u00f3ximo s\u00e1bado (13)<\/em><\/p>\n\n\n\n<p>A Secretaria de Transportes da Prefeitura de S\u00e3o Gon\u00e7alo avisa que montou um esquema especial de tr\u00e2nsito para facilitar a realiza\u00e7\u00e3o do evento &#8216;Marcha para Jesus&#8217;, que ocorrer\u00e1 no pr\u00f3ximo s\u00e1bado (13), a partir das 14h, saindo do INSS do Centro at\u00e9 o Clube Mau\u00e1. Os motoristas que trafegam pelos bairros Centro e Estrela do Norte dever\u00e3o ficar atentos.<\/p>\n\n\n\n<figure class=\"wp-block-embed is-type-rich is-provider-twitter wp-block-embed-twitter\"><div class=\"wp-block-embed__wrapper\">\n<blockquote class=\"twitter-tweet\" data-width=\"550\" data-dnt=\"true\"><p lang=\"pt\" dir=\"ltr\">S\u00e3o Gon\u00e7alo recebe a Marcha para Jesus.<br><br>Ap\u00f3s quatro anos de hiato, a Marcha para Jesus em S\u00e3o Gon\u00e7alo volta a ser realizada.<a href=\"https:\/\/twitter.com\/hashtag\/sgvaimudar?src=hash&amp;ref_src=twsrc%5Etfw\">#sgvaimudar<\/a> <a href=\"https:\/\/t.co\/1PxAePs0yb\">pic.twitter.com\/1PxAePs0yb<\/a><\/p>&mdash; S\u00e3o Gon\u00e7alo Vai Mudar (@SG_vai_mudar) <a href=\"https:\/\/twitter.com\/SG_vai_mudar\/status\/1677759273017671681?ref_src=twsrc%5Etfw\">July 8, 2023<\/a><\/blockquote><script async src=\"https:\/\/platform.twitter.com\/widgets.js\" charset=\"utf-8\"><\/script>\n<\/div><figcaption class=\"wp-element-caption\"><em>Ano passado, depois de interrup\u00e7\u00f5es devido a pandemia, o evento voltou a acontecer<\/em><\/figcaption><\/figure>\n\n\n\n<p>As mudan\u00e7as no tr\u00e2nsito come\u00e7ar\u00e3o a valer no s\u00e1bado (13), a partir das 11h, quando a Rua Coronel Moreira C\u00e9sar ser\u00e1 interditada parcialmente dos n\u00fameros 157 at\u00e9 169.<\/p>\n\n\n\n<p>Do in\u00edcio da Rua Dr. Feliciano Sodr\u00e9 at\u00e9 o n\u00ba 182 da Rua Dr. Nilo Pe\u00e7anha ficar\u00e1 proibido o estacionamento de ve\u00edculos, os servi\u00e7os de carga e descarga, os pontos de t\u00e1xi e de embarque\/desembarque de passageiros na pista de rolamento \u00e0 esquerda.<\/p>\n\n\n\n<p>Ficar\u00e1 suspenso o estacionamento de carros e a circula\u00e7\u00e3o de ve\u00edculos (com exce\u00e7\u00e3o dos ve\u00edculos autorizados) na Travessa Peri dos Santos. J\u00e1 na Rua Sidnei Monteiro ficar\u00e1 proibido o estacionamento de ve\u00edculos.<\/p>\n\n\n\n<p>A Prefeitura destaca que os ve\u00edculos que estiverem estacionados nos trechos proibidos ser\u00e3o removidos para dep\u00f3sito p\u00fablico, conforme o C\u00f3digo de Tr\u00e2nsito Brasileiro.<\/p>\n\n\n\n<p><strong><em><sub>S\u00e3o Gon\u00e7alo Vai Mudar. O Maior Portal da Cidade.<\/sub><\/em><\/strong><\/p>\n","protected":false},"excerpt":{"rendered":"<p>Prefeitura avisa sobre altera\u00e7\u00f5es no tr\u00e2nsito no pr\u00f3ximo s\u00e1bado (13) A Secretaria de Transportes da Prefeitura de S\u00e3o Gon\u00e7alo avisa&hellip;<\/p>\n","protected":false},"author":5,"featured_media":8888,"comment_status":"open","ping_status":"open","sticky":false,"template":"","format":"standard","meta":{"fifu_image_url":"","fifu_image_alt":"","footnotes":""},"categories":[3],"tags":[],"class_list":["post-8887","post","type-post","status-publish","format-standard","has-post-thumbnail","hentry","category-sao-goncalo"],"_links":{"self":[{"href":"https:\/\/sgvaimudar.com.br\/index.php\/wp-json\/wp\/v2\/posts\/8887","targetHints":{"allow":["GET"]}}],"collection":[{"href":"https:\/\/sgvaimudar.com.br\/index.php\/wp-json\/wp\/v2\/posts"}],"about":[{"href":"https:\/\/sgvaimudar.com.br\/index.php\/wp-json\/wp\/v2\/types\/post"}],"author":[{"embeddable":true,"href":"https:\/\/sgvaimudar.com.br\/index.php\/wp-json\/wp\/v2\/users\/5"}],"replies":[{"embeddable":true,"href":"https:\/\/sgvaimudar.com.br\/index.php\/wp-json\/wp\/v2\/comments?post=8887"}],"version-history":[{"count":1,"href":"https:\/\/sgvaimudar.com.br\/index.php\/wp-json\/wp\/v2\/posts\/8887\/revisions"}],"predecessor-version":[{"id":8889,"href":"https:\/\/sgvaimudar.com.br\/index.php\/wp-json\/wp\/v2\/posts\/8887\/revisions\/8889"}],"wp:featuredmedia":[{"embeddable":true,"href":"https:\/\/sgvaimudar.com.br\/index.php\/wp-json\/wp\/v2\/media\/8888"}],"wp:attachment":[{"href":"https:\/\/sgvaimudar.com.br\/index.php\/wp-json\/wp\/v2\/media?parent=8887"}],"wp:term":[{"taxonomy":"category","embeddable":true,"href":"https:\/\/sgvaimudar.com.br\/index.php\/wp-json\/wp\/v2\/categories?post=8887"},{"taxonomy":"post_tag","embeddable":true,"href":"https:\/\/sgvaimudar.com.br\/index.php\/wp-json\/wp\/v2\/tags?post=8887"}],"curies":[{"name":"wp","href":"https:\/\/api.w.org\/{rel}","templated":true}]}}