{"id":8871,"date":"2024-07-12T09:21:03","date_gmt":"2024-07-12T12:21:03","guid":{"rendered":"https:\/\/sgvaimudar.com.br\/?p=8871"},"modified":"2024-07-12T09:21:04","modified_gmt":"2024-07-12T12:21:04","slug":"prefeito-de-itaborai-marcelo-delaroli-tem-alta","status":"publish","type":"post","link":"https:\/\/sgvaimudar.com.br\/index.php\/2024\/07\/12\/prefeito-de-itaborai-marcelo-delaroli-tem-alta\/","title":{"rendered":"Prefeito de Itabora\u00ed Marcelo Delaroli tem alta"},"content":{"rendered":"\n<p>O prefeito de Itabora\u00ed, Marcelo Delaroli (PL), teve alta no final da manh\u00e3 de quinta-feira, 11\/7. Ele estava internado no Niter\u00f3i D&#8217;or desde o s\u00e1bado 6\/7. Segundo nota da Prefeitura, ele foi fazer apenas exames m\u00e9dicos.<\/p>\n\n\n\n<p>Na companhia de seus amigos e familiares, ele retornou para sua resid\u00eancia. <\/p>\n\n\n\n<p>O chefe do Executivo itaboraiense j\u00e1 tinha tido um mal estar no in\u00edcio de junho deste ano quando estava a caminho do Pal\u00e1cio Guanabara, nas Laranjeiras, Zona Sul da capital carioca para uma reuni\u00e3o. Na ocasi\u00e3o, ele passou mal e procurou atendimento no hospital mais pr\u00f3ximo.<\/p>\n\n\n\n<p><strong><em><sup>S\u00e3o Gon\u00e7alo Vai Mudar. O Maior Portal da Cidade.<\/sup><\/em><\/strong><\/p>\n","protected":false},"excerpt":{"rendered":"<p>O prefeito de Itabora\u00ed, Marcelo Delaroli (PL), teve alta no final da manh\u00e3 de quinta-feira, 11\/7. Ele estava internado no&hellip;<\/p>\n","protected":false},"author":5,"featured_media":8872,"comment_status":"open","ping_status":"open","sticky":false,"template":"","format":"standard","meta":{"fifu_image_url":"","fifu_image_alt":"","footnotes":""},"categories":[7],"tags":[],"class_list":["post-8871","post","type-post","status-publish","format-standard","has-post-thumbnail","hentry","category-saude"],"_links":{"self":[{"href":"https:\/\/sgvaimudar.com.br\/index.php\/wp-json\/wp\/v2\/posts\/8871","targetHints":{"allow":["GET"]}}],"collection":[{"href":"https:\/\/sgvaimudar.com.br\/index.php\/wp-json\/wp\/v2\/posts"}],"about":[{"href":"https:\/\/sgvaimudar.com.br\/index.php\/wp-json\/wp\/v2\/types\/post"}],"author":[{"embeddable":true,"href":"https:\/\/sgvaimudar.com.br\/index.php\/wp-json\/wp\/v2\/users\/5"}],"replies":[{"embeddable":true,"href":"https:\/\/sgvaimudar.com.br\/index.php\/wp-json\/wp\/v2\/comments?post=8871"}],"version-history":[{"count":1,"href":"https:\/\/sgvaimudar.com.br\/index.php\/wp-json\/wp\/v2\/posts\/8871\/revisions"}],"predecessor-version":[{"id":8873,"href":"https:\/\/sgvaimudar.com.br\/index.php\/wp-json\/wp\/v2\/posts\/8871\/revisions\/8873"}],"wp:featuredmedia":[{"embeddable":true,"href":"https:\/\/sgvaimudar.com.br\/index.php\/wp-json\/wp\/v2\/media\/8872"}],"wp:attachment":[{"href":"https:\/\/sgvaimudar.com.br\/index.php\/wp-json\/wp\/v2\/media?parent=8871"}],"wp:term":[{"taxonomy":"category","embeddable":true,"href":"https:\/\/sgvaimudar.com.br\/index.php\/wp-json\/wp\/v2\/categories?post=8871"},{"taxonomy":"post_tag","embeddable":true,"href":"https:\/\/sgvaimudar.com.br\/index.php\/wp-json\/wp\/v2\/tags?post=8871"}],"curies":[{"name":"wp","href":"https:\/\/api.w.org\/{rel}","templated":true}]}}