{"id":8865,"date":"2024-07-12T09:04:31","date_gmt":"2024-07-12T12:04:31","guid":{"rendered":"https:\/\/sgvaimudar.com.br\/?p=8865"},"modified":"2024-07-12T09:29:02","modified_gmt":"2024-07-12T12:29:02","slug":"onibus-pega-foto-no-elevado-paulo-de-frontin-novas-imagens","status":"publish","type":"post","link":"https:\/\/sgvaimudar.com.br\/index.php\/2024\/07\/12\/onibus-pega-foto-no-elevado-paulo-de-frontin-novas-imagens\/","title":{"rendered":"\u00d4nibus pega foto no Elevado Paulo de Frontin; novas imagens"},"content":{"rendered":"\n<p><em>Condutor foi um her\u00f3i ao tirar os passageiros antes de inc\u00eandio atingir o coletivo da linha 460 na tarde de ontem (quinta, 11)<\/em><\/p>\n\n\n\n<p>O motorista Dilson C\u00edcero, da linha 460 (S\u00e3o Crist\u00f3v\u00e3o-Leblon), que pegou fogo na tarde nesta quinta-feira (11), no Elevado Paulo de Frontin, foi um verdadeiro her\u00f3i. Ele explicou como fez para tirar os passageiros a salvo antes que as chamas consumissem o ve\u00edculo.<\/p>\n\n\n\n<figure class=\"wp-block-video\"><video height=\"848\" style=\"aspect-ratio: 480 \/ 848;\" width=\"480\" controls src=\"https:\/\/sgvaimudar.com.br\/wp-content\/uploads\/2024\/07\/WhatsApp-Video-2024-07-11-at-15.52.15.mp4\"><\/video><\/figure>\n\n\n\n<p>No v\u00eddeo, as pessoas de dentro de um consult\u00f3rio ainda comentam o perigo dos carros na via que ainda continuavam com o fluxo, que ainda n\u00e3o estava interditado. &#8220;Um perigo. O calor pode quebrar os vidros&#8221;, disse uma pessoa na filmagem.<\/p>\n\n\n\n<p>J\u00e1 o motorista, contou sua atua\u00e7\u00e3o para salvar as vidas no coletivo. &#8220;Percebi uma fagulha no motor, parei o ve\u00edculo e consegui retirar os passageiros. As chamas tomaram conta da cabine em quest\u00e3o de minutos. Ningu\u00e9m ficou ferido&#8221;, contou. O fogo quando tomou conta do tanque de combust\u00edvel provocou um momento de grande explos\u00e3o, assustando a todos.<\/p>\n\n\n\n<figure class=\"wp-block-image size-full\"><img fetchpriority=\"high\" decoding=\"async\" width=\"639\" height=\"357\" src=\"https:\/\/sgvaimudar.com.br\/wp-content\/uploads\/2024\/07\/viad.jpg\" alt=\"\" class=\"wp-image-8867\" srcset=\"https:\/\/sgvaimudar.com.br\/wp-content\/uploads\/2024\/07\/viad.jpg 639w, https:\/\/sgvaimudar.com.br\/wp-content\/uploads\/2024\/07\/viad-300x168.jpg 300w\" sizes=\"(max-width: 639px) 100vw, 639px\" \/><\/figure>\n\n\n\n<p>&#8220;Quando abaixei, vi umas faisquinhas. Tentei apagar com o extintor, mas o fogo subiu muito r\u00e1pido, n\u00e3o deu tempo. Mandei o pessoal descer, pessoal desceu na tranquilidade, com calma, se escondeu l\u00e1 na frente. N\u00e3o teve ferido&#8221;, comemorou o motorista.<\/p>\n\n\n\n<p>O inc\u00eandio ocorreu no in\u00edcio da tarde, na pista sentido Zona Sul. A via chegou a ser fechada para o trabalho dos bombeiros.<\/p>\n\n\n\n<p><em>Com informa\u00e7\u00f5es G1<\/em><\/p>\n\n\n\n<p><em>Reprodu\u00e7\u00e3o RJ<\/em><\/p>\n","protected":false},"excerpt":{"rendered":"<p>Condutor foi um her\u00f3i ao tirar os passageiros antes de inc\u00eandio atingir o coletivo da linha 460 na tarde de&hellip;<\/p>\n","protected":false},"author":5,"featured_media":8868,"comment_status":"open","ping_status":"open","sticky":false,"template":"","format":"standard","meta":{"fifu_image_url":"","fifu_image_alt":"","footnotes":""},"categories":[32],"tags":[],"class_list":["post-8865","post","type-post","status-publish","format-standard","has-post-thumbnail","hentry","category-casos-de-policia"],"_links":{"self":[{"href":"https:\/\/sgvaimudar.com.br\/index.php\/wp-json\/wp\/v2\/posts\/8865","targetHints":{"allow":["GET"]}}],"collection":[{"href":"https:\/\/sgvaimudar.com.br\/index.php\/wp-json\/wp\/v2\/posts"}],"about":[{"href":"https:\/\/sgvaimudar.com.br\/index.php\/wp-json\/wp\/v2\/types\/post"}],"author":[{"embeddable":true,"href":"https:\/\/sgvaimudar.com.br\/index.php\/wp-json\/wp\/v2\/users\/5"}],"replies":[{"embeddable":true,"href":"https:\/\/sgvaimudar.com.br\/index.php\/wp-json\/wp\/v2\/comments?post=8865"}],"version-history":[{"count":3,"href":"https:\/\/sgvaimudar.com.br\/index.php\/wp-json\/wp\/v2\/posts\/8865\/revisions"}],"predecessor-version":[{"id":8876,"href":"https:\/\/sgvaimudar.com.br\/index.php\/wp-json\/wp\/v2\/posts\/8865\/revisions\/8876"}],"wp:featuredmedia":[{"embeddable":true,"href":"https:\/\/sgvaimudar.com.br\/index.php\/wp-json\/wp\/v2\/media\/8868"}],"wp:attachment":[{"href":"https:\/\/sgvaimudar.com.br\/index.php\/wp-json\/wp\/v2\/media?parent=8865"}],"wp:term":[{"taxonomy":"category","embeddable":true,"href":"https:\/\/sgvaimudar.com.br\/index.php\/wp-json\/wp\/v2\/categories?post=8865"},{"taxonomy":"post_tag","embeddable":true,"href":"https:\/\/sgvaimudar.com.br\/index.php\/wp-json\/wp\/v2\/tags?post=8865"}],"curies":[{"name":"wp","href":"https:\/\/api.w.org\/{rel}","templated":true}]}}