{"id":8834,"date":"2024-07-11T09:04:43","date_gmt":"2024-07-11T12:04:43","guid":{"rendered":"https:\/\/sgvaimudar.com.br\/?p=8834"},"modified":"2024-07-11T09:04:44","modified_gmt":"2024-07-11T12:04:44","slug":"aviao-de-pequeno-porte-faz-pouso-forcado-na-praia-de-itaipuacu-em-marica","status":"publish","type":"post","link":"https:\/\/sgvaimudar.com.br\/index.php\/2024\/07\/11\/aviao-de-pequeno-porte-faz-pouso-forcado-na-praia-de-itaipuacu-em-marica\/","title":{"rendered":"Avi\u00e3o de pequeno porte faz pouso for\u00e7ado na Praia de Itaipua\u00e7u, em Maric\u00e1"},"content":{"rendered":"\n<p>No in\u00edcio da noite de ontem (quarta-feira, 10), um avi\u00e3o de pequeno porte realizou um pouso for\u00e7ado na praia de Itaipua\u00e7u, em Maric\u00e1. Apesar do susto, n\u00e3o houve feridos. O acidente foi na altura da Rua 09, em S\u00e3o Bento da Lagoa, pr\u00f3ximo a um restaurante.<\/p>\n\n\n\n<figure class=\"wp-block-image size-full\"><img fetchpriority=\"high\" decoding=\"async\" width=\"570\" height=\"363\" src=\"https:\/\/sgvaimudar.com.br\/wp-content\/uploads\/2024\/07\/aviao.jpg\" alt=\"\" class=\"wp-image-8835\" srcset=\"https:\/\/sgvaimudar.com.br\/wp-content\/uploads\/2024\/07\/aviao.jpg 570w, https:\/\/sgvaimudar.com.br\/wp-content\/uploads\/2024\/07\/aviao-300x191.jpg 300w\" sizes=\"(max-width: 570px) 100vw, 570px\" \/><\/figure>\n\n\n\n<p>A aeronave, que transportava o piloto, o copiloto e um tripulante, estava voando em baixa altitude quando precisou pousar na faixa de areia. De acordo com relatos de testemunhas, o avi\u00e3o parecia ter dificuldades e desceu de maneira controlada at\u00e9 a praia, evitando um acidente mais grave.<\/p>\n\n\n\n<p>O tripulante foi identificado como, Jos\u00e9 Carlos Rizk Filho, presidente da OAB-ES, que informou, por meio das redes sociais, que se envolveu em um acidente.<\/p>\n\n\n\n<p>Equipes do Corpo de Bombeiros foram acionadas e chegaram rapidamente ao local para prestar assist\u00eancia.<\/p>\n\n\n\n<p>O avi\u00e3o permanece na praia de Itaipua\u00e7u enquanto as autoridades competentes fazem uma investiga\u00e7\u00e3o para determinar as causas do pouso for\u00e7ado.<\/p>\n\n\n\n<p>A Defesa Civil e o Centro de Investiga\u00e7\u00e3o e Preven\u00e7\u00e3o de Acidentes Aeron\u00e1uticos (Cenipa), foram acionados e devem conduzir uma investiga\u00e7\u00e3o detalhada para informar as causas do acidente.<\/p>\n","protected":false},"excerpt":{"rendered":"<p>No in\u00edcio da noite de ontem (quarta-feira, 10), um avi\u00e3o de pequeno porte realizou um pouso for\u00e7ado na praia de&hellip;<\/p>\n","protected":false},"author":5,"featured_media":8836,"comment_status":"open","ping_status":"open","sticky":false,"template":"","format":"standard","meta":{"fifu_image_url":"","fifu_image_alt":"","footnotes":""},"categories":[4],"tags":[],"class_list":["post-8834","post","type-post","status-publish","format-standard","has-post-thumbnail","hentry","category-brasil"],"_links":{"self":[{"href":"https:\/\/sgvaimudar.com.br\/index.php\/wp-json\/wp\/v2\/posts\/8834","targetHints":{"allow":["GET"]}}],"collection":[{"href":"https:\/\/sgvaimudar.com.br\/index.php\/wp-json\/wp\/v2\/posts"}],"about":[{"href":"https:\/\/sgvaimudar.com.br\/index.php\/wp-json\/wp\/v2\/types\/post"}],"author":[{"embeddable":true,"href":"https:\/\/sgvaimudar.com.br\/index.php\/wp-json\/wp\/v2\/users\/5"}],"replies":[{"embeddable":true,"href":"https:\/\/sgvaimudar.com.br\/index.php\/wp-json\/wp\/v2\/comments?post=8834"}],"version-history":[{"count":1,"href":"https:\/\/sgvaimudar.com.br\/index.php\/wp-json\/wp\/v2\/posts\/8834\/revisions"}],"predecessor-version":[{"id":8837,"href":"https:\/\/sgvaimudar.com.br\/index.php\/wp-json\/wp\/v2\/posts\/8834\/revisions\/8837"}],"wp:featuredmedia":[{"embeddable":true,"href":"https:\/\/sgvaimudar.com.br\/index.php\/wp-json\/wp\/v2\/media\/8836"}],"wp:attachment":[{"href":"https:\/\/sgvaimudar.com.br\/index.php\/wp-json\/wp\/v2\/media?parent=8834"}],"wp:term":[{"taxonomy":"category","embeddable":true,"href":"https:\/\/sgvaimudar.com.br\/index.php\/wp-json\/wp\/v2\/categories?post=8834"},{"taxonomy":"post_tag","embeddable":true,"href":"https:\/\/sgvaimudar.com.br\/index.php\/wp-json\/wp\/v2\/tags?post=8834"}],"curies":[{"name":"wp","href":"https:\/\/api.w.org\/{rel}","templated":true}]}}