{"id":8779,"date":"2024-07-10T12:00:00","date_gmt":"2024-07-10T15:00:00","guid":{"rendered":"https:\/\/sgvaimudar.com.br\/?p=8779"},"modified":"2024-07-10T09:36:00","modified_gmt":"2024-07-10T12:36:00","slug":"vini-jr-pede-desculpas-por-ter-desfalcado-brasil-em-jogo-decisivo","status":"publish","type":"post","link":"https:\/\/sgvaimudar.com.br\/index.php\/2024\/07\/10\/vini-jr-pede-desculpas-por-ter-desfalcado-brasil-em-jogo-decisivo\/","title":{"rendered":"Vini Jr. pede desculpas por ter desfalcado Brasil em jogo decisivo"},"content":{"rendered":"\n<p><em>\u00c9 a 1\u00aa manifesta\u00e7\u00e3o dele ap\u00f3s a elimina\u00e7\u00e3o da sele\u00e7\u00e3o na Copa Am\u00e9rica<\/em><\/p>\n\n\n\n<p>O atacante Vin\u00edcius J\u00fanior reconheceu \u201cfalha\u201d por levar dois cart\u00f5es amarelos \u201cevit\u00e1veis\u201d na fase de grupos da Copa Am\u00e9rica, que o impediram de disputar o duelo de quartas de final, no qual\u00a0a sele\u00e7\u00e3o foi eliminada pelo Uruguai. O camisa 7 fez o desabafo nas redes sociais nesta ter\u00e7a-feira (9), tr\u00eas dias ap\u00f3s a derrota do Brasil na cobran\u00e7a de p\u00eanaltis (4 a 2), ap\u00f3s 1 a 1 no tempo normal.<\/p>\n\n\n\n<p>\u201cFalhei ao tomar dois cart\u00f5es amarelos evit\u00e1veis. Novamente assisti \u00e0 elimina\u00e7\u00e3o do lado de fora. Mas, dessa vez, por culpa minha. Pe\u00e7o desculpas por isso. Sei ouvir as cr\u00edticas e as mais duras, acreditem, v\u00eam de dentro de casa.\u00a0<br>Minha trajet\u00f3ria na sele\u00e7\u00e3o, felizmente, est\u00e1 s\u00f3 come\u00e7ando. Ao lado dos meus companheiros, terei chance de recolocar nossa Sele\u00e7\u00e3o no lugar que merece\u201d, afirmou o atacante de 23 anos.<\/p>\n\n\n\n<p>No \u00faltimo s\u00e1bado (6), Vini Jr n\u00e3o jogou contra o Uruguai pois cumpriu suspens\u00e3o autom\u00e1tica pela soma de dois amarelos na fase de grupos. O \u00faltimo deles foi dado pelo \u00e1rbitro logo aos seis minutos de jogo, quando o camisa 7 atingiu James Rodriguez com o bra\u00e7o, ap\u00f3s levar um bal\u00e3o do advers\u00e1rio.<\/p>\n\n\n\n<p>A elimina\u00e7\u00e3o do Brasil no s\u00e1bado (6) foi a nona do pa\u00eds em quartas de final, desde a conquista pentacampeonato mundial em 2002. A sele\u00e7\u00e3o amarga uma sequ\u00eancia de cinco trope\u00e7os consecutivos nas quartas dos Mundiais (2006, 2010, 2014, 2018 e 2022) e outros quatro nas Copas Am\u00e9ricas (2011, 2015, 2016 e 2024).<\/p>\n\n\n\n<p>A partir de agora a sele\u00e7\u00e3o foca na classifica\u00e7\u00e3o para a Copa do Mundo de 2026, com sede nos Estados Unidos, Canad\u00e1 e M\u00e9xico. O Brasil ocupa a sexta posi\u00e7\u00e3o na tabela (s\u00e3o ao todo 12 equipes participantes), a 12 rodadas do fim das Eliminat\u00f3rias Sul-Americanas. O pr\u00f3ximo duelo ser\u00e1 em casa, contra o Equador, no dia 5 de setembro. Apenas os sete primeiros colocados ao fim das Eliminat\u00f3rias garantir\u00e3o presen\u00e7a na Copa de 2026.<\/p>\n\n\n\n<p><\/p>\n","protected":false},"excerpt":{"rendered":"<p>\u00c9 a 1\u00aa manifesta\u00e7\u00e3o dele ap\u00f3s a elimina\u00e7\u00e3o da sele\u00e7\u00e3o na Copa Am\u00e9rica O atacante Vin\u00edcius J\u00fanior reconheceu \u201cfalha\u201d por&hellip;<\/p>\n","protected":false},"author":5,"featured_media":8780,"comment_status":"open","ping_status":"open","sticky":false,"template":"","format":"standard","meta":{"fifu_image_url":"","fifu_image_alt":"","footnotes":""},"categories":[4,5],"tags":[],"class_list":["post-8779","post","type-post","status-publish","format-standard","has-post-thumbnail","hentry","category-brasil","category-esportes"],"_links":{"self":[{"href":"https:\/\/sgvaimudar.com.br\/index.php\/wp-json\/wp\/v2\/posts\/8779","targetHints":{"allow":["GET"]}}],"collection":[{"href":"https:\/\/sgvaimudar.com.br\/index.php\/wp-json\/wp\/v2\/posts"}],"about":[{"href":"https:\/\/sgvaimudar.com.br\/index.php\/wp-json\/wp\/v2\/types\/post"}],"author":[{"embeddable":true,"href":"https:\/\/sgvaimudar.com.br\/index.php\/wp-json\/wp\/v2\/users\/5"}],"replies":[{"embeddable":true,"href":"https:\/\/sgvaimudar.com.br\/index.php\/wp-json\/wp\/v2\/comments?post=8779"}],"version-history":[{"count":1,"href":"https:\/\/sgvaimudar.com.br\/index.php\/wp-json\/wp\/v2\/posts\/8779\/revisions"}],"predecessor-version":[{"id":8781,"href":"https:\/\/sgvaimudar.com.br\/index.php\/wp-json\/wp\/v2\/posts\/8779\/revisions\/8781"}],"wp:featuredmedia":[{"embeddable":true,"href":"https:\/\/sgvaimudar.com.br\/index.php\/wp-json\/wp\/v2\/media\/8780"}],"wp:attachment":[{"href":"https:\/\/sgvaimudar.com.br\/index.php\/wp-json\/wp\/v2\/media?parent=8779"}],"wp:term":[{"taxonomy":"category","embeddable":true,"href":"https:\/\/sgvaimudar.com.br\/index.php\/wp-json\/wp\/v2\/categories?post=8779"},{"taxonomy":"post_tag","embeddable":true,"href":"https:\/\/sgvaimudar.com.br\/index.php\/wp-json\/wp\/v2\/tags?post=8779"}],"curies":[{"name":"wp","href":"https:\/\/api.w.org\/{rel}","templated":true}]}}