{"id":8772,"date":"2024-07-10T09:13:11","date_gmt":"2024-07-10T12:13:11","guid":{"rendered":"https:\/\/sgvaimudar.com.br\/?p=8772"},"modified":"2024-07-10T09:13:12","modified_gmt":"2024-07-10T12:13:12","slug":"suspeita-de-racismo-mancha-festa-do-bahia-pelo-acesso-a-serie-a1","status":"publish","type":"post","link":"https:\/\/sgvaimudar.com.br\/index.php\/2024\/07\/10\/suspeita-de-racismo-mancha-festa-do-bahia-pelo-acesso-a-serie-a1\/","title":{"rendered":"Suspeita de racismo mancha festa do Bahia pelo acesso \u00e0 S\u00e9rie A1"},"content":{"rendered":"\n<p><em>T\u00e9cnico do JC Futebol Clube foi preso por suspeita de inj\u00faria racial<\/em><\/p>\n\n\n\n<p>A noite da \u00faltima segunda-feira (8) deveria ser de festa para Suelen Santos, zagueira do Bahia, que garantiu o acesso \u00e0 S\u00e9rie A1 (primeira divis\u00e3o) do Campeonato Brasileiro Feminino de 2025. A equipe tricolor, conhecida como Mulheres de A\u00e7o, empatou sem gols o jogo de volta das quartas de final contra o JC Futebol Clube-AM, mas como j\u00e1 vencera o primeiro duelo (2 a 0), avan\u00e7ou \u00e0s semifinais da S\u00e9rie A2. No entanto, a comemora\u00e7\u00e3o foi atropelada por&nbsp;uma confus\u00e3o no gramado ao final da partida, no Est\u00e1dio de Pitua\u00e7u, em Salvador.&nbsp;<img decoding=\"async\" src=\"https:\/\/agenciabrasil.ebc.com.br\/ebc.png?id=1603437&amp;o=node\"><img decoding=\"async\" src=\"https:\/\/agenciabrasil.ebc.com.br\/ebc.gif?id=1603437&amp;o=node\"><\/p>\n\n\n\n<p>Houve discuss\u00e3o entre jogadoras do Tricolor e Hugo Duarte, t\u00e9cnico do time amazonense. Em meio ao tumulto, Suelen afirmou ter sido alvo de xingamento racista proferido por Duarte e relatou o fato \u00e0 arbitra do jogo e tamb\u00e9m \u00e0 Pol\u00edcia Militar, que interveio em campo&nbsp;para apartar a briga. Suelen,&nbsp;o t\u00e9cnico do time amazonense e testemunhas foram encaminhados \u00e0&nbsp;Central de Flagrantes, onde o caso foi registrado. Hugo Duarte negou os xingamentos de cunho racista, mas foi preso&nbsp;por suspeita de inj\u00faria racial.<\/p>\n\n\n\n<p>Em janeiro do ano passado, o presidente Lula sancionou lei que equipara o crime de inj\u00faria racial ao de racismo<strong><a href=\"https:\/\/agenciabrasil.ebc.com.br\/direitos-humanos\/noticia\/2023-01\/lula-sanciona-lei-que-equipara-crime-de-injuria-racial-ao-racismo#:~:text=Agora%2C%20a%20inj%C3%BAria%20racial%20pode,culturais%20e%20para%20finalidade%20humor%C3%ADstica.\">,<\/a>\u00a0<\/strong>com amplia\u00e7\u00e3o de pena de dois para cinco anos de pris\u00e3o<strong>.<\/strong>\u00a0O crime de racismo \u00e9\u00a0inafian\u00e7\u00e1vel e imprescrit\u00edvel.<\/p>\n\n\n\n<p>Nesta ter\u00e7a (9), por meio das redes sociais, Suelen repudiou o ocorrido na noite de segunda (8).&nbsp;<\/p>\n\n\n\n<p>\u201cA Constitui\u00e7\u00e3o Brasileira delineia o direito de ser tratado como igual perante os demais membros da sociedade, sem discri\u00e7\u00e3o de etnia e ra\u00e7a\u201d, defendeu a atleta.\u201d A naturaliza\u00e7\u00e3o que foi proferida\u00a0mais de uma vez pela express\u00e3o racista \u201cmacaca\u201d tenta silenciar a minha figura como mulher preta no esporte, por\u00e9m o ato den\u00fancia \u00e9 a arma que tenho para combater o racista\u201d.<\/p>\n\n\n\n<blockquote class=\"wp-block-quote is-layout-flow wp-block-quote-is-layout-flow\">\n<p><a href=\"https:\/\/www.instagram.com\/p\/C8pwT8YJwNe\/?utm_source=ig_embed&amp;utm_campaign=loading\" target=\"_blank\" rel=\"noreferrer noopener\"><\/a><\/p>\n\n\n\n<p><a href=\"https:\/\/www.instagram.com\/p\/C8pwT8YJwNe\/?utm_source=ig_embed&amp;utm_campaign=loading\" target=\"_blank\" rel=\"noreferrer noopener\"><\/a><a href=\"https:\/\/www.instagram.com\/p\/C8pwT8YJwNe\/?utm_source=ig_embed&amp;utm_campaign=loading\" target=\"_blank\" rel=\"noreferrer noopener\"><\/a><\/p>\n\n\n\n<p><a href=\"https:\/\/www.instagram.com\/p\/C8pwT8YJwNe\/?utm_source=ig_embed&amp;utm_campaign=loading\" target=\"_blank\" rel=\"noreferrer noopener\">Ver essa foto no Instagram<\/a><\/p>\n\n\n\n<p><a href=\"https:\/\/www.instagram.com\/p\/C8pwT8YJwNe\/?utm_source=ig_embed&amp;utm_campaign=loading\" target=\"_blank\" rel=\"noreferrer noopener\">Uma publica\u00e7\u00e3o compartilhada por Suelen S (@su_oficial01)<\/a><\/p>\n<\/blockquote>\n\n\n\n<p>Em\u00a0nota oficial, publicada em redes sociais, o Bahia\u00a0lamentou que a noite de festa tenha sido manchada por um \u201cepis\u00f3dio lament\u00e1vel no est\u00e1dio de Pitua\u00e7u&#8221;.<\/p>\n\n\n\n<p>\u201cO Esporte Clube Bahia SAF manifesta toda solidariedade a Suelen ao tempo em que cobra resposta \u00e0 altura da gravidade do assunto, reiterando compromisso na luta contra qualquer tipo de discrimina\u00e7\u00e3o\u201d, garantiu a agremia\u00e7\u00e3o.<\/p>\n\n\n\n<p>O JC Futebol Clube tamb\u00e9m recorreu \u00e0s redes sociais para condenar qualquer ato de racismo ou inj\u00faria racial contra qualquer pessoa.<\/p>\n\n\n\n<p>\u201cO Clube juntamente com seu jur\u00eddico est\u00e3o averiguando todas informa\u00e7\u00f5es necess\u00e1rias dos acontecimentos ali presenciado para realizar os procedimentos cab\u00edveis onde n\u00e3o haja informa\u00e7\u00f5es infame ou caluniosas que prejudiquem quaisquer que sejam os envolvidos. No mais ratificamos que este clube \u00e9 contra qualquer tipo de preconceito\u201d, afirmou o time amazonense. &nbsp;<\/p>\n","protected":false},"excerpt":{"rendered":"<p>T\u00e9cnico do JC Futebol Clube foi preso por suspeita de inj\u00faria racial A noite da \u00faltima segunda-feira (8) deveria ser&hellip;<\/p>\n","protected":false},"author":5,"featured_media":8773,"comment_status":"open","ping_status":"open","sticky":false,"template":"","format":"standard","meta":{"fifu_image_url":"","fifu_image_alt":"","footnotes":""},"categories":[32,5],"tags":[],"class_list":["post-8772","post","type-post","status-publish","format-standard","has-post-thumbnail","hentry","category-casos-de-policia","category-esportes"],"_links":{"self":[{"href":"https:\/\/sgvaimudar.com.br\/index.php\/wp-json\/wp\/v2\/posts\/8772","targetHints":{"allow":["GET"]}}],"collection":[{"href":"https:\/\/sgvaimudar.com.br\/index.php\/wp-json\/wp\/v2\/posts"}],"about":[{"href":"https:\/\/sgvaimudar.com.br\/index.php\/wp-json\/wp\/v2\/types\/post"}],"author":[{"embeddable":true,"href":"https:\/\/sgvaimudar.com.br\/index.php\/wp-json\/wp\/v2\/users\/5"}],"replies":[{"embeddable":true,"href":"https:\/\/sgvaimudar.com.br\/index.php\/wp-json\/wp\/v2\/comments?post=8772"}],"version-history":[{"count":2,"href":"https:\/\/sgvaimudar.com.br\/index.php\/wp-json\/wp\/v2\/posts\/8772\/revisions"}],"predecessor-version":[{"id":8775,"href":"https:\/\/sgvaimudar.com.br\/index.php\/wp-json\/wp\/v2\/posts\/8772\/revisions\/8775"}],"wp:featuredmedia":[{"embeddable":true,"href":"https:\/\/sgvaimudar.com.br\/index.php\/wp-json\/wp\/v2\/media\/8773"}],"wp:attachment":[{"href":"https:\/\/sgvaimudar.com.br\/index.php\/wp-json\/wp\/v2\/media?parent=8772"}],"wp:term":[{"taxonomy":"category","embeddable":true,"href":"https:\/\/sgvaimudar.com.br\/index.php\/wp-json\/wp\/v2\/categories?post=8772"},{"taxonomy":"post_tag","embeddable":true,"href":"https:\/\/sgvaimudar.com.br\/index.php\/wp-json\/wp\/v2\/tags?post=8772"}],"curies":[{"name":"wp","href":"https:\/\/api.w.org\/{rel}","templated":true}]}}