{"id":8753,"date":"2024-07-10T08:28:56","date_gmt":"2024-07-10T11:28:56","guid":{"rendered":"https:\/\/sgvaimudar.com.br\/?p=8753"},"modified":"2024-07-10T08:28:56","modified_gmt":"2024-07-10T11:28:56","slug":"atencao-jovens-politicos-prorrogadas-as-inscricoes-para-o-parlamento-juvenil-da-alerj","status":"publish","type":"post","link":"https:\/\/sgvaimudar.com.br\/index.php\/2024\/07\/10\/atencao-jovens-politicos-prorrogadas-as-inscricoes-para-o-parlamento-juvenil-da-alerj\/","title":{"rendered":"Aten\u00e7\u00e3o jovens pol\u00edticos: prorrogadas as inscri\u00e7\u00f5es para o Parlamento Juvenil da Alerj"},"content":{"rendered":"\n<p><em>As vagas da 15\u00aa edi\u00e7\u00e3o podem ser encontradas at\u00e9 o in\u00edcio de agosto<\/em><\/p>\n\n\n\n<p>Alunos do ensino m\u00e9dio da rede p\u00fablica estadual ganharam um prazo maior para se inscreverem na 15\u00aa edi\u00e7\u00e3o do Parlamento Juvenil (PJ), que ser\u00e1 realizada este ano, numa iniciativa da Assembleia Legislativa do Estado do Rio de Janeiro (Alerj) em parceria com a Secretaria de Estado de Educa\u00e7\u00e3o (Seeduc).<\/p>\n\n\n\n<p>O pedido de amplia\u00e7\u00e3o desse prazo foi feito pelos atuais PJs para que eles possam participar da divulga\u00e7\u00e3o do programa presencialmente nas escolas, na volta \u00e0s aulas.<\/p>\n\n\n\n<p>As inscri\u00e7\u00f5es podem ser feitas at\u00e9 o dia 02 de agosto, e o programa possibilita que um adolescente de cada munic\u00edpio tenha a oportunidade de vivenciar a rotina de trabalho de um deputado estadual durante a Semana Parlamentar, que acontecer\u00e1 em novembro.<\/p>\n\n\n\n<p>De acordo com o coordenador do projeto, o deputado estadual Danniel Librelon, a ideia \u00e9 que todos os munic\u00edpios sejam representados.<\/p>\n\n\n\n<p>&#8220;Antes de iniciarmos as inscri\u00e7\u00f5es, nossa equipe percorreu quase 10 cidades, que na edi\u00e7\u00e3o anterior n\u00e3o tiveram representatividade. Ent\u00e3o, a prorroga\u00e7\u00e3o das inscri\u00e7\u00f5es ser\u00e1 mais uma oportunidade da gente alcan\u00e7ar um n\u00famero maior de estudades. E o Parlamento Juvenil \u00e9 isso. Um projeto apartid\u00e1rio e inclusivo que busca dar voz e protagonismo para os jovens do nosso estado&#8221;, defendou Librelon.<\/p>\n\n\n\n<p>Natalia Toledo, gestora do projeto, explicou que a mudan\u00e7a aconteceu devido a um pedido dos parlamentares eleitos para a 14\u00aa edi\u00e7\u00e3o.<\/p>\n\n\n\n<p>\u201cOs estudantes que j\u00e1 viveram a experi\u00eancia do Parlamento Juvenil solicitaram um per\u00edodo de inscri\u00e7\u00f5es que abrangesse a volta \u00e0s aulas para que pudessem participar tamb\u00e9m da divulga\u00e7\u00e3o do programa presencialmente nas escolas\u201d, disse Toledo.<\/p>\n\n\n\n<p>As inscri\u00e7\u00f5es devem ser feitas pelo site, e cada cidade poder\u00e1 escolher um representante atrav\u00e9s do processo eleitoral. A vota\u00e7\u00e3o, que acontecer\u00e1 de 07 a 09 de agosto, tamb\u00e9m ser\u00e1 realizada pela p\u00e1gina do PJ para possibilitar a participa\u00e7\u00e3o de todos os alunos da rede estadual.<\/p>\n\n\n\n<p>Ap\u00f3s a elei\u00e7\u00e3o dos representantes, s\u00e3o oferecidos cursos de capacita\u00e7\u00e3o em direito constitucional, \u00e9tica no servi\u00e7o p\u00fablico, reda\u00e7\u00e3o, orat\u00f3ria, entre outros assuntos relevantes para o exerc\u00edcio legislativo.Parlamento Juvenil nas redes.<\/p>\n\n\n\n<p><strong>O PROJETO &#8211; <\/strong>O Parlamento Juvenil \u00e9 voltado a jovens entre 14 e 17 anos que estejam cursando o 1\u00ba ou 2\u00aa ano do ensino m\u00e9dio na rede estadual. Para atrair a aten\u00e7\u00e3o dos estudantes, o projeto passou por uma adapta\u00e7\u00e3o estrat\u00e9gica na comunica\u00e7\u00e3o que inclui a cria\u00e7\u00e3o de um podcast semanal, al\u00e9m de postagens nas redes sociais que s\u00e3o voltadas aos interesses dos adolescentes.<\/p>\n\n\n\n<p>O PJcast, podcast do Parlamento Juvenil, \u00e9 apresentado por Gabriel Amaur\u00edcio e recebe jovens deputados eleitos em edi\u00e7\u00f5es anteriores para debater sobre suas experi\u00eancias no projeto.<\/p>\n\n\n\n<p>\u201cDa capital ao interior, os jovens est\u00e3o nas redes sociais, e o PJcast \u00e9 uma forma mais org\u00e2nica de atrair a aten\u00e7\u00e3o deles para a pol\u00edtica do Estado\u201d, comentou Gabriel. O programa vai ao ar no canal do Youtube, toda quarta-feira.<\/p>\n\n\n\n<p>O PJ Marcelo Esteves, de 16 anos, foi convidado a participar do PJcast desta semana e falou sobre a sua experi\u00eancia no Parlamento Juvenil para outros jovens.<\/p>\n\n\n\n<p>\u201cO diretor da minha escola, em S\u00e3o Jo\u00e3o do Vale do Rio Preto, me incentivou muito a participar porque ele mesmo foi um parlamentar juvenil. Eu s\u00f3 me inscrevi para ser um PJ porque fiquei impressionado com as hist\u00f3rias dele. Espero que, ao falar da minha viv\u00eancia, outros alunos tamb\u00e9m se sintam motivados a participar\u201d, disse.<\/p>\n","protected":false},"excerpt":{"rendered":"<p>As vagas da 15\u00aa edi\u00e7\u00e3o podem ser encontradas at\u00e9 o in\u00edcio de agosto Alunos do ensino m\u00e9dio da rede p\u00fablica&hellip;<\/p>\n","protected":false},"author":5,"featured_media":8754,"comment_status":"open","ping_status":"open","sticky":false,"template":"","format":"standard","meta":{"fifu_image_url":"","fifu_image_alt":"","footnotes":""},"categories":[4],"tags":[],"class_list":["post-8753","post","type-post","status-publish","format-standard","has-post-thumbnail","hentry","category-brasil"],"_links":{"self":[{"href":"https:\/\/sgvaimudar.com.br\/index.php\/wp-json\/wp\/v2\/posts\/8753","targetHints":{"allow":["GET"]}}],"collection":[{"href":"https:\/\/sgvaimudar.com.br\/index.php\/wp-json\/wp\/v2\/posts"}],"about":[{"href":"https:\/\/sgvaimudar.com.br\/index.php\/wp-json\/wp\/v2\/types\/post"}],"author":[{"embeddable":true,"href":"https:\/\/sgvaimudar.com.br\/index.php\/wp-json\/wp\/v2\/users\/5"}],"replies":[{"embeddable":true,"href":"https:\/\/sgvaimudar.com.br\/index.php\/wp-json\/wp\/v2\/comments?post=8753"}],"version-history":[{"count":1,"href":"https:\/\/sgvaimudar.com.br\/index.php\/wp-json\/wp\/v2\/posts\/8753\/revisions"}],"predecessor-version":[{"id":8755,"href":"https:\/\/sgvaimudar.com.br\/index.php\/wp-json\/wp\/v2\/posts\/8753\/revisions\/8755"}],"wp:featuredmedia":[{"embeddable":true,"href":"https:\/\/sgvaimudar.com.br\/index.php\/wp-json\/wp\/v2\/media\/8754"}],"wp:attachment":[{"href":"https:\/\/sgvaimudar.com.br\/index.php\/wp-json\/wp\/v2\/media?parent=8753"}],"wp:term":[{"taxonomy":"category","embeddable":true,"href":"https:\/\/sgvaimudar.com.br\/index.php\/wp-json\/wp\/v2\/categories?post=8753"},{"taxonomy":"post_tag","embeddable":true,"href":"https:\/\/sgvaimudar.com.br\/index.php\/wp-json\/wp\/v2\/tags?post=8753"}],"curies":[{"name":"wp","href":"https:\/\/api.w.org\/{rel}","templated":true}]}}