{"id":8714,"date":"2024-07-09T09:46:31","date_gmt":"2024-07-09T12:46:31","guid":{"rendered":"https:\/\/sgvaimudar.com.br\/?p=8714"},"modified":"2024-07-09T11:46:45","modified_gmt":"2024-07-09T14:46:45","slug":"taliria-petrone-lanca-pre-candidatura-a-prefeitura-de-niteroi","status":"publish","type":"post","link":"https:\/\/sgvaimudar.com.br\/index.php\/2024\/07\/09\/taliria-petrone-lanca-pre-candidatura-a-prefeitura-de-niteroi\/","title":{"rendered":"Tal\u00edria Petrone lan\u00e7a pr\u00e9-candidatura \u00e0 Prefeitura de Niter\u00f3i"},"content":{"rendered":"\n<p><em>Deputada federal do Psol recebeu o apoio de artistas, autoridades e parlamentares do PT, Rede e PCdoB<\/em><\/p>\n\n\n\n<p>A deputada federal do Psol, Tal\u00edria Petrone, lan\u00e7ou, na \u00faltima segunda-feira (8), sua pr\u00e9-candidatura \u00e0 Prefeitura de Niter\u00f3i perante um p\u00fablico de tr\u00eas mil pessoas, no Clube Canto do Rio, Centro. &#8220;Niter\u00f3i nunca foi governada por uma mulher. Mas o poder tamb\u00e9m pode ser feminino. E aceitei o desafio de ser a primeira mulher negra e m\u00e3e a cuidar do munic\u00edpio&#8221;, disse ela na ocasi\u00e3o.<\/p>\n\n\n\n<figure class=\"wp-block-image size-large\"><img fetchpriority=\"high\" decoding=\"async\" width=\"1024\" height=\"681\" src=\"https:\/\/sgvaimudar.com.br\/wp-content\/uploads\/2024\/07\/WhatsApp-Image-2024-07-09-at-09.28.55-1024x681.jpeg\" alt=\"\" class=\"wp-image-8715\" srcset=\"https:\/\/sgvaimudar.com.br\/wp-content\/uploads\/2024\/07\/WhatsApp-Image-2024-07-09-at-09.28.55-1024x681.jpeg 1024w, https:\/\/sgvaimudar.com.br\/wp-content\/uploads\/2024\/07\/WhatsApp-Image-2024-07-09-at-09.28.55-300x200.jpeg 300w, https:\/\/sgvaimudar.com.br\/wp-content\/uploads\/2024\/07\/WhatsApp-Image-2024-07-09-at-09.28.55-768x511.jpeg 768w, https:\/\/sgvaimudar.com.br\/wp-content\/uploads\/2024\/07\/WhatsApp-Image-2024-07-09-at-09.28.55-1536x1021.jpeg 1536w, https:\/\/sgvaimudar.com.br\/wp-content\/uploads\/2024\/07\/WhatsApp-Image-2024-07-09-at-09.28.55.jpeg 1600w\" sizes=\"(max-width: 1024px) 100vw, 1024px\" \/><\/figure>\n\n\n\n<p>Segundo ela, seu amor pela cidade  a fez aceitar o desafio. &#8220;Niter\u00f3i pode ser uma cidade adaptada. Uma cidade que pode estar pronta para enfrentar a emerg\u00eancia clim\u00e1tica. Uma cidade com quase 7 bilh\u00f5es de or\u00e7amento pode permitir que todos sintam cheiro de terra molhada sem medo da casa cair&#8221;, disse a pr\u00e9-candidata ao Executivo. <\/p>\n\n\n\n<p>Tal\u00edria disse que tem a convic\u00e7\u00e3o do melhor projeto para melhorar a vida do povo. &#8220;Tenho certeza que Niter\u00f3i pode ser o melhor lugar para se viver no Brasil. N\u00f3s somos uma cidade que junta e quando o povo se junta, a cidade vira um pa\u00eds&#8221;, garantiu ela com a bandeira do Brasil em m\u00e3os.<\/p>\n\n\n\n<p><strong>O evento<\/strong> \u2014 apresentado pelo humorista e influencer Angelo Morse \u2014 reuniu importantes figuras nacionais como os deputados Chico Alencar, Tarc\u00edsio Motta e Pastor Henrique Vieira; a escritora Manuela d\u2019\u00c1vila (PCdoB); a atriz Elizabeth Savalla; a presidenta do Psol, Paula Coradi; o diretor nacional do Movimento dos Trabalhadores Rurais Sem Terra (MST), Jo\u00e3o Paulo; a fundadora da Associa\u00e7\u00e3o Brasileira de Juristas pela Democracia (ABJD), Carol Proner; e o presidente estadual do PSB, Alessandro Molon.<\/p>\n\n\n\n<p>&#8220;Agora \u00e9 hora de dar um novo passo. Que pot\u00eancia, que coragem e que sorriso&#8221;, enfatizou Tarc\u00edsio Motta, pr\u00e9-candidato a prefeito no Rio de Janeiro, com o endosso do Pastor Henrique Vieira.<\/p>\n\n\n\n<p>&#8220;N\u00f3s precisamos ter muita f\u00e9 que daqui vai surgir o novo governo de Niter\u00f3i. Existem condi\u00e7\u00f5es reais para isso. Eu conhe\u00e7o a Tal\u00edria h\u00e1 algum tempo e o cora\u00e7\u00e3o da Tal\u00edria \u00e9 um cora\u00e7\u00e3o cheio de f\u00e9. F\u00e9 no povo. F\u00e9 na organiza\u00e7\u00e3o das pessoas. F\u00e9 que \u00e9 poss\u00edvel fazer da pol\u00edtica um instrumento de transforma\u00e7\u00e3o. Al\u00e9m dela ser uma das melhores deputadas do pa\u00eds, ela \u00e9 altamente competente para gerir uma cidade. Ela confia e tem f\u00e9 na periferia, na favela, na cultura popular, no movimento negro, nas mulheres, nos LGBTs. Ent\u00e3o, a Tal\u00edria coloca a f\u00e9 no terreiro, no ax\u00e9, na igreja, no batuque, no crucifixo. \u00c9 a diversidade, a democracia&#8221;.<\/p>\n\n\n\n<p>Para a atriz Elizabeth Savalla, Niter\u00f3i ama cultura e Tal\u00edria Petrone tem a miss\u00e3o de cuidar da cidade, al\u00e9m de lutar contra a extrema direita.<\/p>\n\n\n\n<p>&#8220;A gente tem que lutar. A gente n\u00e3o pode entregar. Esse pa\u00eds \u00e9 nosso! O hino brasileiro \u00e9 nosso! A bandeira brasileira \u00e9 nossa! A Sele\u00e7\u00e3o do Brasil \u00e9 nossa! A gente n\u00e3o pode entregar. Por isso, a gente precisa de mulheres como Tal\u00edria no nosso pa\u00eds Niter\u00f3i. Niter\u00f3i que ama teatro. Niter\u00f3i que ama cultura. Niter\u00f3i que ama a educa\u00e7\u00e3o e precisa dela. Niter\u00f3i precisa de sa\u00fade e precisa de Tal\u00edria para ajudar a mud\u00e1-la&#8221;, pontuou Elizabeth Savalla com o apoio de Manuela d\u2019\u00c1vila.<\/p>\n\n\n\n<p>&#8220;Tal\u00edria \u00e9 minha amiga de sonhos e de lutas. E ela passa a convic\u00e7\u00e3o que \u00e9 poss\u00edvel fazer da cidade um lugar mais justo e democr\u00e1tico&#8221;.<\/p>\n\n\n\n<p>A noite tamb\u00e9m contou com atra\u00e7\u00f5es musicais. Entre elas, as sambistas Marina \u00cdris e M\u00f4nica Mac.<\/p>\n\n\n\n<p><strong>Forte apoio<\/strong><\/p>\n\n\n\n<p>Alguns ministros e parlamentares n\u00e3o puderam comparecer ao evento em fun\u00e7\u00e3o de suas agendas. Entretanto, muitos manifestaram seu apoio por meio de mensagens. Foi o caso do senador Fabiano Contarato, das ministras Marina Silva, Sonia Guajajara e Anielle Franco, e dos deputados Erika Hilton, Guilherme Boulos e Luiza Erundina.<\/p>\n\n\n\n<p>\u201cInfelizmente, toda essa situa\u00e7\u00e3o que estamos vivendo em nosso pa\u00eds, n\u00e3o permite que eu possa me ausentar nesse momento. Primeiro quero desejar que Tal\u00edria possa fazer uma campanha que se transforme em um movimento. Um movimento daqueles que conhecem a sua luta, seu respeito pelos direitos humanos em defesa dos direitos das mulheres no combate \u00e0 desigualdade. Mas tamb\u00e9m um movimento que compreenda que defender direitos humanos \u00e9 traduzir isso em mais seguran\u00e7a, mais creche, mais mobilidade urbana de qualidade, em espa\u00e7os verdes, em constru\u00e7\u00f5es urbanas resilientes. Eu sei que Tal\u00edria tem credibilidade e muita for\u00e7a de vontade para fazer com que Niter\u00f3i seja um munic\u00edpio sustent\u00e1vel\u201d, afirmou a ministra do Meio Ambiente e do Clima, Marina Silva.<\/p>\n\n\n\n<p>\u201cAs mulheres negras est\u00e3o cada vez mais galgando espa\u00e7os e eu tenho certeza que com Tal\u00edria n\u00e3o vai ser diferente. E as mulheres negras precisam estar em espa\u00e7os de poder e de protagonismo. Ent\u00e3o, hoje \u00e9 um dia importante para somar com essa amiga e parceira. \u00c9 uma honra para mim caminhar literalmente segurando a m\u00e3o de Tal\u00edria. Eu sou f\u00e3 dela e brinco com ela que agora s\u00f3 falta a gente fazer uma dupla de v\u00f4lei porque a gente merece. Al\u00e9m de tudo somos professoras e m\u00e3es. Tat\u00e1, voc\u00ea sabe que te amo. Infelizmente, n\u00e3o estou hoje por um monte de outros compromissos, mas estou com voc\u00ea em pensamento, for\u00e7a e resist\u00eancia. A gente tamb\u00e9m se reconhece na dor, no amor e na luta\u201d, declarou a ministra da Igualdade Racial, Anielle Franco.<\/p>\n\n\n\n<p>\u201cEstamos juntas e comprometidas na pr\u00e9-candidatura de Tal\u00edria Petrone. Precisamos de pessoas que realmente tenham compromisso com o meio ambiente e com os direitos da natureza. Eu j\u00e1 estava ontem no Rio de Janeiro para ir ao Meu Pa\u00eds Niter\u00f3i, mas fui chamada de forma emergencial pelo presidente Lula para participar de uma agenda na Bol\u00edvia. Ainda ontem retornei para Bras\u00edlia. Agora estou em deslocamento. Mas logo iremos organizar outra agenda para que eu possa estar em Niter\u00f3i\u201d, anunciou a ministra dos Povos Ind\u00edgenas, Sonia Guajajara.<\/p>\n\n\n\n<p>\u201cPessoas iguais a Tal\u00edria me fazem acreditar que n\u00f3s podemos n\u00e3o s\u00f3 sonhar mas concretizar o sonho de um Brasil mais justo, fraterno e igualit\u00e1rio\u201d, garantiu o senador Fabiano Contarato.<\/p>\n\n\n\n<p>\u201cMeu pa\u00eds Niter\u00f3i \u00e9 uma Niter\u00f3i das mulheres, uma Niter\u00f3i das LGBTs, do povo negro. \u00c9 uma Niter\u00f3i popular, democr\u00e1tica, feminina e que dialoga com os anseios e as necessidades das pessoas\u201d, ressaltou Erika Hilton.<\/p>\n\n\n\n<p>\u201cEu apoio a Tal\u00edria, porque conhe\u00e7o ela h\u00e1 muito tempo e de muitas lutas. Sei que a Tal\u00edria \u00e9 uma mulher guerreira, honesta. Uma mulher com o compromisso profundo pelo povo e que representa essa onda forte das mulheres negras na pol\u00edtica. Al\u00e9m disso, a Tal\u00edria est\u00e1 pronta. Eu vejo isso convivendo com ela l\u00e1 no Congresso Nacional, na nossa bancada. Pronta porque, ao mesmo tempo que n\u00e3o abre m\u00e3o dos seus compromissos, da coer\u00eancia com seus princ\u00edpios, tem capacidade de di\u00e1logo, conversa com muita gente, sabe dialogar com diferentes, o que \u00e9 necess\u00e1rio para governar uma cidade. Tenho muita convic\u00e7\u00e3o que a Tal\u00edria vai construir em Niter\u00f3i um movimento firme, convicto, comprometido com povo\u201d, pontuou Guilherme Boulos<\/p>\n\n\n\n<p><strong>Meu Pa\u00eds Niter\u00f3i<\/strong><\/p>\n\n\n\n<p>A data tamb\u00e9m marcou o lan\u00e7amento do filme \u201cMeu Pa\u00eds Niter\u00f3i\u201d, que resgata as cores da bandeira brasileira. Nele, a deputada Tal\u00edria Petrone que, assim como na posse do presidente Luiz In\u00e1cio Lula da Silva em 2023, sobe uma rampa da cidade acompanhada de seus dois filhos \u2014 Moana, de 4 anos, e Kal\u00fa, de 1 ano \u2014 e de um grupo de pessoas representando a diversidade do povo niteroiense.<\/p>\n\n\n\n<p>\u201cO pa\u00eds que n\u00f3s queremos viver \u00e9 um pa\u00eds que sonha grande como seu povo. Um pa\u00eds que garanta o nosso desenvolvimento nacional. Um pa\u00eds que erradique a pobreza e todas as desigualdades sociais e regionais\u201d, afirma Tal\u00edria Petrone no filme.<\/p>\n\n\n\n<p>\u00c9 o resgate do Verde e Amarelo para o campo progressista. No filme, a parlamentar apresenta alguns temas centrais de seu governo como seguran\u00e7a, igualdade, inclus\u00e3o, sa\u00fade, trabalho, transporte, moradia, meio ambiente e educa\u00e7\u00e3o. \u201cMeu Pa\u00eds Niter\u00f3i\u201d tamb\u00e9m \u00e9 o nome do programa em constru\u00e7\u00e3o da pr\u00e9-candidata \u00e0 Prefeitura.<\/p>\n\n\n\n<p><strong>PT e PSOL<\/strong><\/p>\n\n\n\n<p>PT e PSOL seguem juntos nas elei\u00e7\u00f5es municipais. Vice-presidente nacional do PT e pr\u00e9-candidato a prefeito em Maric\u00e1, Washington Quaqu\u00e1 \u2014 que cumpria agenda na data do evento \u2014 acredita que Tal\u00edria Petrone \u00e9 a melhor pr\u00e9-candidata que Niter\u00f3i j\u00e1 teve.<\/p>\n\n\n\n<p>\u201cEu nasci no Caramujo, em Niter\u00f3i, na favela. Estudei na UFF, fui presidente do DCE da UFF. E eu adoro Niter\u00f3i. \u00c9 uma cidade vizinha, irm\u00e3. Eu apoio Tal\u00edria porque eu quero ver Niter\u00f3i com \u00f4nibus de gra\u00e7a, com a favela tendo cultura, educa\u00e7\u00e3o de tempo integral, creche. Eu quero uma favela urbanizada e com a cultura valorizada. E quero uma Niter\u00f3i da Zona Sul que seja bonita, que tenha museus. A Ba\u00eda de Guanabara tem tudo para ser um grande centro n\u00e1utico. E acho que em Niter\u00f3i \u2014 que j\u00e1 teve Jorge Roberto Silveira que foi um grande cara que pensou e colocou Niemeyer em Niter\u00f3i \u2014 falta criatividade e compromisso popular. Ent\u00e3o, eu defendo Tal\u00edria prefeita\u201d, garante Quaqu\u00e1 com o respaldo de Tal\u00edria Petrone.<\/p>\n\n\n\n<p>\u201cQuaqu\u00e1 implementou muitos benef\u00edcios em Maric\u00e1, como o \u00f4nibus com tarifa zero. Queremos repetir isso em Niter\u00f3i que hoje tem a passagem mais cara do pa\u00eds. Muitas pessoas do PT tamb\u00e9m t\u00eam me procurado insatisfeitas, principalmente agora que o PT foi abandonado novamente por Rodrigo Neves\u201d, afirma a deputada.<\/p>\n\n\n\n<p><strong>Quem \u00e9 Tal\u00edria Petrone?<\/strong><\/p>\n\n\n\n<p>\u00c9 a deputada federal mais votada da esquerda no estado nas \u00faltimas elei\u00e7\u00f5es, com quase 200 mil votos. Formada em Hist\u00f3ria pela UERJ e mestre em Servi\u00e7o Social e Desenvolvimento Regional pela UFF, Tal\u00edria Petrone \u00e9 m\u00e3e de Moana, de 4 anos, e Kaluan\u00e3, de 1 ano, e autora da Lei M\u00e3es Cientistas. Nascida no Fonseca, foi a vereadora mais votada da cidade em 2016. <\/p>\n\n\n\n<p>Est\u00e1 em seu segundo mandato federal e j\u00e1 destinou mais de R$ 46 milh\u00f5es para Niter\u00f3i. A parlamentar tamb\u00e9m \u00e9 coordenadora do Grupo de Trabalho (GT) do Clima da Frente Parlamentar Ambientalista e vice-presidente da Comiss\u00e3o de Defesa dos Direitos da Mulher.<\/p>\n\n\n\n<p><strong><em><sup>S\u00e3o Gon\u00e7alo Vai Mudar. O Maior Portal da Cidade.<\/sup><\/em><\/strong><\/p>\n","protected":false},"excerpt":{"rendered":"<p>Deputada federal do Psol recebeu o apoio de artistas, autoridades e parlamentares do PT, Rede e PCdoB A deputada federal&hellip;<\/p>\n","protected":false},"author":5,"featured_media":8716,"comment_status":"open","ping_status":"open","sticky":false,"template":"","format":"standard","meta":{"fifu_image_url":"","fifu_image_alt":"","footnotes":""},"categories":[34],"tags":[],"class_list":["post-8714","post","type-post","status-publish","format-standard","has-post-thumbnail","hentry","category-niteroi"],"_links":{"self":[{"href":"https:\/\/sgvaimudar.com.br\/index.php\/wp-json\/wp\/v2\/posts\/8714","targetHints":{"allow":["GET"]}}],"collection":[{"href":"https:\/\/sgvaimudar.com.br\/index.php\/wp-json\/wp\/v2\/posts"}],"about":[{"href":"https:\/\/sgvaimudar.com.br\/index.php\/wp-json\/wp\/v2\/types\/post"}],"author":[{"embeddable":true,"href":"https:\/\/sgvaimudar.com.br\/index.php\/wp-json\/wp\/v2\/users\/5"}],"replies":[{"embeddable":true,"href":"https:\/\/sgvaimudar.com.br\/index.php\/wp-json\/wp\/v2\/comments?post=8714"}],"version-history":[{"count":2,"href":"https:\/\/sgvaimudar.com.br\/index.php\/wp-json\/wp\/v2\/posts\/8714\/revisions"}],"predecessor-version":[{"id":8749,"href":"https:\/\/sgvaimudar.com.br\/index.php\/wp-json\/wp\/v2\/posts\/8714\/revisions\/8749"}],"wp:featuredmedia":[{"embeddable":true,"href":"https:\/\/sgvaimudar.com.br\/index.php\/wp-json\/wp\/v2\/media\/8716"}],"wp:attachment":[{"href":"https:\/\/sgvaimudar.com.br\/index.php\/wp-json\/wp\/v2\/media?parent=8714"}],"wp:term":[{"taxonomy":"category","embeddable":true,"href":"https:\/\/sgvaimudar.com.br\/index.php\/wp-json\/wp\/v2\/categories?post=8714"},{"taxonomy":"post_tag","embeddable":true,"href":"https:\/\/sgvaimudar.com.br\/index.php\/wp-json\/wp\/v2\/tags?post=8714"}],"curies":[{"name":"wp","href":"https:\/\/api.w.org\/{rel}","templated":true}]}}