{"id":8645,"date":"2024-07-07T17:00:00","date_gmt":"2024-07-07T20:00:00","guid":{"rendered":"https:\/\/sgvaimudar.com.br\/?p=8645"},"modified":"2024-07-07T09:07:18","modified_gmt":"2024-07-07T12:07:18","slug":"prefeitura-de-sao-goncalo-convoca-beneficiarios-do-cartao-recomecar","status":"publish","type":"post","link":"https:\/\/sgvaimudar.com.br\/index.php\/2024\/07\/07\/prefeitura-de-sao-goncalo-convoca-beneficiarios-do-cartao-recomecar\/","title":{"rendered":"Prefeitura de S\u00e3o Gon\u00e7alo convoca benefici\u00e1rios do Cart\u00e3o Recome\u00e7ar"},"content":{"rendered":"\n<p><em>Lista de contemplados est\u00e1 publicada no Di\u00e1rio Oficial desta sexta-feira<\/em><\/p>\n\n\n\n<p>A Secretaria de Assist\u00eancia Social da Prefeitura de S\u00e3o Gon\u00e7alo convoca os contemplados para a retirada do Cart\u00e3o Recome\u00e7ar, benef\u00edcio concedido pelo Governo do Estado do Rio.<\/p>\n\n\n\n<p>Para fazer a retirada do cart\u00e3o, \u00e9 necess\u00e1rio apresentar originais e c\u00f3pias da identidade, do CPF e comprovante de resid\u00eancia atualizada, na sede da Secretaria de Assist\u00eancia Social, que fica na Rua Dr. Porci\u00fancula, n\u00famero 395, no bairro Venda da Cruz. A entrega dos cart\u00f5es ser\u00e1 de segunda a sexta-feira, das 9h \u00e0s 16h, at\u00e9 o dia 30 de agosto deste ano.\u00a0\u00a0<\/p>\n\n\n\n<p>O benef\u00edcio, no valor de R$ 3 mil, \u00e9 destinado para a popula\u00e7\u00e3o em vulnerabilidade social que sofreu preju\u00edzos ap\u00f3s desastres naturais. Pago em parcela \u00fanica, como cart\u00e3o de d\u00e9bito, pode ser usado para compra de material de constru\u00e7\u00e3o, eletrodom\u00e9sticos da linha branca e m\u00f3veis.&nbsp;&nbsp;<\/p>\n\n\n\n<p>A lista completa com os nomes dos contemplados foi publicada no Di\u00e1rio Oficial do munic\u00edpio desta sexta-feira (5) e pode ser conferida atrav\u00e9s do link\u00a0<a rel=\"noreferrer noopener\" href=\"https:\/\/click.cse360.com.br\/Click\/AddCampaignEmailClick\/2f7ffeda-db62-4c83-2660-08dc8ed56e8f\/https%253a%252f%252fdo.pmsg.rj.gov.br%252fdiario%252f2024_07_05.pdf\/ab15f8fa-85b2-46af-ac93-a83d37a01593\/gutoaguia@gmail.com\/False\" target=\"_blank\"><u>https:\/\/do.pmsg.rj.gov.br\/diario\/2024_07_05.pdf<\/u><\/a>.<\/p>\n\n\n\n<p><strong><em><sup>S\u00e3o Gon\u00e7alo Vai Mudar. O Maior Portal da Cidade.<\/sup><\/em><\/strong><\/p>\n","protected":false},"excerpt":{"rendered":"<p>Lista de contemplados est\u00e1 publicada no Di\u00e1rio Oficial desta sexta-feira A Secretaria de Assist\u00eancia Social da Prefeitura de S\u00e3o Gon\u00e7alo&hellip;<\/p>\n","protected":false},"author":5,"featured_media":8646,"comment_status":"open","ping_status":"open","sticky":false,"template":"","format":"standard","meta":{"fifu_image_url":"","fifu_image_alt":"","footnotes":""},"categories":[3],"tags":[],"class_list":["post-8645","post","type-post","status-publish","format-standard","has-post-thumbnail","hentry","category-sao-goncalo"],"_links":{"self":[{"href":"https:\/\/sgvaimudar.com.br\/index.php\/wp-json\/wp\/v2\/posts\/8645","targetHints":{"allow":["GET"]}}],"collection":[{"href":"https:\/\/sgvaimudar.com.br\/index.php\/wp-json\/wp\/v2\/posts"}],"about":[{"href":"https:\/\/sgvaimudar.com.br\/index.php\/wp-json\/wp\/v2\/types\/post"}],"author":[{"embeddable":true,"href":"https:\/\/sgvaimudar.com.br\/index.php\/wp-json\/wp\/v2\/users\/5"}],"replies":[{"embeddable":true,"href":"https:\/\/sgvaimudar.com.br\/index.php\/wp-json\/wp\/v2\/comments?post=8645"}],"version-history":[{"count":1,"href":"https:\/\/sgvaimudar.com.br\/index.php\/wp-json\/wp\/v2\/posts\/8645\/revisions"}],"predecessor-version":[{"id":8647,"href":"https:\/\/sgvaimudar.com.br\/index.php\/wp-json\/wp\/v2\/posts\/8645\/revisions\/8647"}],"wp:featuredmedia":[{"embeddable":true,"href":"https:\/\/sgvaimudar.com.br\/index.php\/wp-json\/wp\/v2\/media\/8646"}],"wp:attachment":[{"href":"https:\/\/sgvaimudar.com.br\/index.php\/wp-json\/wp\/v2\/media?parent=8645"}],"wp:term":[{"taxonomy":"category","embeddable":true,"href":"https:\/\/sgvaimudar.com.br\/index.php\/wp-json\/wp\/v2\/categories?post=8645"},{"taxonomy":"post_tag","embeddable":true,"href":"https:\/\/sgvaimudar.com.br\/index.php\/wp-json\/wp\/v2\/tags?post=8645"}],"curies":[{"name":"wp","href":"https:\/\/api.w.org\/{rel}","templated":true}]}}