{"id":8603,"date":"2024-07-06T21:00:00","date_gmt":"2024-07-07T00:00:00","guid":{"rendered":"https:\/\/sgvaimudar.com.br\/?p=8603"},"modified":"2024-07-06T10:54:15","modified_gmt":"2024-07-06T13:54:15","slug":"nova-inspetoria-da-guarda-municipal-homenageia-servidor","status":"publish","type":"post","link":"https:\/\/sgvaimudar.com.br\/index.php\/2024\/07\/06\/nova-inspetoria-da-guarda-municipal-homenageia-servidor\/","title":{"rendered":"Nova inspetoria da Guarda Municipal homenageia servidor"},"content":{"rendered":"\n<p><em>Estrutura constru\u00edda na nova Pra\u00e7a do Coluband\u00ea vai ampliar atua\u00e7\u00e3o da corpora\u00e7\u00e3o<\/em><\/p>\n\n\n\n<p>Quem v\u00ea a nova Pra\u00e7a do Coluband\u00ea, al\u00e9m de toda a \u00e1rea de lazer que foi erguida para a popula\u00e7\u00e3o, tamb\u00e9m j\u00e1 notou a nova inspetoria da Guarda Municipal, que vai funcionar no local.<\/p>\n\n\n\n<figure class=\"wp-block-image size-large\"><img fetchpriority=\"high\" decoding=\"async\" width=\"948\" height=\"1024\" src=\"https:\/\/sgvaimudar.com.br\/wp-content\/uploads\/2024\/07\/unnamed-17-1-948x1024.jpg\" alt=\"\" class=\"wp-image-8604\" srcset=\"https:\/\/sgvaimudar.com.br\/wp-content\/uploads\/2024\/07\/unnamed-17-1-948x1024.jpg 948w, https:\/\/sgvaimudar.com.br\/wp-content\/uploads\/2024\/07\/unnamed-17-1-278x300.jpg 278w, https:\/\/sgvaimudar.com.br\/wp-content\/uploads\/2024\/07\/unnamed-17-1-768x829.jpg 768w, https:\/\/sgvaimudar.com.br\/wp-content\/uploads\/2024\/07\/unnamed-17-1-1422x1536.jpg 1422w, https:\/\/sgvaimudar.com.br\/wp-content\/uploads\/2024\/07\/unnamed-17-1.jpg 1801w\" sizes=\"(max-width: 948px) 100vw, 948px\" \/><\/figure>\n\n\n\n<p>A 4\u00aa Inspetoria da Guarda, al\u00e9m de atender a popula\u00e7\u00e3o, \u00e9 uma grande homenagem ao guarda Nelson Luiz dos Santos, que faleceu no dia 7 de junho deste ano, aos 65 anos, v\u00edtima de um infarto, e serviu na corpora\u00e7\u00e3o por 33 anos.<\/p>\n\n\n\n<p>\u201cEssa homenagem ocorre em virtude dele ter sido um dos melhores em nossa corpora\u00e7\u00e3o, a qual serviu por 33 anos, sempre empenhado. Mesmo com idade j\u00e1 avan\u00e7ada nunca recuou diante do trabalho. Posso dizer que era um guarda municipal de excel\u00eancia. Na medida do poss\u00edvel junto \u00e0 fam\u00edlia, j\u00e1 em seus \u00faltimos dias, o ajudamos e estivemos o mais pr\u00f3ximo poss\u00edvel. Essa \u00e9 uma perda irrepar\u00e1vel\u201d, disse o comandante da Guarda Municipal, Ewerton Mendes.<\/p>\n\n\n\n<p>A homenagem foi anunciada pelo prefeito Capit\u00e3o Nelson, durante a cerim\u00f4nia de entrega da Pra\u00e7a do Coluband\u00ea, no dia 30 de junho. Tamb\u00e9m estiveram presentes na homenagem o secret\u00e1rio de Ordem P\u00fablica, tenente coronel M\u00e1rcio Ribeiro, o subsecret\u00e1rio de Ordem P\u00fablica, Anaelson Bonfim, e o comandante da Guarda Municipal, Ewerton Mendes.<\/p>\n\n\n\n<p>\u201cHoje eu sei que ele est\u00e1 muito feliz! Obrigada a todos da Guarda Municipal, que deram apoio, deram tudo ao meu pai. Agrade\u00e7o tamb\u00e9m ao comandante, que \u00e9 meu amigo agora\u201d, disse Roberta dos Santos, filha de Nelson, que esteve acompanhada de sua m\u00e3e e esposa de Nelson, S\u00f4nia Maria de Almeida, durante a homenagem realizada ao servidor na inaugura\u00e7\u00e3o da Pra\u00e7a do Coluband\u00ea.<\/p>\n\n\n\n<p>A nova inspetoria vai funcionar diariamente na nova pra\u00e7a, 24 horas por dia, atendendo \u00e0 regi\u00e3o, trazendo tranquilidade e seguran\u00e7a aos frequentadores da pra\u00e7a, que poder\u00e3o aproveitar os momentos de lazer com a fam\u00edlia. O local tamb\u00e9m ser\u00e1 um ponto de apoio para as equipes da Guarda Municipal que atuam no tr\u00e2nsito, com uma guarni\u00e7\u00e3o de tr\u00e2nsito e dois agentes, ou seja, ao menos duas viaturas em toda a extens\u00e3o da pra\u00e7a.<\/p>\n\n\n\n<p>Todos os dias um efetivo de seis guardas municipais ir\u00e1 atuar na pra\u00e7a, com a utiliza\u00e7\u00e3o de uma viatura da Ronda Ostensiva Municipal (Romu) e outra do grupamento de tr\u00e2nsito.<\/p>\n","protected":false},"excerpt":{"rendered":"<p>Estrutura constru\u00edda na nova Pra\u00e7a do Coluband\u00ea vai ampliar atua\u00e7\u00e3o da corpora\u00e7\u00e3o Quem v\u00ea a nova Pra\u00e7a do Coluband\u00ea, al\u00e9m&hellip;<\/p>\n","protected":false},"author":5,"featured_media":8605,"comment_status":"open","ping_status":"open","sticky":false,"template":"","format":"standard","meta":{"fifu_image_url":"","fifu_image_alt":"","footnotes":""},"categories":[3],"tags":[],"class_list":["post-8603","post","type-post","status-publish","format-standard","has-post-thumbnail","hentry","category-sao-goncalo"],"_links":{"self":[{"href":"https:\/\/sgvaimudar.com.br\/index.php\/wp-json\/wp\/v2\/posts\/8603","targetHints":{"allow":["GET"]}}],"collection":[{"href":"https:\/\/sgvaimudar.com.br\/index.php\/wp-json\/wp\/v2\/posts"}],"about":[{"href":"https:\/\/sgvaimudar.com.br\/index.php\/wp-json\/wp\/v2\/types\/post"}],"author":[{"embeddable":true,"href":"https:\/\/sgvaimudar.com.br\/index.php\/wp-json\/wp\/v2\/users\/5"}],"replies":[{"embeddable":true,"href":"https:\/\/sgvaimudar.com.br\/index.php\/wp-json\/wp\/v2\/comments?post=8603"}],"version-history":[{"count":1,"href":"https:\/\/sgvaimudar.com.br\/index.php\/wp-json\/wp\/v2\/posts\/8603\/revisions"}],"predecessor-version":[{"id":8606,"href":"https:\/\/sgvaimudar.com.br\/index.php\/wp-json\/wp\/v2\/posts\/8603\/revisions\/8606"}],"wp:featuredmedia":[{"embeddable":true,"href":"https:\/\/sgvaimudar.com.br\/index.php\/wp-json\/wp\/v2\/media\/8605"}],"wp:attachment":[{"href":"https:\/\/sgvaimudar.com.br\/index.php\/wp-json\/wp\/v2\/media?parent=8603"}],"wp:term":[{"taxonomy":"category","embeddable":true,"href":"https:\/\/sgvaimudar.com.br\/index.php\/wp-json\/wp\/v2\/categories?post=8603"},{"taxonomy":"post_tag","embeddable":true,"href":"https:\/\/sgvaimudar.com.br\/index.php\/wp-json\/wp\/v2\/tags?post=8603"}],"curies":[{"name":"wp","href":"https:\/\/api.w.org\/{rel}","templated":true}]}}