{"id":8587,"date":"2024-07-06T13:00:00","date_gmt":"2024-07-06T16:00:00","guid":{"rendered":"https:\/\/sgvaimudar.com.br\/?p=8587"},"modified":"2024-07-06T10:34:14","modified_gmt":"2024-07-06T13:34:14","slug":"sao-goncalo-inaugura-terceira-escola-para-educacao-infantil","status":"publish","type":"post","link":"https:\/\/sgvaimudar.com.br\/index.php\/2024\/07\/06\/sao-goncalo-inaugura-terceira-escola-para-educacao-infantil\/","title":{"rendered":"S\u00e3o Gon\u00e7alo inaugura terceira escola para Educa\u00e7\u00e3o Infantil"},"content":{"rendered":"\n<p><em>Outras duas creches est\u00e3o sendo constru\u00eddas pela Prefeitura<\/em><\/p>\n\n\n\n<p>Outra creche totalmente nova foi entregue \u00e0 popula\u00e7\u00e3o pela Prefeitura de S\u00e3o Gon\u00e7alo, nesta sexta-feira (4). A Umei Padre Antonio Revers, no bairro Almerinda, j\u00e1 est\u00e1 funcionando e tem capacidade para receber 100 crian\u00e7as em tempo integral. O evento contou com a presen\u00e7a do prefeito Capit\u00e3o Nelson, do secret\u00e1rio de Educa\u00e7\u00e3o, Maur\u00edcio Nascimento, do vereador Jorge Mariola, do padre Humberto Marins, representando o patrono da escola, e de pais e respons\u00e1veis dos alunos, que j\u00e1 realizaram a matr\u00edcula.<\/p>\n\n\n\n<figure class=\"wp-block-image size-full\"><img fetchpriority=\"high\" decoding=\"async\" width=\"735\" height=\"711\" src=\"https:\/\/sgvaimudar.com.br\/wp-content\/uploads\/2024\/07\/unnamed-10-1.jpg\" alt=\"\" class=\"wp-image-8588\" srcset=\"https:\/\/sgvaimudar.com.br\/wp-content\/uploads\/2024\/07\/unnamed-10-1.jpg 735w, https:\/\/sgvaimudar.com.br\/wp-content\/uploads\/2024\/07\/unnamed-10-1-300x290.jpg 300w\" sizes=\"(max-width: 735px) 100vw, 735px\" \/><\/figure>\n\n\n\n<p>\u201c\u00c9 uma enorme satisfa\u00e7\u00e3o estar entregando mais um equipamento de alta qualidade. N\u00e3o existe nenhuma creche particular, nem em S\u00e3o Gon\u00e7alo e nem nos munic\u00edpios vizinhos, com a qualidade que voc\u00eas est\u00e3o vendo aqui. Sinto muita satisfa\u00e7\u00e3o em ver as crian\u00e7as todas uniformizadas, com kit escolar e toda estrutura para estudar. Sem falar na cozinha, que \u00e9 de primeiro mundo, n\u00e3o tem igual, com despensa e geladeira cheias\u201d, disse o prefeito.<\/p>\n\n\n\n<p>Esta \u00e9 a terceira creche entregue pela Prefeitura nesta gest\u00e3o, que contemplou os bairros de Marambaia, Bom Retiro e Almerinda. Novas constru\u00e7\u00f5es de creches nos bairros Jardim Miriambi e Port\u00e3o do Rosa tamb\u00e9m j\u00e1 foram iniciadas. A Prefeitura est\u00e1 realizando estas constru\u00e7\u00f5es entendendo a necessidade do aumento do n\u00famero de vagas na Educa\u00e7\u00e3o Infantil.<\/p>\n\n\n\n<p>\u201cPreciso agradecer \u00e0 equipe da Secretaria de Educa\u00e7\u00e3o por todo empenho e comprometimento, eles foram incans\u00e1veis para que as duas creches estivessem impec\u00e1veis para a popula\u00e7\u00e3o. Agora, o morador do bairro Almerinda tem uma creche novinha e linda para deixar o seu filho com seguran\u00e7a e seguir para o trabalho\u201d, afirmou o secret\u00e1rio de Educa\u00e7\u00e3o, Maur\u00edcio Nascimento.<\/p>\n\n\n\n<p>O projeto das novas unidades escolares \u00e9 padronizado, contando com oito salas de aula com banheiros adaptados infantis, frald\u00e1rio, cozinha, refeit\u00f3rio, salas para espa\u00e7os alternativos e toda a estrutura para atender aos alunos.<\/p>\n\n\n\n<p>As constru\u00e7\u00f5es cumprem uma das metas do Plano Estrat\u00e9gico Novos Rumos e s\u00e3o fruto de um projeto de capta\u00e7\u00e3o de recursos da Secretaria de Gest\u00e3o Integrada e Projetos Especiais (Semgipe), em parceria com a Secretaria de Educa\u00e7\u00e3o da Prefeitura de S\u00e3o Gon\u00e7alo.<\/p>\n\n\n\n<p><em>Fotos: Renan Otto<\/em><\/p>\n","protected":false},"excerpt":{"rendered":"<p>Outras duas creches est\u00e3o sendo constru\u00eddas pela Prefeitura Outra creche totalmente nova foi entregue \u00e0 popula\u00e7\u00e3o pela Prefeitura de S\u00e3o&hellip;<\/p>\n","protected":false},"author":5,"featured_media":8589,"comment_status":"open","ping_status":"open","sticky":false,"template":"","format":"standard","meta":{"fifu_image_url":"","fifu_image_alt":"","footnotes":""},"categories":[3],"tags":[],"class_list":["post-8587","post","type-post","status-publish","format-standard","has-post-thumbnail","hentry","category-sao-goncalo"],"_links":{"self":[{"href":"https:\/\/sgvaimudar.com.br\/index.php\/wp-json\/wp\/v2\/posts\/8587","targetHints":{"allow":["GET"]}}],"collection":[{"href":"https:\/\/sgvaimudar.com.br\/index.php\/wp-json\/wp\/v2\/posts"}],"about":[{"href":"https:\/\/sgvaimudar.com.br\/index.php\/wp-json\/wp\/v2\/types\/post"}],"author":[{"embeddable":true,"href":"https:\/\/sgvaimudar.com.br\/index.php\/wp-json\/wp\/v2\/users\/5"}],"replies":[{"embeddable":true,"href":"https:\/\/sgvaimudar.com.br\/index.php\/wp-json\/wp\/v2\/comments?post=8587"}],"version-history":[{"count":1,"href":"https:\/\/sgvaimudar.com.br\/index.php\/wp-json\/wp\/v2\/posts\/8587\/revisions"}],"predecessor-version":[{"id":8590,"href":"https:\/\/sgvaimudar.com.br\/index.php\/wp-json\/wp\/v2\/posts\/8587\/revisions\/8590"}],"wp:featuredmedia":[{"embeddable":true,"href":"https:\/\/sgvaimudar.com.br\/index.php\/wp-json\/wp\/v2\/media\/8589"}],"wp:attachment":[{"href":"https:\/\/sgvaimudar.com.br\/index.php\/wp-json\/wp\/v2\/media?parent=8587"}],"wp:term":[{"taxonomy":"category","embeddable":true,"href":"https:\/\/sgvaimudar.com.br\/index.php\/wp-json\/wp\/v2\/categories?post=8587"},{"taxonomy":"post_tag","embeddable":true,"href":"https:\/\/sgvaimudar.com.br\/index.php\/wp-json\/wp\/v2\/tags?post=8587"}],"curies":[{"name":"wp","href":"https:\/\/api.w.org\/{rel}","templated":true}]}}