{"id":8583,"date":"2024-07-06T11:00:00","date_gmt":"2024-07-06T14:00:00","guid":{"rendered":"https:\/\/sgvaimudar.com.br\/?p=8583"},"modified":"2024-07-06T10:26:31","modified_gmt":"2024-07-06T13:26:31","slug":"ira-elege-masud-pezeshkian-como-seu-presidente","status":"publish","type":"post","link":"https:\/\/sgvaimudar.com.br\/index.php\/2024\/07\/06\/ira-elege-masud-pezeshkian-como-seu-presidente\/","title":{"rendered":"Ir\u00e3 elege Masud Pezeshkian como seu  presidente"},"content":{"rendered":"\n<p><em>Reformista assume vaga deixada por Ebrahim Raisi, morto em um acidente de helic\u00f3ptero em 19 de maio<\/em><\/p>\n\n\n\n<p>O reformista Masud Pezeshkian, que defende a melhoria das rela\u00e7\u00f5es com o Ocidente, venceu o segundo turno das elei\u00e7\u00f5es presidenciais no Ir\u00e3 neste s\u00e1bado (6), contra o ultraconservador Said Jalili.<\/p>\n\n\n\n<p>Pezeshkian obteve mais de 16 milh\u00f5es de votos, cerca de 54%, enquanto seu advers\u00e1rio Jalili somou mais de 13 milh\u00f5es, em torno de 44% dos mais de 30 milh\u00f5es de votos apurados, informou o porta-voz da autoridade eleitoral, Mohsen Eslami, acrescentando que a participa\u00e7\u00e3o eleitoral foi de 49,8%.<\/p>\n\n\n\n<p>O primeiro turno, em 28 de junho, havia registrado a ades\u00e3o de 39,92% da popula\u00e7\u00e3o, o n\u00edvel mais baixo nos 45 anos da Rep\u00fablica Isl\u00e2mica.<\/p>\n\n\n\n<p>&#8220;O caminho que temos \u00e0 frente \u00e9 dif\u00edcil. S\u00f3 ser\u00e1 f\u00e1cil com a sua coopera\u00e7\u00e3o, empatia e confian\u00e7a. Estendo a minha m\u00e3o a voc\u00eas&#8221;, declarou Pezeshkian, de 69 anos, na rede social X, ap\u00f3s a vit\u00f3ria.\u00a0Cerca de 61 milh\u00f5es de eleitores foram chamados \u00e0s urnas para o segundo turno.<\/p>\n\n\n\n<p>As elei\u00e7\u00f5es, antecipadas ap\u00f3s a morte do presidente ultraconservador Ebrahim Raisi\u00a0em um acidente de helic\u00f3ptero em 19 de maio, ocorreram em meio a um contexto de descontentamento da popula\u00e7\u00e3o com a situa\u00e7\u00e3o da economia, muito afetada pelas san\u00e7\u00f5es ocidentais.<\/p>\n\n\n\n<p>Imagens divulgadas pela imprensa local mostraram apoiadores do reformista comemorando nas ruas da capital Teer\u00e3 e de Tabriz, no noroeste, antes mesmo do an\u00fancio oficial dos resultados.<\/p>\n\n\n\n<p>Pezeshkian, m\u00e9dico de origem azeri, foi o \u00fanico reformista autorizado a concorrer \u00e0s elei\u00e7\u00f5es e obteve 42,4% no primeiro turno, \u00e0 frente dos 38,6% de Jalili.<\/p>\n\n\n\n<p>O novo presidene contou com o apoio de v\u00e1rios ex-mandat\u00e1rios, como o reformista Mohammad Jatami e o moderado Hasan Rohani. Ele afirma sua lealdade \u00e0 Rep\u00fablica Isl\u00e2mica, mas defende uma aproxima\u00e7\u00e3o entre o Ir\u00e3 e os pa\u00edses ocidentais, com os Estados Unidos \u00e0 frente, para acabar com as san\u00e7\u00f5es que afetam a economia.<\/p>\n\n\n\n<p>Jalili, seu advers\u00e1rio de 58 anos, defendia uma pol\u00edtica inflex\u00edvel frente aos pa\u00edses ocidentais, uma posi\u00e7\u00e3o que demonstrou quando foi negociador do programa nuclear iraniano.<\/p>\n\n\n\n<p><em>Fonte: O Dia<\/em><\/p>\n","protected":false},"excerpt":{"rendered":"<p>Reformista assume vaga deixada por Ebrahim Raisi, morto em um acidente de helic\u00f3ptero em 19 de maio O reformista Masud&hellip;<\/p>\n","protected":false},"author":5,"featured_media":8584,"comment_status":"open","ping_status":"open","sticky":false,"template":"","format":"standard","meta":{"fifu_image_url":"","fifu_image_alt":"","footnotes":""},"categories":[1],"tags":[],"class_list":["post-8583","post","type-post","status-publish","format-standard","has-post-thumbnail","hentry","category-mundo"],"_links":{"self":[{"href":"https:\/\/sgvaimudar.com.br\/index.php\/wp-json\/wp\/v2\/posts\/8583","targetHints":{"allow":["GET"]}}],"collection":[{"href":"https:\/\/sgvaimudar.com.br\/index.php\/wp-json\/wp\/v2\/posts"}],"about":[{"href":"https:\/\/sgvaimudar.com.br\/index.php\/wp-json\/wp\/v2\/types\/post"}],"author":[{"embeddable":true,"href":"https:\/\/sgvaimudar.com.br\/index.php\/wp-json\/wp\/v2\/users\/5"}],"replies":[{"embeddable":true,"href":"https:\/\/sgvaimudar.com.br\/index.php\/wp-json\/wp\/v2\/comments?post=8583"}],"version-history":[{"count":1,"href":"https:\/\/sgvaimudar.com.br\/index.php\/wp-json\/wp\/v2\/posts\/8583\/revisions"}],"predecessor-version":[{"id":8585,"href":"https:\/\/sgvaimudar.com.br\/index.php\/wp-json\/wp\/v2\/posts\/8583\/revisions\/8585"}],"wp:featuredmedia":[{"embeddable":true,"href":"https:\/\/sgvaimudar.com.br\/index.php\/wp-json\/wp\/v2\/media\/8584"}],"wp:attachment":[{"href":"https:\/\/sgvaimudar.com.br\/index.php\/wp-json\/wp\/v2\/media?parent=8583"}],"wp:term":[{"taxonomy":"category","embeddable":true,"href":"https:\/\/sgvaimudar.com.br\/index.php\/wp-json\/wp\/v2\/categories?post=8583"},{"taxonomy":"post_tag","embeddable":true,"href":"https:\/\/sgvaimudar.com.br\/index.php\/wp-json\/wp\/v2\/tags?post=8583"}],"curies":[{"name":"wp","href":"https:\/\/api.w.org\/{rel}","templated":true}]}}