{"id":8552,"date":"2024-07-05T18:00:00","date_gmt":"2024-07-05T21:00:00","guid":{"rendered":"https:\/\/sgvaimudar.com.br\/?p=8552"},"modified":"2024-07-05T12:07:47","modified_gmt":"2024-07-05T15:07:47","slug":"prefeitura-inicia-revitalizacao-da-orla-da-praia-das-pedrinhas","status":"publish","type":"post","link":"https:\/\/sgvaimudar.com.br\/index.php\/2024\/07\/05\/prefeitura-inicia-revitalizacao-da-orla-da-praia-das-pedrinhas\/","title":{"rendered":"Prefeitura inicia revitaliza\u00e7\u00e3o da orla da Praia das Pedrinhas"},"content":{"rendered":"\n<p><em>Equipes j\u00e1 conclu\u00edram servi\u00e7os de topografia e sondagem no local<\/em><\/p>\n\n\n\n<p>As obras de revitaliza\u00e7\u00e3o da orla da Praia das Pedrinhas, em S\u00e3o Gon\u00e7alo, j\u00e1 s\u00e3o uma realidade. O prefeito Capit\u00e3o Nelson esteve no local nesta quinta-feira (4), dando in\u00edcio \u00e0s obras, que ir\u00e3o atender \u00e0s necessidades tanto dos moradores, pescadores e comerciantes, como dos turistas, proporcionando uma renova\u00e7\u00e3o do conv\u00edvio da popula\u00e7\u00e3o em rela\u00e7\u00e3o \u00e0 orla. A reforma e revitaliza\u00e7\u00e3o da orla da Praia das Pedrinhas pretende transformar urbanisticamente um dos cart\u00f5es postais da cidade.<\/p>\n\n\n\n<figure class=\"wp-block-image size-full\"><img fetchpriority=\"high\" decoding=\"async\" width=\"1024\" height=\"683\" src=\"https:\/\/sgvaimudar.com.br\/wp-content\/uploads\/2024\/07\/unnamed-3-2.jpg\" alt=\"\" class=\"wp-image-8553\" srcset=\"https:\/\/sgvaimudar.com.br\/wp-content\/uploads\/2024\/07\/unnamed-3-2.jpg 1024w, https:\/\/sgvaimudar.com.br\/wp-content\/uploads\/2024\/07\/unnamed-3-2-300x200.jpg 300w, https:\/\/sgvaimudar.com.br\/wp-content\/uploads\/2024\/07\/unnamed-3-2-768x512.jpg 768w\" sizes=\"(max-width: 1024px) 100vw, 1024px\" \/><\/figure>\n\n\n\n<p>Com um investimento de quase R$ 5 milh\u00f5es e um prazo de conclus\u00e3o de 12 meses, as obras de infraestrutura incluem drenagem pluvial, esgotamento sanit\u00e1rio, abastecimento de \u00e1gua, repavimenta\u00e7\u00e3o, meio-fios, cal\u00e7adas acess\u00edveis, paisagismo e mobili\u00e1rio urbano, al\u00e9m da reorganiza\u00e7\u00e3o do cal\u00e7ad\u00e3o na frente da parte gastron\u00f4mica da orla (do lado direito).<\/p>\n\n\n\n<p>As obras de infraestrutura englobam a extens\u00e3o da rua da orla inteira. J\u00e1 a requalifica\u00e7\u00e3o do cal\u00e7ad\u00e3o ser\u00e1 focada na parte na frente dos restaurantes, que ter\u00e1 ainda um muro de conten\u00e7\u00e3o, com um tanque de areia elevado, com decks pergolados, e uma arquibancada com enroncamento de pedra para ter uma \u00e1rea de estar e contempla\u00e7\u00e3o para a ba\u00eda, onde as pessoas poder\u00e3o sentar e usufruir da parte tur\u00edstica da obra.<\/p>\n\n\n\n<p>Os trabalhos de topografia e sondagem j\u00e1 foram conclu\u00eddos no local e a obra est\u00e1 para come\u00e7ar com a drenagem.<\/p>\n\n\n\n<p>O prefeito Capit\u00e3o Nelson esteve no local e falou sobre a import\u00e2ncia do projeto para o munic\u00edpio.<\/p>\n\n\n\n<p>&#8220;Estamos aqui na Praia das Pedrinhas, um local muito frequentado pelos gon\u00e7alenses, onde estamos iniciando as obras de revitaliza\u00e7\u00e3o. Quero agradecer aos deputados federais Carlos Jordy e Altineu Cortes, porque \u00e9 atrav\u00e9s das emendas parlamentares colocadas por eles no munic\u00edpio que realizamos essa obra. Agrade\u00e7o tamb\u00e9m ao secret\u00e1rio de Estado das Cidades, Douglas Ruas, que na \u00e9poca era secret\u00e1rio da Semgipe, onde o projeto foi elaborado. No momento, haver\u00e1 um pequeno transtorno por causa das obras, mas ser\u00e1 para melhorar a Praia das Pedrinhas&#8221;, disse.<\/p>\n\n\n\n<p>A capta\u00e7\u00e3o de recursos para a realiza\u00e7\u00e3o da obra foi feito pela Secretaria de Gest\u00e3o Integrada e Projetos Especiais (Semgipe) da Prefeitura de S\u00e3o Gon\u00e7alo, junto ao Governo Federal, por meio dos Minist\u00e9rios das Cidades e do Minist\u00e9rio do Turismo, obtido atrav\u00e9s de emendas parlamentares. A Secretaria de Desenvolvimento Urbano ser\u00e1 a respons\u00e1vel pela fiscaliza\u00e7\u00e3o da obra junto a empresa que, atrav\u00e9s de uma licita\u00e7\u00e3o, ficou respons\u00e1vel pelas interven\u00e7\u00f5es.<\/p>\n\n\n\n<p>\u201cO que se busca \u00e9 resgatar o valor cultural dos espa\u00e7os, evidenciando os patrim\u00f4nios hist\u00f3ricos e ambientais nessa regi\u00e3o t\u00e3o descuidada, contribuindo para uma revitaliza\u00e7\u00e3o que garanta a preserva\u00e7\u00e3o tanto urban\u00edstica como ambiental da localidade. Este projeto surge como uma resposta \u00e0s necessidades de requalifica\u00e7\u00e3o e melhoria dos espa\u00e7os p\u00fablicos da cidade, alinhando-se com o Eixo Cidade Bem Cuidada e Organizada do Plano Estrat\u00e9gico Novos Rumos\u201d, explicou a secret\u00e1ria de Gest\u00e3o Integrada e Projetos Especiais, Rafaela Santana.<\/p>\n\n\n\n<p>O projeto de reforma e revitaliza\u00e7\u00e3o da orla da Praia das Pedrinhas, um dos principais cart\u00f5es postais de S\u00e3o Gon\u00e7alo, recebeu men\u00e7\u00e3o honrosa do Pr\u00eamio ABAP Roberto Burle Marx, na Modalidade Projeto, Categoria Espa\u00e7o P\u00fablico e Preserva\u00e7\u00e3o Hist\u00f3rico-Cultural. O resultado foi anunciado durante o 7\u00b0 Congresso Internacional de Arquitetura da Paisagem, que aconteceu em Curitiba em maio deste ano. No final de 2022, o projeto j\u00e1 havia sido agraciado na 60\u00aa Premia\u00e7\u00e3o Anual do Instituto de Arquitetos do Brasil, na categoria Urbanismo, Planejamento e Cidades.<\/p>\n\n\n\n<p>Na justificativa da premia\u00e7\u00e3o, destacou-se que o projeto &#8220;visa a valoriza\u00e7\u00e3o da paisagem litor\u00e2nea, ent\u00e3o atingida pelas obras de urbaniza\u00e7\u00e3o pontuais, com a regenera\u00e7\u00e3o do ecossistema de manguezal onde fica a Col\u00f4nia de Pescadores, aumento da cobertura arb\u00f3rea e cria\u00e7\u00e3o de p\u00f3lo gastron\u00f4mico\u201d.<\/p>\n\n\n\n<p>Para o pescador Carlos Luiz Esp\u00edndola da Veiga, de 62 anos, a mudan\u00e7a sempre foi um sonho, mas nada nunca foi feito.<\/p>\n\n\n\n<p>&#8220;Essa obra vai melhorar mais ainda para todos n\u00f3s que moramos e pescamos aqui. N\u00e3o temos saneamento b\u00e1sico hoje e o esgoto \u00e9 direcionado para a Ba\u00eda por n\u00e3o termos isso, a\u00ed fica o mau cheiro aqui. Al\u00e9m disso, acredito que vai melhorar o bairro tamb\u00e9m na quest\u00e3o do turismo e da gastronomia. Muitos pol\u00edticos fizeram promessas para melhorar aqui h\u00e1 anos e nada foi feito. Agora, estou acreditando. Sou pescador desde que nasci, meu pai e minha m\u00e3e j\u00e1 pescavam e estou acreditando nessa mudan\u00e7a. Agora, a revitaliza\u00e7\u00e3o vai acontecer. S\u00f3 o Capit\u00e3o Nelson para transformar aqui, como foi feito com a pra\u00e7a que fizeram aqui no nosso bairro, apenas no governo dele&#8221;, disse ele que tamb\u00e9m \u00e9 presidente da Associa\u00e7\u00e3o de Pescadores da Praia das Pedrinhas &#8211; A Pesca Pedrinhas.<\/p>\n\n\n\n<p>Ressalta-se que a orla das Pedrinhas est\u00e1 \u00e0s margens da Ba\u00eda de Guanabara, bem natural do Estado do Rio de Janeiro, e como tal o projeto busca trazer um protagonismo para o corpo d\u2019agua, com diretrizes que conduzem para um reequil\u00edbrio ecol\u00f3gico da paisagem, com elementos que promover\u00e3o tamb\u00e9m o acesso e a visibilidade das \u00e1guas urbanas e ecossistemas litor\u00e2neos, ao mesmo tempo em que servir\u00e3o de infraestrutura suporte para as atividades sociais e culturais existentes.<\/p>\n\n\n\n<p>Hoje, a Praia das Pedrinhas, al\u00e9m das atividades pesqueiras, \u00e9 um importante polo gastron\u00f4mico, motivo de atra\u00e7\u00e3o de turistas e popula\u00e7\u00e3o local, que desfrutam de horas de lazer. Por essa raz\u00e3o, a reforma e revitaliza\u00e7\u00e3o da orla a transformar\u00e1 em um belo e convidativo ponto tur\u00edstico, ampliando assim o seu alcance de interesse n\u00e3o s\u00f3 para os gon\u00e7alenses como para todos os turistas das cidades vizinhas.<\/p>\n\n\n\n<p><em>Fotos: Julio Diniz<\/em><\/p>\n","protected":false},"excerpt":{"rendered":"<p>Equipes j\u00e1 conclu\u00edram servi\u00e7os de topografia e sondagem no local As obras de revitaliza\u00e7\u00e3o da orla da Praia das Pedrinhas,&hellip;<\/p>\n","protected":false},"author":5,"featured_media":8554,"comment_status":"open","ping_status":"open","sticky":false,"template":"","format":"standard","meta":{"fifu_image_url":"","fifu_image_alt":"","footnotes":""},"categories":[3],"tags":[],"class_list":["post-8552","post","type-post","status-publish","format-standard","has-post-thumbnail","hentry","category-sao-goncalo"],"_links":{"self":[{"href":"https:\/\/sgvaimudar.com.br\/index.php\/wp-json\/wp\/v2\/posts\/8552","targetHints":{"allow":["GET"]}}],"collection":[{"href":"https:\/\/sgvaimudar.com.br\/index.php\/wp-json\/wp\/v2\/posts"}],"about":[{"href":"https:\/\/sgvaimudar.com.br\/index.php\/wp-json\/wp\/v2\/types\/post"}],"author":[{"embeddable":true,"href":"https:\/\/sgvaimudar.com.br\/index.php\/wp-json\/wp\/v2\/users\/5"}],"replies":[{"embeddable":true,"href":"https:\/\/sgvaimudar.com.br\/index.php\/wp-json\/wp\/v2\/comments?post=8552"}],"version-history":[{"count":1,"href":"https:\/\/sgvaimudar.com.br\/index.php\/wp-json\/wp\/v2\/posts\/8552\/revisions"}],"predecessor-version":[{"id":8555,"href":"https:\/\/sgvaimudar.com.br\/index.php\/wp-json\/wp\/v2\/posts\/8552\/revisions\/8555"}],"wp:featuredmedia":[{"embeddable":true,"href":"https:\/\/sgvaimudar.com.br\/index.php\/wp-json\/wp\/v2\/media\/8554"}],"wp:attachment":[{"href":"https:\/\/sgvaimudar.com.br\/index.php\/wp-json\/wp\/v2\/media?parent=8552"}],"wp:term":[{"taxonomy":"category","embeddable":true,"href":"https:\/\/sgvaimudar.com.br\/index.php\/wp-json\/wp\/v2\/categories?post=8552"},{"taxonomy":"post_tag","embeddable":true,"href":"https:\/\/sgvaimudar.com.br\/index.php\/wp-json\/wp\/v2\/tags?post=8552"}],"curies":[{"name":"wp","href":"https:\/\/api.w.org\/{rel}","templated":true}]}}